{"id":20849,"date":"2023-02-06T15:54:41","date_gmt":"2023-02-06T18:54:41","guid":{"rendered":"https:\/\/123empregos.com.br\/?p=20849"},"modified":"2025-04-23T15:38:21","modified_gmt":"2025-04-23T18:38:21","slug":"secretaria-de-trabalho-e-renda-vagas-de-emprego","status":"publish","type":"post","link":"https:\/\/99empregos.com.br\/blog\/secretaria-de-trabalho-e-renda-vagas-de-emprego\/","title":{"rendered":"Secretaria de Trabalho e Renda abre 516 vagas de emprego com sal\u00e1rio de at\u00e9 R$ 3.539,20"},"content":{"rendered":"<p>A Prefeitura do Rio, por meio da Secretaria de Trabalho e Renda (SMTE), divulga, nesta segunda-feira (6\/2), as oportunidades de trabalho dispon\u00edveis no munic\u00edpio e Regi\u00e3o Metropolitana.<\/p>\n<p>S\u00e3o 516 postos abertos para todos os n\u00edveis de escolaridade. Do total, 212 vagas s\u00e3o destinadas aos trabalhadores com defici\u00eancia (PCDs). A faixa salarial \u00e9 de R$ 1.302,00 a R$ 3.539,20.<\/p>\n<p><strong>Veja tamb\u00e9m:\u00a0<a href=\"https:\/\/99empregos.com.br\/mrv-comeca-o-mes-com-diversas-novas-vagas-pelo-brasil\/\" target=\"_blank\" rel=\"noopener\">MRV come\u00e7a o m\u00eas com diversas novas vagas pelo Brasil<\/a><\/strong><\/p>\n<h2>Inscri\u00e7\u00f5es<\/h2>\n<p>Para as demais vagas, os candidatos devem, preferencialmente, preencher o\u00a0<strong><a role=\"link\" href=\"https:\/\/docs.google.com\/forms\/d\/e\/1FAIpQLSe1wh16NX9vRXu86imktTOv-_6N2dh93aeW_bnQbMs0QcXSYg\/closedform\" target=\"_blank\" rel=\"noopener\">formul\u00e1rio online<\/a><\/strong>\u00a0ou enviar o curr\u00edculo para o e-mail trabalho.smte@gmail.com.<\/p>\n<p>Tamb\u00e9m podem comparecer a um dos sete Centros Municipais de Emprego, das 8 \u00e0s 16h, que ficam em Campo Grande (Rua Coxilha, s\/n), Engenho Novo (Rua Vinte Quatro de Maio, 921), Ilha do Governador (Estrada do Dend\u00ea, 2.080), Santa Cruz (Rua Lopes de Moura, 58), Tijuca (Rua Camaragibe, 25), Centro (Av. Presidente Vargas, 1.997, CIAD- exclusivo para pessoas com defici\u00eancia) e Jacarepagu\u00e1 (Av. Gerem\u00e1rio Dantas, 1.400 \u2013 salas 172 e 173), \u00fanico que tem hor\u00e1rio diferenciado, das 9 \u00e0s 17h.<\/p>\n<p><strong>Veja tamb\u00e9m:\u00a0<a href=\"https:\/\/99empregos.com.br\/sapore-comeca-o-mes-com-novas-vagas-em-diversas-cidades\/\" target=\"_blank\" rel=\"noopener\">Sapore come\u00e7a o m\u00eas com NOVAS VAGAS em diversas cidades<\/a><\/strong><\/p>\n<p>Para as oportunidades destinadas aos trabalhadores com defici\u00eancia, \u00e9 preciso enviar o curr\u00edculo para o e-mail vagaspcd.smte@gmail.com.<\/p>\n<p>A Secretaria Municipal de Trabalho e Renda est\u00e1 aberta para fazer novas parcerias e ajudar as empresas a ocuparem suas vagas. O \u00f3rg\u00e3o conta com um banco de talentos com 400 mil curr\u00edculos. As empresas interessadas podem realizar o\u00a0<strong><a role=\"link\" href=\"https:\/\/docs.google.com\/forms\/d\/e\/1FAIpQLSdYi0bFbKq3NIlaPsB05_2jh70PZFx3i63wr1MrC-q5Ts4UxA\/viewform\" target=\"_blank\" rel=\"noopener\">cadastro neste link<\/a><\/strong>.<\/p>\n","protected":false},"excerpt":{"rendered":"<p>A Prefeitura do Rio, por meio da Secretaria de Trabalho e Renda (SMTE), divulga, nesta segunda-feira (6\/2), as oportunidades de trabalho dispon\u00edveis no munic\u00edpio e Regi\u00e3o Metropolitana. S\u00e3o 516 postos abertos para todos os n\u00edveis de escolaridade. Do total, 212 vagas s\u00e3o destinadas aos trabalhadores com defici\u00eancia (PCDs). A faixa salarial \u00e9 de R$ 1.302,00 [&hellip;]<\/p>\n","protected":false},"author":4,"featured_media":11434,"comment_status":"open","ping_status":"closed","sticky":false,"template":"","format":"standard","meta":{"footnotes":""},"categories":[15],"tags":[152,16,151,161],"class_list":["post-20849","post","type-post","status-publish","format-standard","has-post-thumbnail","hentry","category-vagas","tag-emprego-rj","tag-vagas-de-emprego","tag-vagas-rio-de-janeiro","tag-vagas-rj"],"_links":{"self":[{"href":"https:\/\/99empregos.com.br\/blog\/wp-json\/wp\/v2\/posts\/20849","targetHints":{"allow":["GET"]}}],"collection":[{"href":"https:\/\/99empregos.com.br\/blog\/wp-json\/wp\/v2\/posts"}],"about":[{"href":"https:\/\/99empregos.com.br\/blog\/wp-json\/wp\/v2\/types\/post"}],"author":[{"embeddable":true,"href":"https:\/\/99empregos.com.br\/blog\/wp-json\/wp\/v2\/users\/4"}],"replies":[{"embeddable":true,"href":"https:\/\/99empregos.com.br\/blog\/wp-json\/wp\/v2\/comments?post=20849"}],"version-history":[{"count":0,"href":"https:\/\/99empregos.com.br\/blog\/wp-json\/wp\/v2\/posts\/20849\/revisions"}],"wp:featuredmedia":[{"embeddable":true,"href":"https:\/\/99empregos.com.br\/blog\/wp-json\/wp\/v2\/media\/11434"}],"wp:attachment":[{"href":"https:\/\/99empregos.com.br\/blog\/wp-json\/wp\/v2\/media?parent=20849"}],"wp:term":[{"taxonomy":"category","embeddable":true,"href":"https:\/\/99empregos.com.br\/blog\/wp-json\/wp\/v2\/categories?post=20849"},{"taxonomy":"post_tag","embeddable":true,"href":"https:\/\/99empregos.com.br\/blog\/wp-json\/wp\/v2\/tags?post=20849"}],"curies":[{"name":"wp","href":"https:\/\/api.w.org\/{rel}","templated":true}]}}