{"id":2211,"date":"2022-10-24T00:04:38","date_gmt":"2022-10-24T03:04:38","guid":{"rendered":"https:\/\/123empregos.com.br\/?p=2211"},"modified":"2022-10-24T00:04:38","modified_gmt":"2022-10-24T03:04:38","slug":"airbnb-abre-nova-vaga-de-country-manager-no-brasil","status":"publish","type":"post","link":"https:\/\/99empregos.com.br\/blog\/airbnb-abre-nova-vaga-de-country-manager-no-brasil\/","title":{"rendered":"AirBNB abre nova vaga de Country Manager no Brasil"},"content":{"rendered":"<p><span style=\"font-weight: 400\">O AirBNB \u00e9 uma empresa de aluguel de espa\u00e7os e est\u00e1 sempre se dedicando a ajudar a criar um mundo onde qualquer pessoa possa pertencer a qualquer lugar.<\/span><\/p>\n<p><span style=\"font-weight: 400\">Neste m\u00eas a companhia decidiu abrir uma nova oportunidade para os brasileiros e anunciou a nova vaga de Country Manager.<\/span><\/p>\n<h2><span style=\"font-weight: 400\">Sobre a vaga<\/span><\/h2>\n<p><span style=\"font-weight: 400\">A empresa est\u00e1 \u00e0 procura de um indiv\u00edduo atencioso, com uma vis\u00e3o do futuro, empreendedor e de alto astral, para poder se juntar \u00e0 equipe.<\/span><\/p>\n<p><span style=\"font-weight: 400\">Nessa fun\u00e7\u00e3o, o contratado ser\u00e1 a principal voz e embaixador dos neg\u00f3cios no Brasil e tamb\u00e9m na Am\u00e9rica do Sul.<\/span><\/p>\n<p><span style=\"font-weight: 400\">A pessoa escolhida dever\u00e1 gerenciar um time din\u00e2mico para conquistar os principais mercados e estabelecer uma forte presen\u00e7a do AirBNB em novos mercados.<\/span><\/p>\n<h2><span style=\"font-weight: 400\">Responsabilidades<\/span><\/h2>\n<ul>\n<li style=\"font-weight: 400\"><span style=\"font-weight: 400\">Supervisionar todos os aspectos das opera\u00e7\u00f5es comerciais e estrat\u00e9gia comercial do territ\u00f3rio, incluindo o relacionamento externo do AirBNB com as autoridades locais em parceria com a pol\u00edtica;<\/span><\/li>\n<li style=\"font-weight: 400\"><span style=\"font-weight: 400\">Concentra-se em elementos de diferencia\u00e7\u00e3o, receita e custo, antecipando pontos de inflex\u00e3o antes que eles aconte\u00e7am e identificando e criando estrat\u00e9gias e\/ou processos para resolv\u00ea-los que podem ent\u00e3o ser dimensionados globalmente;<\/span><\/li>\n<li style=\"font-weight: 400\"><span style=\"font-weight: 400\">Planeja e possui uma estrat\u00e9gia de fornecimento de entrada no mercado vencedora;<\/span><\/li>\n<li style=\"font-weight: 400\"><span style=\"font-weight: 400\">Alavanca os especialistas funcionais para impulsionar o sucesso dos neg\u00f3cios para o pa\u00eds;<\/span><\/li>\n<li style=\"font-weight: 400\"><span style=\"font-weight: 400\">Diagnosticar drivers de desempenho superior e inferior; problemas e oportunidades de superf\u00edcie para as partes interessadas e tomadores de decis\u00e3o relevantes para o AirBNB, conforme apropriado;<\/span><\/li>\n<li style=\"font-weight: 400\"><span style=\"font-weight: 400\">Tem um impacto claro nas metas e nos objetivos do AirBNB al\u00e9m do pa\u00eds ou da regi\u00e3o espec\u00edfica;<\/span><\/li>\n<li style=\"font-weight: 400\"><span style=\"font-weight: 400\">Lidera por exemplos e inspira uma equipe a adotar mudan\u00e7as em um ambiente de neg\u00f3cios em constante evolu\u00e7\u00e3o que se alinha com a vis\u00e3o declarada;<\/span><\/li>\n<li style=\"font-weight: 400\"><span style=\"font-weight: 400\">Define metas ambiciosas para gerar os resultados desejados e responsabiliza a equipe, removendo obst\u00e1culos e fornecendo estrat\u00e9gia e orienta\u00e7\u00e3o para garantir resultados consistentes e bem-sucedidos;<\/span><\/li>\n<li style=\"font-weight: 400\"><span style=\"font-weight: 400\">Fornece informa\u00e7\u00f5es claras e concisas (incluindo prioriza\u00e7\u00e3o) para equipes funcionais com base em condi\u00e7\u00f5es e estrat\u00e9gias espec\u00edficas de mercado.<\/span><\/li>\n<\/ul>\n<h2><span style=\"font-weight: 400\">Qualifica\u00e7\u00f5es<\/span><\/h2>\n<ul>\n<li style=\"font-weight: 400\"><span style=\"font-weight: 400\">Mais de 15 anos de experi\u00eancia profissional, dos quais 5+ sejam gerenciando equipes multifuncionais em empresas din\u00e2micas de crescimento internacional;<\/span><\/li>\n<li style=\"font-weight: 400\"><span style=\"font-weight: 400\">Experi\u00eancia em modelos de neg\u00f3cios B2B e B2C, forte experi\u00eancia operacional \u00e9 obrigat\u00f3ria;<\/span><\/li>\n<li style=\"font-weight: 400\"><span style=\"font-weight: 400\">Hist\u00f3rico comprovado de ter trabalhado em uma organiza\u00e7\u00e3o internacional em r\u00e1pido crescimento;<\/span><\/li>\n<li style=\"font-weight: 400\"><span style=\"font-weight: 400\">Capacidade de liderar atrav\u00e9s da influ\u00eancia em um ambiente internacional multifuncional;<\/span><\/li>\n<li style=\"font-weight: 400\"><span style=\"font-weight: 400\">Ingl\u00eas fluente;<\/span><\/li>\n<li style=\"font-weight: 400\"><span style=\"font-weight: 400\">Habilidades interpessoais e anal\u00edticas muito fortes;<\/span><\/li>\n<li style=\"font-weight: 400\"><span style=\"font-weight: 400\">Uma atitude inegavelmente positiva, extrema dedica\u00e7\u00e3o e capacidade de atuar como modelo para o AirBNB e os seus valores.<\/span><\/li>\n<\/ul>\n","protected":false},"excerpt":{"rendered":"<p>O AirBNB \u00e9 uma empresa de aluguel de espa\u00e7os e est\u00e1 sempre se dedicando a ajudar a criar um mundo onde qualquer pessoa possa pertencer a qualquer lugar. Neste m\u00eas a companhia decidiu abrir uma nova oportunidade para os brasileiros e anunciou a nova vaga de Country Manager. Sobre a vaga A empresa est\u00e1 \u00e0 [&hellip;]<\/p>\n","protected":false},"author":5,"featured_media":2212,"comment_status":"open","ping_status":"closed","sticky":false,"template":"","format":"standard","meta":{"footnotes":""},"categories":[7],"tags":[386],"class_list":["post-2211","post","type-post","status-publish","format-standard","has-post-thumbnail","hentry","category-noticias","tag-airbnb-vagas"],"_links":{"self":[{"href":"https:\/\/99empregos.com.br\/blog\/wp-json\/wp\/v2\/posts\/2211","targetHints":{"allow":["GET"]}}],"collection":[{"href":"https:\/\/99empregos.com.br\/blog\/wp-json\/wp\/v2\/posts"}],"about":[{"href":"https:\/\/99empregos.com.br\/blog\/wp-json\/wp\/v2\/types\/post"}],"author":[{"embeddable":true,"href":"https:\/\/99empregos.com.br\/blog\/wp-json\/wp\/v2\/users\/5"}],"replies":[{"embeddable":true,"href":"https:\/\/99empregos.com.br\/blog\/wp-json\/wp\/v2\/comments?post=2211"}],"version-history":[{"count":0,"href":"https:\/\/99empregos.com.br\/blog\/wp-json\/wp\/v2\/posts\/2211\/revisions"}],"wp:featuredmedia":[{"embeddable":true,"href":"https:\/\/99empregos.com.br\/blog\/wp-json\/wp\/v2\/media\/2212"}],"wp:attachment":[{"href":"https:\/\/99empregos.com.br\/blog\/wp-json\/wp\/v2\/media?parent=2211"}],"wp:term":[{"taxonomy":"category","embeddable":true,"href":"https:\/\/99empregos.com.br\/blog\/wp-json\/wp\/v2\/categories?post=2211"},{"taxonomy":"post_tag","embeddable":true,"href":"https:\/\/99empregos.com.br\/blog\/wp-json\/wp\/v2\/tags?post=2211"}],"curies":[{"name":"wp","href":"https:\/\/api.w.org\/{rel}","templated":true}]}}