{"id":2222,"date":"2022-10-24T00:17:38","date_gmt":"2022-10-24T03:17:38","guid":{"rendered":"https:\/\/123empregos.com.br\/?p=2222"},"modified":"2022-10-24T00:17:38","modified_gmt":"2022-10-24T03:17:38","slug":"volkswagen-anuncia-nova-vaga-de-arquiteto-de-seguranca-da-informacao-cloud-no-brasil","status":"publish","type":"post","link":"https:\/\/99empregos.com.br\/blog\/volkswagen-anuncia-nova-vaga-de-arquiteto-de-seguranca-da-informacao-cloud-no-brasil\/","title":{"rendered":"Volkswagen anuncia nova vaga de Arquiteto de Seguran\u00e7a da Informa\u00e7\u00e3o Cloud no Brasil"},"content":{"rendered":"<p><span style=\"font-weight: 400\">A Volkswagen \u00e9 uma fabricante de autom\u00f3veis alem\u00e3 que pertence ao grupo Volkswagen, sendo a maior do mundo neste ramo.<\/span><\/p>\n<p><span style=\"font-weight: 400\">Foi fundada em 1937 e, desde ent\u00e3o, vem criando in\u00fameros lan\u00e7amentos incr\u00edveis que se tornaram conhecidos no mundo inteiro.<\/span><\/p>\n<p><span style=\"font-weight: 400\">O grupo respons\u00e1vel pela marca tamb\u00e9m \u00e9 dona de outras gigantes do mercado, como: Audi, Bugatti, Lamborghini, Scania e a Volkswagen Caminh\u00f5es e \u00d4nibus.<\/span><\/p>\n<p><span style=\"font-weight: 400\">A empresa expandiu rapidamente e j\u00e1 conta com milhares de funcion\u00e1rios espalhados por todo o mundo, respons\u00e1veis por manter os padr\u00f5es da marca para que ela possa continuar a inspirar o mundo automobil\u00edstico.<\/span><\/p>\n<p><span style=\"font-weight: 400\">Neste m\u00eas, a companhia anunciou uma nova vaga no Brasil e est\u00e1 em busca de um arquiteto de seguran\u00e7a da informa\u00e7\u00e3o Cloud para complementar o seu time.<\/span><\/p>\n<h2><span style=\"font-weight: 400\">Responsabilidades e atribui\u00e7\u00f5es<\/span><\/h2>\n<p><span style=\"font-weight: 400\">O contratado para a oportunidade ter\u00e1 as seguintes responsabilidades:<\/span><\/p>\n<ul>\n<li style=\"font-weight: 400\"><span style=\"font-weight: 400\">Criar, projetar e instalar sistemas de seguran\u00e7a para computa\u00e7\u00e3o baseada em nuvem e sistemas de armazenamento de dados;<\/span><\/li>\n<li style=\"font-weight: 400\"><span style=\"font-weight: 400\">Avaliar e testar os sistemas de seguran\u00e7a de computa\u00e7\u00e3o em nuvem existentes;<\/span><\/li>\n<li style=\"font-weight: 400\"><span style=\"font-weight: 400\">Gerenciar Cloud firewalls;<\/span><\/li>\n<li style=\"font-weight: 400\"><span style=\"font-weight: 400\">Melhorar a seguran\u00e7a da rede e criptografar dados para prover maior prote\u00e7\u00e3o ao sistema;<\/span><\/li>\n<li style=\"font-weight: 400\"><span style=\"font-weight: 400\">Desenvolver aplicativos e softwares seguros para acessar a nuvem;<\/span><\/li>\n<li style=\"font-weight: 400\"><span style=\"font-weight: 400\">Estabelecer procedimentos para acesso do usu\u00e1rio ao sistema;<\/span><\/li>\n<li style=\"font-weight: 400\"><span style=\"font-weight: 400\">Definir controles de acesso e pr\u00e1ticas administrativas;<\/span><\/li>\n<li style=\"font-weight: 400\"><span style=\"font-weight: 400\">Educar outros funcion\u00e1rios sobre o uso seguro do servi\u00e7o de computa\u00e7\u00e3o em nuvem da empresa;<\/span><\/li>\n<li style=\"font-weight: 400\"><span style=\"font-weight: 400\">Dom\u00ednio t\u00e9cnico de arquitetura de computa\u00e7\u00e3o em nuvem;<\/span><\/li>\n<li style=\"font-weight: 400\"><span style=\"font-weight: 400\">Conhecimento em configura\u00e7\u00e3o de componentes de seguran\u00e7a em ambiente cloud (AWS CloudFront, AWS WAF, GCP Cloud armor, Azure WAF);<\/span><\/li>\n<li style=\"font-weight: 400\"><span style=\"font-weight: 400\">Conhecimentos b\u00e1sicos em Serverless Coding (AWS Lambda, Azure Functions, GCP Functions).<\/span><\/li>\n<\/ul>\n<h2><span style=\"font-weight: 400\">Requisitos e qualifica\u00e7\u00f5es<\/span><\/h2>\n<p><span style=\"font-weight: 400\">Para estar apto a trabalhar na vaga da Volkswagen, o candidato precisar\u00e1 ter os seguintes requisitos:<\/span><\/p>\n<ul>\n<li style=\"font-weight: 400\"><span style=\"font-weight: 400\">Ensino superior completo em: tecnologia da informa\u00e7\u00e3o, ci\u00eancia da informa\u00e7\u00e3o, engenharia de software, seguran\u00e7a da informa\u00e7\u00e3o e \u00e1reas correlatas.<\/span><\/li>\n<li style=\"font-weight: 400\"><span style=\"font-weight: 400\">Desej\u00e1vel ingl\u00eas avan\u00e7ado.<\/span><\/li>\n<\/ul>\n<h2><span style=\"font-weight: 400\">Benef\u00edcios da vaga da Volkswagen<\/span><\/h2>\n<p><span style=\"font-weight: 400\">O escolhido para a vaga poder\u00e1 desfrutar dos seguintes benef\u00edcios:<\/span><\/p>\n<ul>\n<li style=\"font-weight: 400\"><span style=\"font-weight: 400\">Compra de ve\u00edculo com desconto;<\/span><\/li>\n<li style=\"font-weight: 400\"><span style=\"font-weight: 400\">Gympass;<\/span><\/li>\n<li style=\"font-weight: 400\"><span style=\"font-weight: 400\">Estacionamento no local &#8211; gratuito;<\/span><\/li>\n<li style=\"font-weight: 400\"><span style=\"font-weight: 400\">\u00d4nibus fretado;<\/span><\/li>\n<li style=\"font-weight: 400\"><span style=\"font-weight: 400\">PPR anual;<\/span><\/li>\n<li style=\"font-weight: 400\"><span style=\"font-weight: 400\">Refeit\u00f3rio no local;<\/span><\/li>\n<li style=\"font-weight: 400\"><span style=\"font-weight: 400\">Plano de sa\u00fade;<\/span><\/li>\n<li style=\"font-weight: 400\"><span style=\"font-weight: 400\">Previd\u00eancia privada;<\/span><\/li>\n<li style=\"font-weight: 400\"><span style=\"font-weight: 400\">Plano pec\u00falio;<\/span><\/li>\n<li style=\"font-weight: 400\"><span style=\"font-weight: 400\">Zenlub &#8211; plataforma de sa\u00fade mental e bem-estar emocional.<\/span><\/li>\n<\/ul>\n<h2><span style=\"font-weight: 400\">Informa\u00e7\u00f5es adicionais<\/span><\/h2>\n<p><span style=\"font-weight: 400\">Conhe\u00e7as as principais informa\u00e7\u00f5es sobre a vaga da Volkswagen:<\/span><\/p>\n<ul>\n<li style=\"font-weight: 400\"><span style=\"font-weight: 400\">Local de trabalho: S\u00e3o Bernardo do Campo &#8211; SP;<\/span><\/li>\n<li style=\"font-weight: 400\"><span style=\"font-weight: 400\">Modelo de trabalho: H\u00edbrido flex\u00edvel (2x da semana no escrit\u00f3rio e 3x da semana em home office);<\/span><\/li>\n<li style=\"font-weight: 400\"><span style=\"font-weight: 400\">Plataforma de treinamentos online gratuitos.<\/span><\/li>\n<\/ul>\n","protected":false},"excerpt":{"rendered":"<p>A Volkswagen \u00e9 uma fabricante de autom\u00f3veis alem\u00e3 que pertence ao grupo Volkswagen, sendo a maior do mundo neste ramo. Foi fundada em 1937 e, desde ent\u00e3o, vem criando in\u00fameros lan\u00e7amentos incr\u00edveis que se tornaram conhecidos no mundo inteiro. O grupo respons\u00e1vel pela marca tamb\u00e9m \u00e9 dona de outras gigantes do mercado, como: Audi, Bugatti, [&hellip;]<\/p>\n","protected":false},"author":5,"featured_media":2226,"comment_status":"open","ping_status":"closed","sticky":false,"template":"","format":"standard","meta":{"footnotes":""},"categories":[7],"tags":[393,395],"class_list":["post-2222","post","type-post","status-publish","format-standard","has-post-thumbnail","hentry","category-noticias","tag-volkswagen","tag-volkswagen-vagas"],"_links":{"self":[{"href":"https:\/\/99empregos.com.br\/blog\/wp-json\/wp\/v2\/posts\/2222","targetHints":{"allow":["GET"]}}],"collection":[{"href":"https:\/\/99empregos.com.br\/blog\/wp-json\/wp\/v2\/posts"}],"about":[{"href":"https:\/\/99empregos.com.br\/blog\/wp-json\/wp\/v2\/types\/post"}],"author":[{"embeddable":true,"href":"https:\/\/99empregos.com.br\/blog\/wp-json\/wp\/v2\/users\/5"}],"replies":[{"embeddable":true,"href":"https:\/\/99empregos.com.br\/blog\/wp-json\/wp\/v2\/comments?post=2222"}],"version-history":[{"count":0,"href":"https:\/\/99empregos.com.br\/blog\/wp-json\/wp\/v2\/posts\/2222\/revisions"}],"wp:featuredmedia":[{"embeddable":true,"href":"https:\/\/99empregos.com.br\/blog\/wp-json\/wp\/v2\/media\/2226"}],"wp:attachment":[{"href":"https:\/\/99empregos.com.br\/blog\/wp-json\/wp\/v2\/media?parent=2222"}],"wp:term":[{"taxonomy":"category","embeddable":true,"href":"https:\/\/99empregos.com.br\/blog\/wp-json\/wp\/v2\/categories?post=2222"},{"taxonomy":"post_tag","embeddable":true,"href":"https:\/\/99empregos.com.br\/blog\/wp-json\/wp\/v2\/tags?post=2222"}],"curies":[{"name":"wp","href":"https:\/\/api.w.org\/{rel}","templated":true}]}}