{"id":23799,"date":"2023-02-24T10:32:35","date_gmt":"2023-02-24T13:32:35","guid":{"rendered":"https:\/\/123empregos.com.br\/?p=23799"},"modified":"2023-02-24T10:32:35","modified_gmt":"2023-02-24T13:32:35","slug":"empresa-de-varejo-abre-novas-vagas-de-emprego-confira-as-oportunidades","status":"publish","type":"post","link":"https:\/\/99empregos.com.br\/blog\/empresa-de-varejo-abre-novas-vagas-de-emprego-confira-as-oportunidades\/","title":{"rendered":"Empresa de varejo abre novas vagas de emprego, confira as oportunidades"},"content":{"rendered":"<p>O Grupo Ramiro, companhia 100% baiana com especializa\u00e7\u00e3o no com\u00e9rcio de varejo, est\u00e1 com <a href=\"https:\/\/99empregos.com.br\/vaga\/makro-atacadista-divulga-novas-oportunidades-de-emprego-pelo-pais\/\">novas vagas de emprego<\/a> abertas pelo estado nordestino. Expandindo cada vez mais os seus investimentos dentro do setor, a empresa agora precisa dos seguintes profissionais para integrarem a sua equipe:<\/p>\n<ul>\n<li><span style=\"font-weight: 400\">Agente ADM. (Caixa) &#8211; Cidade Castro Alves-BA Castro Alves;\u00a0<\/span><\/li>\n<li><span style=\"font-weight: 400\">Agente Administrativo &#8211; Caixa (Ferista) &#8211; Ituber\u00e1;\u00a0<\/span><\/li>\n<li><span style=\"font-weight: 400\">Agente Administrativo &#8211; Caixa (Santo Amaro &#8211; LG);\u00a0<\/span><\/li>\n<li><span style=\"font-weight: 400\">Agente Administrativo PCD &#8211; Valen\u00e7a\/BA;\u00a0<\/span><\/li>\n<li><span style=\"font-weight: 400\">Assistente de Vendas &#8211; Feira de Santana- PCD;\u00a0<\/span><\/li>\n<li><span style=\"font-weight: 400\">Auxiliar Administrativo &#8211; Setor TI &#8211; Salvador-BA;\u00a0<\/span><\/li>\n<li><span style=\"font-weight: 400\">Auxiliar de Estoque &#8211; Ilh\u00e9us;\u00a0<\/span><\/li>\n<li><span style=\"font-weight: 400\">Auxiliar de Servi\u00e7os Gerais &#8211; Itapetinga;\u00a0<\/span><\/li>\n<li><span style=\"font-weight: 400\">Auxiliar de Servi\u00e7os Gerais &#8211; Valen\u00e7a;\u00a0<\/span><\/li>\n<li><span style=\"font-weight: 400\">Banco de Talentos &#8211; Salvador;\u00a0<\/span><\/li>\n<li><span style=\"font-weight: 400\">Banco Reserva &#8211; Agente Administrativo (Caixa);\u00a0<\/span><\/li>\n<li><span style=\"font-weight: 400\">Banco Reserva &#8211; Auxiliar de Servi\u00e7os Gerais;\u00a0<\/span><\/li>\n<li><span style=\"font-weight: 400\">Banco Reserva &#8211; Estoque;\u00a0<\/span><\/li>\n<li><span style=\"font-weight: 400\">Banco Reserva &#8211; Vendedor &#8211; Salvador;\u00a0<\/span><\/li>\n<li><span style=\"font-weight: 400\">Comprador &#8211; Salvador;\u00a0<\/span><\/li>\n<li><span style=\"font-weight: 400\">Gerente de Loja Salvador;\u00a0<\/span><\/li>\n<li><span style=\"font-weight: 400\">Gerente de Loja (Sul da Bahia) Valen\u00e7a;\u00a0<\/span><\/li>\n<li><span style=\"font-weight: 400\">Jovem Aprendiz &#8211; Salvador\/BA;\u00a0<\/span><\/li>\n<li><span style=\"font-weight: 400\">Operador de Telecobran\u00e7a (Tempor\u00e1rio) &#8211; Valen\u00e7a;\u00a0<\/span><\/li>\n<li><span style=\"font-weight: 400\">Vendedor &#8211; Alagoinhas-BA;\u00a0<\/span><\/li>\n<li><span style=\"font-weight: 400\">Vendedor(a) &#8211; Santo Ant\u00f4nio de Jesus.<\/span><\/li>\n<\/ul>\n<figure id=\"attachment_23801\" aria-describedby=\"caption-attachment-23801\" style=\"width: 1200px\" class=\"wp-caption aligncenter\"><img decoding=\"async\" class=\"size-full wp-image-23801\" src=\"https:\/\/99empregos.com.br\/blog\/wp-content\/uploads\/2023\/02\/ramiro-vagas-2023.jpg\" alt=\"Grupo Ramiro abre novas vagas de emprego, confira as oportunidades e saiba como se candidatar. Foto: Divulga\u00e7\u00e3o\" width=\"1200\" height=\"650\" srcset=\"https:\/\/99empregos.com.br\/blog\/wp-content\/uploads\/2023\/02\/ramiro-vagas-2023.jpg 1200w, https:\/\/99empregos.com.br\/blog\/wp-content\/uploads\/2023\/02\/ramiro-vagas-2023-300x163.jpg 300w, https:\/\/99empregos.com.br\/blog\/wp-content\/uploads\/2023\/02\/ramiro-vagas-2023-1024x555.jpg 1024w, https:\/\/99empregos.com.br\/blog\/wp-content\/uploads\/2023\/02\/ramiro-vagas-2023-768x416.jpg 768w\" sizes=\"(max-width: 1200px) 100vw, 1200px\" \/><figcaption id=\"caption-attachment-23801\" class=\"wp-caption-text\">Grupo Ramiro abre novas vagas de emprego, confira as oportunidades e saiba como se candidatar. Foto: Divulga\u00e7\u00e3o<\/figcaption><\/figure>\n<h3>Mais informa\u00e7\u00f5es sobre o Grupo Ramiro<\/h3>\n<p class=\"ql-align-justify\">Com\u00a0mais de 45 anos\u00a0de atua\u00e7\u00e3o no mercado e\u00a0DNA 100% baiano, a\u00a0Casa+F\u00e1cil\u00a0conquistou seu espa\u00e7o e expandiu no mercado de materiais de constru\u00e7\u00e3o sendo hoje a maior rede deste segmento na Bahia.<\/p>\n<p class=\"ql-align-justify\">Ao longo dos anos aprendemos que mais dif\u00edcil do que alcan\u00e7ar a excel\u00eancia \u00e9 mant\u00ea-la. Por isso, entendemos que nosso objetivo n\u00e3o \u00e9 conquistar o sucesso, isso \u00e9 uma consequ\u00eancia de nosso esfor\u00e7o di\u00e1rio. O que colocamos em primeiro lugar sempre \u00e9 possibilitar e auxiliar na realiza\u00e7\u00e3o dos sonhos e conquistas dos nossos clientes, que s\u00e3o o centro do nosso neg\u00f3cio.<\/p>\n<p class=\"ql-align-justify\">Tudo come\u00e7ou em 13 de agosto de 1972\u00a0com uma pequena loja chamada\u00a0Casa do Fazendeiro, onde comercializ\u00e1vamos produtos para as fazendas na regi\u00e3o de Valen\u00e7a &#8211; BA. No ano de 1985 decidimos embarcar em um novo desafio: A venda de materiais para constru\u00e7\u00e3o. Gra\u00e7as a confian\u00e7a depositada por nossos fi\u00e9is clientes, ampliamos nossa rede e novas filiais foram fundadas. Em\u00a013 de Novembro de 2000, passamos a nos chamar\u00a0Casa &amp; Fazenda, encarando novos desafios, oferecendo aos nossos clientes os melhores produtos e as melhores marcas do mercado, garantindo o nosso crescimento e a satisfa\u00e7\u00e3o de todas as fam\u00edlias que sempre confiaram no nosso trabalho.<\/p>\n<h3>Como se candidatar \u00e0s vagas de emprego<\/h3>\n<p>Se voc\u00ea encontrou uma oportunidade de emprego no <a href=\"https:\/\/www.lojasguaibim.com.br\/\" target=\"_blank\" rel=\"noopener\">Grupo Ramiro<\/a> que se encaixa com o seu perfil profissional, <a href=\"https:\/\/99empregos.com.br\/vaga\/grupo-ramiro-abre-novas-vagas-de-emprego-confira\/\">basta clicar neste link<\/a> para se candidatar agora mesmo por l\u00e1. No entanto, antes de efetivar a sua inscri\u00e7\u00e3o, recomendamos que fa\u00e7a uma revis\u00e3o completa e detalhada de todos os pr\u00e9-requisitos solicitados pela companhia. Boa sorte!<\/p>\n","protected":false},"excerpt":{"rendered":"<p>O Grupo Ramiro, companhia 100% baiana com especializa\u00e7\u00e3o no com\u00e9rcio de varejo, est\u00e1 com novas vagas de emprego abertas pelo estado nordestino. Expandindo cada vez mais os seus investimentos dentro do setor, a empresa agora precisa dos seguintes profissionais para integrarem a sua equipe: Agente ADM. (Caixa) &#8211; Cidade Castro Alves-BA Castro Alves;\u00a0 Agente Administrativo [&hellip;]<\/p>\n","protected":false},"author":8,"featured_media":23802,"comment_status":"open","ping_status":"closed","sticky":false,"template":"","format":"standard","meta":{"footnotes":""},"categories":[7],"tags":[5,1067,778,1542],"class_list":["post-23799","post","type-post","status-publish","format-standard","has-post-thumbnail","hentry","category-noticias","tag-empregos","tag-grupo-ramiro","tag-novas-oportunidades","tag-vagas-2023"],"_links":{"self":[{"href":"https:\/\/99empregos.com.br\/blog\/wp-json\/wp\/v2\/posts\/23799","targetHints":{"allow":["GET"]}}],"collection":[{"href":"https:\/\/99empregos.com.br\/blog\/wp-json\/wp\/v2\/posts"}],"about":[{"href":"https:\/\/99empregos.com.br\/blog\/wp-json\/wp\/v2\/types\/post"}],"author":[{"embeddable":true,"href":"https:\/\/99empregos.com.br\/blog\/wp-json\/wp\/v2\/users\/8"}],"replies":[{"embeddable":true,"href":"https:\/\/99empregos.com.br\/blog\/wp-json\/wp\/v2\/comments?post=23799"}],"version-history":[{"count":0,"href":"https:\/\/99empregos.com.br\/blog\/wp-json\/wp\/v2\/posts\/23799\/revisions"}],"wp:featuredmedia":[{"embeddable":true,"href":"https:\/\/99empregos.com.br\/blog\/wp-json\/wp\/v2\/media\/23802"}],"wp:attachment":[{"href":"https:\/\/99empregos.com.br\/blog\/wp-json\/wp\/v2\/media?parent=23799"}],"wp:term":[{"taxonomy":"category","embeddable":true,"href":"https:\/\/99empregos.com.br\/blog\/wp-json\/wp\/v2\/categories?post=23799"},{"taxonomy":"post_tag","embeddable":true,"href":"https:\/\/99empregos.com.br\/blog\/wp-json\/wp\/v2\/tags?post=23799"}],"curies":[{"name":"wp","href":"https:\/\/api.w.org\/{rel}","templated":true}]}}