{"id":25227,"date":"2023-03-07T14:02:53","date_gmt":"2023-03-07T17:02:53","guid":{"rendered":"https:\/\/123empregos.com.br\/?p=25227"},"modified":"2023-03-07T14:02:53","modified_gmt":"2023-03-07T17:02:53","slug":"rede-infantil-de-lojas-abre-novas-vagas-de-emprego-confira","status":"publish","type":"post","link":"https:\/\/99empregos.com.br\/blog\/rede-infantil-de-lojas-abre-novas-vagas-de-emprego-confira\/","title":{"rendered":"Rede infantil de lojas abre novas vagas de emprego, confira"},"content":{"rendered":"<p>A Al\u00f4 Beb\u00ea, rede infantil de lojas com mais de 35 anos de hist\u00f3ria e mais de 30 unidades f\u00edsicas espalhadas em 9 estados do pa\u00eds, est\u00e1 com novas <a href=\"https:\/\/99empregos.com.br\/vaga\/leega-consultoria-abre-novas-vagas-de-emprego\/\">vagas de emprego<\/a> abertas por diversas capitais. Expandindo cada vez mais seus investimentos, a companhia agora precisa dos seguintes profissionais nas suas equipes:<\/p>\n<ul>\n<li><span style=\"font-weight: 400\">ANALISTA DE TREINAMENTO COMERCIAL PLENO &#8211; S\u00e3o Paulo;\u00a0<\/span><\/li>\n<li><span style=\"font-weight: 400\">ANALISTA DE TREINAMENTO E DESENVOLVIMENTO E EDUCA\u00c7\u00c3O CORPORATIVA S\u00caNIOR &#8211; S\u00e3o Paulo;\u00a0<\/span><\/li>\n<li><span style=\"font-weight: 400\">AUXILIAR DE CAIXA (LOJA CAMBORI\u00da) &#8211; Balne\u00e1rio Cambori\u00fa;\u00a0<\/span><\/li>\n<li><span style=\"font-weight: 400\">AUXILIAR DE CAIXA (LOJA MORUMBI) &#8211; S\u00e3o Paulo;\u00a0<\/span><\/li>\n<li><span style=\"font-weight: 400\">AUXILIAR DE CAIXA (LOJA SANTANA) &#8211; S\u00e3o Paulo;<\/span><\/li>\n<li><span style=\"font-weight: 400\">AUXILIAR DE CAIXA &#8211; Goi\u00e2nia;\u00a0<\/span><\/li>\n<li><span style=\"font-weight: 400\">AUXILIAR DE CAIXA SUMAR\u00c9 &#8211; S\u00e3o Paulo &#8211; SP;<\/span><\/li>\n<li><span style=\"font-weight: 400\">AUXILIAR DE ESTOQUE (BALNE\u00c1RIO SHOPPING) &#8211; Balne\u00e1rio Cambori\u00fa &#8211; SC;<\/span><\/li>\n<li><span style=\"font-weight: 400\">AUXILIAR DE ESTOQUE &#8211; S\u00e3o Jos\u00e9 dos Campos &#8211; SP;<\/span><\/li>\n<li><span style=\"font-weight: 400\">AUXILIAR DE ESTOQUE (CONTINENTE SHOPPING) S\u00e3o Jos\u00e9 &#8211; SC;<\/span><\/li>\n<li><span style=\"font-weight: 400\">AUXILIAR DE ESTOQUE (LOJA 1240) &#8211; Curitiba &#8211; PR;<\/span><\/li>\n<li><span style=\"font-weight: 400\">AUXILIAR DE ESTOQUE (LOJA BROOKLIN) &#8211; S\u00e3o Paulo &#8211; SP;<\/span><\/li>\n<li><span style=\"font-weight: 400\">AUXILIAR DE ESTOQUE (LOJA CAMBORI\u00da) Balne\u00e1rio Cambori\u00fa &#8211; SC;<\/span><\/li>\n<li><span style=\"font-weight: 400\">AUXILIAR DE ESTOQUE (LOJA CAMBU\u00cd) &#8211; S\u00e3o Paulo &#8211; SP;<\/span><\/li>\n<li><span style=\"font-weight: 400\">AUXILIAR DE ESTOQUE (LOJA DOM PEDRO) &#8211; Campinas &#8211; SP.<\/span><\/li>\n<\/ul>\n<figure id=\"attachment_25230\" aria-describedby=\"caption-attachment-25230\" style=\"width: 1200px\" class=\"wp-caption aligncenter\"><img decoding=\"async\" class=\"size-full wp-image-25230\" src=\"https:\/\/99empregos.com.br\/blog\/wp-content\/uploads\/2023\/03\/alo-bebe-vagas-2023.jpg\" alt=\"A Al\u00f4 Beb\u00ea \u00e9 uma loja infantil com mais de 35 anos de hist\u00f3ria. Foto: Divulga\u00e7\u00e3o\" width=\"1200\" height=\"650\" srcset=\"https:\/\/99empregos.com.br\/blog\/wp-content\/uploads\/2023\/03\/alo-bebe-vagas-2023.jpg 1200w, https:\/\/99empregos.com.br\/blog\/wp-content\/uploads\/2023\/03\/alo-bebe-vagas-2023-300x163.jpg 300w, https:\/\/99empregos.com.br\/blog\/wp-content\/uploads\/2023\/03\/alo-bebe-vagas-2023-1024x555.jpg 1024w, https:\/\/99empregos.com.br\/blog\/wp-content\/uploads\/2023\/03\/alo-bebe-vagas-2023-768x416.jpg 768w\" sizes=\"(max-width: 1200px) 100vw, 1200px\" \/><figcaption id=\"caption-attachment-25230\" class=\"wp-caption-text\">A Al\u00f4 Beb\u00ea \u00e9 uma loja infantil com mais de 35 anos de hist\u00f3ria. Foto: Divulga\u00e7\u00e3o<\/figcaption><\/figure>\n<h3>Mais informa\u00e7\u00f5es sobre a Al\u00f4 Beb\u00ea<\/h3>\n<p>Nossa hist\u00f3ria come\u00e7ou h\u00e1 muito tempo, quando nossos fundadores perceberam que muitas mam\u00e3es precisavam de um cantinho onde elas pudessem encontrar tudo que seus beb\u00eas precisavam al\u00e9m de serem acolhidas, ouvidas e realizadas. Ent\u00e3o, em 1987, nasceu a Al\u00f4 Beb\u00ea, l\u00e1 no bairro Itaim Bibi, em S\u00e3o Paulo. A partir da\u00ed, foi s\u00f3 sucesso. Hoje somos uma marca com 35 anos de uma hist\u00f3ria recheada de bons momentos; 32 lojas em 9 estados do Brasil; uma equipe de mais de 1000 colaboradores que nos ajudam a construir uma hist\u00f3ria de sucesso; 1 centro de distribui\u00e7\u00e3o em S\u00e3o Paulo. Convide a m\u00e3e, pai, av\u00f3s, irm\u00e3os, padrinhos e quem mais estiver por a\u00ed pra conhecer nossas oportunidades e descobrir que todo momento pode ser apaixonante com a Al\u00f4 Beb\u00ea.<\/p>\n<h3 class=\"sc-hTBuwn dMrAvl\">Como se candidatar \u00e0s vagas de emprego<\/h3>\n<p>Caso tenha encontrado uma boa oportunidade de emprego que se encaixa com as suas pretens\u00f5es profissionais, <a href=\"https:\/\/99empregos.com.br\/vaga\/alo-bebe-abre-novas-vagas-de-emprego-confira\/\">basta clicar neste link<\/a> para se candidatar. No entanto, antes de efetivar a sua inscri\u00e7\u00e3o, recomendamos que fa\u00e7a uma revis\u00e3o completa de todos os pr\u00e9-requisitos solicitados pela companhia. Boa sorte!<\/p>\n","protected":false},"excerpt":{"rendered":"<p>A Al\u00f4 Beb\u00ea, rede infantil de lojas com mais de 35 anos de hist\u00f3ria e mais de 30 unidades f\u00edsicas espalhadas em 9 estados do pa\u00eds, est\u00e1 com novas vagas de emprego abertas por diversas capitais. Expandindo cada vez mais seus investimentos, a companhia agora precisa dos seguintes profissionais nas suas equipes: ANALISTA DE TREINAMENTO [&hellip;]<\/p>\n","protected":false},"author":8,"featured_media":25231,"comment_status":"open","ping_status":"closed","sticky":false,"template":"","format":"standard","meta":{"footnotes":""},"categories":[7],"tags":[5,2582,1542],"class_list":["post-25227","post","type-post","status-publish","format-standard","has-post-thumbnail","hentry","category-noticias","tag-empregos","tag-novas-oportunidades-de-emprego","tag-vagas-2023"],"_links":{"self":[{"href":"https:\/\/99empregos.com.br\/blog\/wp-json\/wp\/v2\/posts\/25227","targetHints":{"allow":["GET"]}}],"collection":[{"href":"https:\/\/99empregos.com.br\/blog\/wp-json\/wp\/v2\/posts"}],"about":[{"href":"https:\/\/99empregos.com.br\/blog\/wp-json\/wp\/v2\/types\/post"}],"author":[{"embeddable":true,"href":"https:\/\/99empregos.com.br\/blog\/wp-json\/wp\/v2\/users\/8"}],"replies":[{"embeddable":true,"href":"https:\/\/99empregos.com.br\/blog\/wp-json\/wp\/v2\/comments?post=25227"}],"version-history":[{"count":0,"href":"https:\/\/99empregos.com.br\/blog\/wp-json\/wp\/v2\/posts\/25227\/revisions"}],"wp:featuredmedia":[{"embeddable":true,"href":"https:\/\/99empregos.com.br\/blog\/wp-json\/wp\/v2\/media\/25231"}],"wp:attachment":[{"href":"https:\/\/99empregos.com.br\/blog\/wp-json\/wp\/v2\/media?parent=25227"}],"wp:term":[{"taxonomy":"category","embeddable":true,"href":"https:\/\/99empregos.com.br\/blog\/wp-json\/wp\/v2\/categories?post=25227"},{"taxonomy":"post_tag","embeddable":true,"href":"https:\/\/99empregos.com.br\/blog\/wp-json\/wp\/v2\/tags?post=25227"}],"curies":[{"name":"wp","href":"https:\/\/api.w.org\/{rel}","templated":true}]}}