{"id":26599,"date":"2023-03-17T15:35:17","date_gmt":"2023-03-17T18:35:17","guid":{"rendered":"https:\/\/123empregos.com.br\/?p=26599"},"modified":"2023-03-17T15:35:17","modified_gmt":"2023-03-17T18:35:17","slug":"empresa-aeroespecial-abre-novas-vagas-confira","status":"publish","type":"post","link":"https:\/\/99empregos.com.br\/blog\/empresa-aeroespecial-abre-novas-vagas-confira\/","title":{"rendered":"Empresa aeroespecial abre novas vagas, confira"},"content":{"rendered":"<p>A <a href=\"https:\/\/embraer.com\/\" target=\"_blank\" rel=\"noopener\">Embraer<\/a>, uma das maiores empresas aeroespaciais do mundo, est\u00e1 com novas <a href=\"https:\/\/99empregos.com.br\/vaga\/aoop-abre-novas-vagas-de-emprego-confira\/\">vagas de emprego<\/a> espalhadas pelos seus polos, localizados no estado de S\u00e3o Paulo. Expandindo cada vez mais seus investimentos no setor, a companhia agora precisa dos seguintes profissionais nas suas equipes:<\/p>\n<ul>\n<li><span style=\"font-weight: 400\">Administrador (A) Contratos de Vendas &#8211; S\u00e3o Jos\u00e9 dos Campos &#8211; SP;\u00a0<\/span><\/li>\n<li><span style=\"font-weight: 400\">Administrador (a) de Programas &#8211; S\u00e3o Jos\u00e9 dos Campos &#8211; SP e Remoto;\u00a0<\/span><\/li>\n<li><span style=\"font-weight: 400\">An\u00e1lise Estrutural | Analista de Desenvolvimento de Produto &#8211; S\u00e3o Jos\u00e9 dos Campos &#8211; SP;\u00a0<\/span><\/li>\n<li><span style=\"font-weight: 400\">An\u00e1lise Estrutural | Engenheiro (a) de Desenvolvimento de Produto &#8211; S\u00e3o Jos\u00e9 dos Campos &#8211; SP;\u00a0<\/span><\/li>\n<li><span style=\"font-weight: 400\">Analista de Compliance S\u00eanior &#8211; S\u00e3o Paulo &#8211; SP e Remoto;\u00a0<\/span><\/li>\n<li><span style=\"font-weight: 400\">Analista de Dados JR (Vaga afirmativa para pessoas com defici\u00eancia) &#8211; S\u00e3o Jos\u00e9 dos Campos &#8211; SP;\u00a0<\/span><\/li>\n<li><span style=\"font-weight: 400\">Analista de Dados PL\/SR (Business Intelligence) &#8211; S\u00e3o Jos\u00e9 dos Campos &#8211; SP;\u00a0<\/span><\/li>\n<li><span style=\"font-weight: 400\">Analista de Mercado (Service Sales Support) &#8211; S\u00e3o Jos\u00e9 dos Campos &#8211; SP;\u00a0<\/span><\/li>\n<li><span style=\"font-weight: 400\">Analista de Recursos Humanos (Remunera\u00e7\u00e3o) &#8211; S\u00e3o Paulo &#8211; SP e Remoto;\u00a0<\/span><\/li>\n<li><span style=\"font-weight: 400\">Analista de Recursos Humanos (Talent Acquisition) &#8211; S\u00e3o Jos\u00e9 dos Campos &#8211; SP;\u00a0<\/span><\/li>\n<li><span style=\"font-weight: 400\">Analista de Tecnologia da Informa\u00e7\u00e3o Pleno (DBA) &#8211; S\u00e3o Jos\u00e9 dos Campos &#8211; SP;\u00a0<\/span><\/li>\n<li><span style=\"font-weight: 400\">Analista Empresarial de Neg\u00f3cios S\u00eanior &#8211; S\u00e3o Jos\u00e9 dos Campos &#8211; SP;\u00a0<\/span><\/li>\n<li><span style=\"font-weight: 400\">Analista de Processos (Foco em Radares) &#8211; Campinas &#8211; SP;\u00a0<\/span><\/li>\n<li><span style=\"font-weight: 400\">Analista de Suporte ao Cliente \u2013 (Planejamento de Manuten\u00e7\u00e3o) Gavi\u00e3o Peixoto &#8211; SP;\u00a0<\/span><\/li>\n<li><span style=\"font-weight: 400\">Analista de Suprimentos (Foco em Diretos e Indiretos) S\u00e3o Jos\u00e9 dos Campos &#8211; SP;\u00a0<\/span><\/li>\n<li><span style=\"font-weight: 400\">Banco de Talentos &#8211; Comprador &#8211; Analista de Suprimentos &#8211; S\u00e3o Jos\u00e9 dos Campos &#8211; SP.<\/span><\/li>\n<\/ul>\n<figure id=\"attachment_26601\" aria-describedby=\"caption-attachment-26601\" style=\"width: 1280px\" class=\"wp-caption aligncenter\"><img decoding=\"async\" class=\"size-full wp-image-26601\" src=\"https:\/\/99empregos.com.br\/blog\/wp-content\/uploads\/2023\/03\/embraer-vagas-2023.jpg\" alt=\"A Embraer \u00e9 uma das maiores companhias aeroespeciais do mundo. Foto: Divulga\u00e7\u00e3o\" width=\"1280\" height=\"720\" srcset=\"https:\/\/99empregos.com.br\/blog\/wp-content\/uploads\/2023\/03\/embraer-vagas-2023.jpg 1280w, https:\/\/99empregos.com.br\/blog\/wp-content\/uploads\/2023\/03\/embraer-vagas-2023-300x169.jpg 300w, https:\/\/99empregos.com.br\/blog\/wp-content\/uploads\/2023\/03\/embraer-vagas-2023-1024x576.jpg 1024w, https:\/\/99empregos.com.br\/blog\/wp-content\/uploads\/2023\/03\/embraer-vagas-2023-768x432.jpg 768w\" sizes=\"(max-width: 1280px) 100vw, 1280px\" \/><figcaption id=\"caption-attachment-26601\" class=\"wp-caption-text\">A Embraer \u00e9 uma das maiores companhias aeroespeciais do mundo. Foto: Divulga\u00e7\u00e3o<\/figcaption><\/figure>\n<h3>Mais informa\u00e7\u00f5es sobre a Embraer<\/h3>\n<p>Somos uma das maiores empresas aeroespaciais do mundo gra\u00e7as \u00e0 dedica\u00e7\u00e3o de pessoas que possuem uma paix\u00e3o genu\u00edna por superar o imposs\u00edvel. Foi assim desde o in\u00edcio e seguimos norteados pelo desejo de encontrar pessoas que vivem pelo desafio. Nascemos do sonho de transformar o Brasil em um pa\u00eds com a mais alta tecnologia. Quando tudo parecia imposs\u00edvel, sonhamos alto e nossos profissionais fizeram a companhia alcan\u00e7ar novas altitudes. N\u00e3o h\u00e1 outra maneira de descrever o que nos impulsiona: Desafiar, Criar e Superar.<\/p>\n<p>O nosso sonho continua e acreditamos que todo mundo tem potencial para fazer a diferen\u00e7a. Por isso, cada vez mais, buscamos construir times diversos, que sejam representativos e valorizem a hist\u00f3ria e as singularidades de todas as pessoas, para que elas possam viver os seus sonhos junto com a gente.<\/p>\n<h3>Como se candidatar<\/h3>\n<p>Encontrou uma nova oportunidade de emprego que se encaixa com o seu perfil profissional? Que bom! Para se candidatar, <a href=\"https:\/\/99empregos.com.br\/vaga\/embraer-abre-novas-vagas-de-emprego-confira\/\">basta clicar neste link<\/a> aqui. No entanto, antes de efetivar a sua inscri\u00e7\u00e3o por l\u00e1, recomendamos que fa\u00e7a uma revis\u00e3o completa e detalhada de todos os pr\u00e9-requisitos solicitados pela companhia em quest\u00e3o. Boa sorte!<\/p>\n","protected":false},"excerpt":{"rendered":"<p>A Embraer, uma das maiores empresas aeroespaciais do mundo, est\u00e1 com novas vagas de emprego espalhadas pelos seus polos, localizados no estado de S\u00e3o Paulo. Expandindo cada vez mais seus investimentos no setor, a companhia agora precisa dos seguintes profissionais nas suas equipes: Administrador (A) Contratos de Vendas &#8211; S\u00e3o Jos\u00e9 dos Campos &#8211; SP;\u00a0 [&hellip;]<\/p>\n","protected":false},"author":8,"featured_media":26602,"comment_status":"open","ping_status":"closed","sticky":false,"template":"","format":"standard","meta":{"footnotes":""},"categories":[7],"tags":[1544,1347,778,16],"class_list":["post-26599","post","type-post","status-publish","format-standard","has-post-thumbnail","hentry","category-noticias","tag-1544","tag-embraer","tag-novas-oportunidades","tag-vagas-de-emprego"],"_links":{"self":[{"href":"https:\/\/99empregos.com.br\/blog\/wp-json\/wp\/v2\/posts\/26599","targetHints":{"allow":["GET"]}}],"collection":[{"href":"https:\/\/99empregos.com.br\/blog\/wp-json\/wp\/v2\/posts"}],"about":[{"href":"https:\/\/99empregos.com.br\/blog\/wp-json\/wp\/v2\/types\/post"}],"author":[{"embeddable":true,"href":"https:\/\/99empregos.com.br\/blog\/wp-json\/wp\/v2\/users\/8"}],"replies":[{"embeddable":true,"href":"https:\/\/99empregos.com.br\/blog\/wp-json\/wp\/v2\/comments?post=26599"}],"version-history":[{"count":0,"href":"https:\/\/99empregos.com.br\/blog\/wp-json\/wp\/v2\/posts\/26599\/revisions"}],"wp:featuredmedia":[{"embeddable":true,"href":"https:\/\/99empregos.com.br\/blog\/wp-json\/wp\/v2\/media\/26602"}],"wp:attachment":[{"href":"https:\/\/99empregos.com.br\/blog\/wp-json\/wp\/v2\/media?parent=26599"}],"wp:term":[{"taxonomy":"category","embeddable":true,"href":"https:\/\/99empregos.com.br\/blog\/wp-json\/wp\/v2\/categories?post=26599"},{"taxonomy":"post_tag","embeddable":true,"href":"https:\/\/99empregos.com.br\/blog\/wp-json\/wp\/v2\/tags?post=26599"}],"curies":[{"name":"wp","href":"https:\/\/api.w.org\/{rel}","templated":true}]}}