{"id":26902,"date":"2023-03-20T10:55:38","date_gmt":"2023-03-20T13:55:38","guid":{"rendered":"https:\/\/123empregos.com.br\/?p=26902"},"modified":"2023-03-20T10:55:38","modified_gmt":"2023-03-20T13:55:38","slug":"industria-eletrica-abre-novas-vagas-de-emprego-confira","status":"publish","type":"post","link":"https:\/\/99empregos.com.br\/blog\/industria-eletrica-abre-novas-vagas-de-emprego-confira\/","title":{"rendered":"Ind\u00fastria el\u00e9trica abre novas vagas de emprego, confira"},"content":{"rendered":"<p>A Steck, ind\u00fastria l\u00edder no fornecimento de materiais el\u00e9tricos para uso residencial, est\u00e1 com <a href=\"https:\/\/99empregos.com.br\/vaga\/olist-abre-novas-vagas-de-emprego-confira\/\">novas vagas de emprego<\/a> abertas em diversas cidades espalhadas pelo pa\u00eds. Expandindo cada vez mais os seus investimentos em diferentes setores, a companhia agora precisa dos seguintes profissionais nas suas equipes:<\/p>\n<ul>\n<li><span style=\"font-weight: 400\">Analista de Qualidade S\u00eanior &#8211; Manaus &#8211; AM;\u00a0<\/span><\/li>\n<li><span style=\"font-weight: 400\">Banco de Talentos &#8211; S\u00e3o Paulo;<\/span><\/li>\n<li><span style=\"font-weight: 400\">Banco de Talentos Industrial &#8211; Unidade Guararema\/SP;\u00a0<\/span><\/li>\n<li><span style=\"font-weight: 400\">Banco de Talentos &#8211; Log\u00edstica e Transportes &#8211; Centro de Distribui\u00e7\u00e3o &#8211; Aruj\u00e1\/SP;\u00a0<\/span><\/li>\n<li><span style=\"font-weight: 400\">Banco de Talentos &#8211; Manaus &#8211; AM;\u00a0<\/span><\/li>\n<li><span style=\"font-weight: 400\">Coordenador de PCP e Almoxarifado &#8211; Guararema &#8211; SP;\u00a0<\/span><\/li>\n<li><span style=\"font-weight: 400\">Gerente de Vendas Regi\u00e3o Centro Oeste\/Norte &#8211; Bras\u00edlia;\u00a0<\/span><\/li>\n<li><span style=\"font-weight: 400\">Gerente Industrial &#8211; Manaus &#8211; AM;\u00a0<\/span><\/li>\n<li><span style=\"font-weight: 400\">HR Business Partner (Consultora Interna de RH) &#8211; Manaus &#8211; AM;\u00a0<\/span><\/li>\n<li><span style=\"font-weight: 400\">Inspetor de Qualidade Jr &#8211; Manaus &#8211; AM;<\/span><\/li>\n<li><span style=\"font-weight: 400\">T\u00e9cnico eletr\u00f4nico de Manuten\u00e7\u00e3o &#8211; Guararema &#8211; SP;\u00a0<\/span><\/li>\n<li><span style=\"font-weight: 400\">Vendedor Externo J\u00fanior &#8211; Rio de Janeiro &#8211; Duque de Caxias &#8211; RJ.<\/span><\/li>\n<\/ul>\n<figure id=\"attachment_26904\" aria-describedby=\"caption-attachment-26904\" style=\"width: 1200px\" class=\"wp-caption aligncenter\"><img decoding=\"async\" class=\"size-full wp-image-26904\" src=\"https:\/\/99empregos.com.br\/blog\/wp-content\/uploads\/2023\/03\/steck-vagas-2023.jpg\" alt=\"A Steck \u00e9 uma ind\u00fastria el\u00e9trica com mais de 45 anos de experi\u00eancia no mercado nacional. Foto: Divulga\u00e7\u00e3o\" width=\"1200\" height=\"650\" srcset=\"https:\/\/99empregos.com.br\/blog\/wp-content\/uploads\/2023\/03\/steck-vagas-2023.jpg 1200w, https:\/\/99empregos.com.br\/blog\/wp-content\/uploads\/2023\/03\/steck-vagas-2023-300x163.jpg 300w, https:\/\/99empregos.com.br\/blog\/wp-content\/uploads\/2023\/03\/steck-vagas-2023-1024x555.jpg 1024w, https:\/\/99empregos.com.br\/blog\/wp-content\/uploads\/2023\/03\/steck-vagas-2023-768x416.jpg 768w\" sizes=\"(max-width: 1200px) 100vw, 1200px\" \/><figcaption id=\"caption-attachment-26904\" class=\"wp-caption-text\">A Steck \u00e9 uma ind\u00fastria el\u00e9trica com mais de 45 anos de experi\u00eancia no mercado nacional. Foto: Divulga\u00e7\u00e3o<\/figcaption><\/figure>\n<h3>Mais informa\u00e7\u00f5es sobre a Steck<\/h3>\n<p>A <a href=\"https:\/\/www.steck.com.br\/\" target=\"_blank\" rel=\"noopener\">Steck<\/a> \u00e9 uma empresa brasileira do grupo Schneider e l\u00edder no fornecimento de materiais el\u00e9tricos para usos residencial, comercial e industrial. A nossa hist\u00f3ria come\u00e7ou em 1975 com a produ\u00e7\u00e3o de plugues e tomadas Schuko e, hoje, contamos com mais de 50 linhas de produtos que oferecem qualidade e transmitem confian\u00e7a ao consumidor.<\/p>\n<p>Com forte presen\u00e7a na Am\u00e9rica Latina, a Steck exporta para 18 pa\u00edses e possui mais de 200 pontos de venda com a comercializa\u00e7\u00e3o de itens desenvolvidos dentro das mais rigorosas normas nacionais e internacionais de seguran\u00e7a. A marca conta com duas f\u00e1bricas nas cidades de Manaus e S\u00e3o Paulo, al\u00e9m de centros de distribui\u00e7\u00e3o localizados em quatro pa\u00edses: Argentina, Brasil, Col\u00f4mbia e M\u00e9xico.<\/p>\n<p>A empresa investe constantemente em pesquisas de novas tecnologias para a atualiza\u00e7\u00e3o do seu mix de produtos e no desenvolvimento de novas linhas. Para isso, realiza testes rigorosos para oferecer sempre um portf\u00f3lio seguro e confi\u00e1vel, com \u00f3timo custo-benef\u00edcio ao cliente e menor impacto ao meio ambiente.<\/p>\n<h3>Como se candidatar \u00e0s vagas de emprego<\/h3>\n<p>Se voc\u00ea encontrou uma oportunidade de emprego que se encaixa com o seu perfil profissional,<a href=\"https:\/\/99empregos.com.br\/vaga\/steck-abre-novas-vagas-de-emprego-confira-as-oportunidades\/\"> basta clicar neste link<\/a> para se candidatar agora mesmo por l\u00e1. No entanto, antes de efetivar a sua inscri\u00e7\u00e3o, recomendamos que fa\u00e7a uma revis\u00e3o completa de todos os pr\u00e9-requisitos solicitados pela companhia. Boa sorte!<\/p>\n","protected":false},"excerpt":{"rendered":"<p>A Steck, ind\u00fastria l\u00edder no fornecimento de materiais el\u00e9tricos para uso residencial, est\u00e1 com novas vagas de emprego abertas em diversas cidades espalhadas pelo pa\u00eds. Expandindo cada vez mais os seus investimentos em diferentes setores, a companhia agora precisa dos seguintes profissionais nas suas equipes: Analista de Qualidade S\u00eanior &#8211; Manaus &#8211; AM;\u00a0 Banco de [&hellip;]<\/p>\n","protected":false},"author":8,"featured_media":26905,"comment_status":"open","ping_status":"closed","sticky":false,"template":"","format":"standard","meta":{"footnotes":""},"categories":[7],"tags":[1544,1548,16],"class_list":["post-26902","post","type-post","status-publish","format-standard","has-post-thumbnail","hentry","category-noticias","tag-1544","tag-empregos-unicos","tag-vagas-de-emprego"],"_links":{"self":[{"href":"https:\/\/99empregos.com.br\/blog\/wp-json\/wp\/v2\/posts\/26902","targetHints":{"allow":["GET"]}}],"collection":[{"href":"https:\/\/99empregos.com.br\/blog\/wp-json\/wp\/v2\/posts"}],"about":[{"href":"https:\/\/99empregos.com.br\/blog\/wp-json\/wp\/v2\/types\/post"}],"author":[{"embeddable":true,"href":"https:\/\/99empregos.com.br\/blog\/wp-json\/wp\/v2\/users\/8"}],"replies":[{"embeddable":true,"href":"https:\/\/99empregos.com.br\/blog\/wp-json\/wp\/v2\/comments?post=26902"}],"version-history":[{"count":0,"href":"https:\/\/99empregos.com.br\/blog\/wp-json\/wp\/v2\/posts\/26902\/revisions"}],"wp:featuredmedia":[{"embeddable":true,"href":"https:\/\/99empregos.com.br\/blog\/wp-json\/wp\/v2\/media\/26905"}],"wp:attachment":[{"href":"https:\/\/99empregos.com.br\/blog\/wp-json\/wp\/v2\/media?parent=26902"}],"wp:term":[{"taxonomy":"category","embeddable":true,"href":"https:\/\/99empregos.com.br\/blog\/wp-json\/wp\/v2\/categories?post=26902"},{"taxonomy":"post_tag","embeddable":true,"href":"https:\/\/99empregos.com.br\/blog\/wp-json\/wp\/v2\/tags?post=26902"}],"curies":[{"name":"wp","href":"https:\/\/api.w.org\/{rel}","templated":true}]}}