{"id":27791,"date":"2023-03-27T19:19:27","date_gmt":"2023-03-27T22:19:27","guid":{"rendered":"https:\/\/123empregos.com.br\/?p=27791"},"modified":"2023-03-27T19:19:27","modified_gmt":"2023-03-27T22:19:27","slug":"empresa-de-telecomunicacoes-abre-novas-vagas-confira","status":"publish","type":"post","link":"https:\/\/99empregos.com.br\/blog\/empresa-de-telecomunicacoes-abre-novas-vagas-confira\/","title":{"rendered":"Empresa de telecomunica\u00e7\u00f5es abre novas vagas, confira"},"content":{"rendered":"<p>A Alares, empresa de telecomunica\u00e7\u00f5es com mais de 20 anos de hist\u00f3ria, est\u00e1 com <a href=\"https:\/\/99empregos.com.br\/vaga\/lett-digital-oferece-empregos-presenciais-e-home-office\/\">novas vagas de emprego<\/a> abertas nos estados de S\u00e3o Paulo, Minas Gerais e outras regi\u00f5es do pa\u00eds. Expandindo cada vez mais seus investimentos no setor, a companhia agora precisa dos seguintes profissionais por l\u00e1:<\/p>\n<ul>\n<li><span style=\"font-weight: 400\">Analista Cont\u00e1bil Pleno &#8211; Fortaleza &#8211; CE;\u00a0<\/span><\/li>\n<li><span style=\"font-weight: 400\">Analista de Compras Pleno &#8211; Fortaleza &#8211; CE;\u00a0<\/span><\/li>\n<li><span style=\"font-weight: 400\">Analista de Compras Pleno &#8211; Natal &#8211; RN;\u00a0<\/span><\/li>\n<li><span style=\"font-weight: 400\">Analista de Conte\u00fado e Canais Digitais &#8211; S\u00e3o Paulo &#8211; SP;\u00a0<\/span><\/li>\n<li><span style=\"font-weight: 400\">Analista de Controles Internos S\u00eanior &#8211; Fortaleza &#8211; CE;\u00a0<\/span><\/li>\n<li><span style=\"font-weight: 400\">Analista de Dados Sr. &#8211; Marketing &#8211; S\u00e3o Paulo &#8211; SP;\u00a0<\/span><\/li>\n<li><span style=\"font-weight: 400\">Analista de FP&amp;A Pleno &#8211; S\u00e3o Paulo &#8211; SP;<\/span><\/li>\n<li><span style=\"font-weight: 400\">Analista de FP&amp;A S\u00eanior &#8211; Fortaleza &#8211; CE e Remoto;\u00a0<\/span><\/li>\n<li><span style=\"font-weight: 400\">Analista de FP&amp;A S\u00eanior &#8211; S\u00e3o Paulo &#8211; SP;\u00a0<\/span><\/li>\n<li><span style=\"font-weight: 400\">Analista de Marketing Pleno &#8211; Ofertas e Promo\u00e7\u00f5es &#8211; S\u00e3o Paulo &#8211; SP;\u00a0<\/span><\/li>\n<li><span style=\"font-weight: 400\">Analista de Marketing S\u00eanior &#8211; Produtos &#8211; S\u00e3o Paulo &#8211; SP;\u00a0<\/span><\/li>\n<li><span style=\"font-weight: 400\">Analista de Marketing Sr. &#8211; Branding &#8211; S\u00e3o Paulo &#8211; SP;\u00a0<\/span><\/li>\n<li><span style=\"font-weight: 400\">Analista de Marketing &#8211; Varginha &#8211; MG;\u00a0<\/span><\/li>\n<li><span style=\"font-weight: 400\">Analista de M\u00eddias Online S\u00eanior &#8211; S\u00e3o Paulo &#8211; SP.<\/span><\/li>\n<\/ul>\n<figure id=\"attachment_27793\" aria-describedby=\"caption-attachment-27793\" style=\"width: 1200px\" class=\"wp-caption aligncenter\"><img decoding=\"async\" class=\"size-full wp-image-27793\" src=\"https:\/\/99empregos.com.br\/blog\/wp-content\/uploads\/2023\/03\/alares-vagas-2023.jpg\" alt=\"A Alares \u00e9 uma empresa de telecomunica\u00e7\u00f5es com mais de 20 anos de experi\u00eancia no Brasil. Foto: Divulga\u00e7\u00e3o\" width=\"1200\" height=\"650\" srcset=\"https:\/\/99empregos.com.br\/blog\/wp-content\/uploads\/2023\/03\/alares-vagas-2023.jpg 1200w, https:\/\/99empregos.com.br\/blog\/wp-content\/uploads\/2023\/03\/alares-vagas-2023-300x163.jpg 300w, https:\/\/99empregos.com.br\/blog\/wp-content\/uploads\/2023\/03\/alares-vagas-2023-1024x555.jpg 1024w, https:\/\/99empregos.com.br\/blog\/wp-content\/uploads\/2023\/03\/alares-vagas-2023-768x416.jpg 768w\" sizes=\"(max-width: 1200px) 100vw, 1200px\" \/><figcaption id=\"caption-attachment-27793\" class=\"wp-caption-text\">A Alares \u00e9 uma empresa de telecomunica\u00e7\u00f5es com mais de 20 anos de experi\u00eancia no Brasil. Foto: Divulga\u00e7\u00e3o<\/figcaption><\/figure>\n<h3>Mais informa\u00e7\u00f5es sobre a Alares<\/h3>\n<p>Somos uma empresa de telecomunica\u00e7\u00f5es (internet banda larga e fibra \u00f3ptica, TV e telefone fixo) que iniciou sua hist\u00f3ria h\u00e1 mais de 20 anos e hoje est\u00e1 presente em mais de 140 cidades do Brasil. H\u00e1 mais de 7 anos, iniciamos um processo de consolida\u00e7\u00e3o, adquirindo em sequ\u00eancia as empresas que hoje constituem a Alares.<\/p>\n<p>Em SP e MG, incorporamos empresas criadas para oferecer acesso \u00e0 internet \u00e0 popula\u00e7\u00e3o de pequenas e m\u00e9dias cidades do interior. Em CE, RN e PB incorporamos empresas que nasceram como pioneiras no servi\u00e7o de TV por assinatura, e logo iniciaram tamb\u00e9m a oferta de banda larga.<\/p>\n<p>A partir de 2020, unimos objetivos e ideias e passamos a nos chamar Grupo Conex\u00e3o. Em 2021, a Grain Management, empresa l\u00edder no setor de Private Equity se tornou nossa acionista controladora. Hoje, somos Alares. Acreditamos que a internet existe para mostrar que al\u00e9m \u00e9 uma palavra que cabe na vida e nos neg\u00f3cios de cada um e que conhecer e confiar na empresa que coloca internet na sua casa ou no seu neg\u00f3cio faz toda a diferen\u00e7a. N\u00e3o medimos esfor\u00e7os para sermos cada vez melhores. Contamos com um time em que o talento e a garra t\u00eam um s\u00f3 objetivo: levar nosso cliente onde ele quiser chegar.<\/p>\n<h3>Como se candidatar \u00e0s vagas de emprego<\/h3>\n<p>Voc\u00ea encontrou uma oportunidade que se encaixa com seu perfil profissional? \u00d3timo! Para se candidatar, <a href=\"https:\/\/99empregos.com.br\/vaga\/alares-abre-novas-vagas-confira-a-lista\/\">basta clicar neste link.<\/a> No entanto, antes de efetivar a sua inscri\u00e7\u00e3o por l\u00e1, n\u00f3s recomendamos que fa\u00e7a uma revis\u00e3o detalhada de todos os pr\u00e9-requisitos solicitados pela companhia, ok? Boa sorte!<\/p>\n","protected":false},"excerpt":{"rendered":"<p>A Alares, empresa de telecomunica\u00e7\u00f5es com mais de 20 anos de hist\u00f3ria, est\u00e1 com novas vagas de emprego abertas nos estados de S\u00e3o Paulo, Minas Gerais e outras regi\u00f5es do pa\u00eds. Expandindo cada vez mais seus investimentos no setor, a companhia agora precisa dos seguintes profissionais por l\u00e1: Analista Cont\u00e1bil Pleno &#8211; Fortaleza &#8211; CE;\u00a0 [&hellip;]<\/p>\n","protected":false},"author":8,"featured_media":27794,"comment_status":"open","ping_status":"closed","sticky":false,"template":"","format":"standard","meta":{"footnotes":""},"categories":[7],"tags":[1544,1051,5],"class_list":["post-27791","post","type-post","status-publish","format-standard","has-post-thumbnail","hentry","category-noticias","tag-1544","tag-alares","tag-empregos"],"_links":{"self":[{"href":"https:\/\/99empregos.com.br\/blog\/wp-json\/wp\/v2\/posts\/27791","targetHints":{"allow":["GET"]}}],"collection":[{"href":"https:\/\/99empregos.com.br\/blog\/wp-json\/wp\/v2\/posts"}],"about":[{"href":"https:\/\/99empregos.com.br\/blog\/wp-json\/wp\/v2\/types\/post"}],"author":[{"embeddable":true,"href":"https:\/\/99empregos.com.br\/blog\/wp-json\/wp\/v2\/users\/8"}],"replies":[{"embeddable":true,"href":"https:\/\/99empregos.com.br\/blog\/wp-json\/wp\/v2\/comments?post=27791"}],"version-history":[{"count":0,"href":"https:\/\/99empregos.com.br\/blog\/wp-json\/wp\/v2\/posts\/27791\/revisions"}],"wp:featuredmedia":[{"embeddable":true,"href":"https:\/\/99empregos.com.br\/blog\/wp-json\/wp\/v2\/media\/27794"}],"wp:attachment":[{"href":"https:\/\/99empregos.com.br\/blog\/wp-json\/wp\/v2\/media?parent=27791"}],"wp:term":[{"taxonomy":"category","embeddable":true,"href":"https:\/\/99empregos.com.br\/blog\/wp-json\/wp\/v2\/categories?post=27791"},{"taxonomy":"post_tag","embeddable":true,"href":"https:\/\/99empregos.com.br\/blog\/wp-json\/wp\/v2\/tags?post=27791"}],"curies":[{"name":"wp","href":"https:\/\/api.w.org\/{rel}","templated":true}]}}