{"id":28600,"date":"2023-04-01T14:08:53","date_gmt":"2023-04-01T17:08:53","guid":{"rendered":"https:\/\/123empregos.com.br\/?p=28600"},"modified":"2025-04-30T16:06:15","modified_gmt":"2025-04-30T19:06:15","slug":"grande-empresa-automotiva-abre-novas-vagas-confira","status":"publish","type":"post","link":"https:\/\/99empregos.com.br\/blog\/grande-empresa-automotiva-abre-novas-vagas-confira\/","title":{"rendered":"Volkswagen abre novas VAGAS, confira"},"content":{"rendered":"<p>A <a href=\"https:\/\/www.vw.com.br\/pt.html\" target=\"_blank\" rel=\"noopener\">Volkswagen<\/a>, grande empresa do setor automotivo com quase 70 anos de hist\u00f3ria no mercado brasileiro, est\u00e1 com novas <a href=\"https:\/\/99empregos.com.br\/healthtech-abre-novas-vagas-de-emprego-confira\/\">vagas de emprego abertas<\/a> na cidade de S\u00e3o Bernardo do Campo, em S\u00e3o Paulo. Expandindo cada vez mais seus investimentos dentro do setor, a companhia agora precisa dos seguintes profissionais por l\u00e1:<\/p>\n<ul>\n<li><span style=\"font-weight: 400;\">Agile Coach &#8211; S\u00e3o Bernardo do Campo &#8211; SP;\u00a0<\/span><\/li>\n<li><span style=\"font-weight: 400;\">Analista de Balan\u00e7o &#8211; S\u00e3o Bernardo do Campo &#8211; SP;\u00a0<\/span><\/li>\n<li><span style=\"font-weight: 400;\">Analista de Projetos &#8211; A23- 03 &#8211; S\u00e3o Bernardo do Campo &#8211; SP;\u00a0<\/span><\/li>\n<li><span style=\"font-weight: 400;\">Analista Planejamento Log\u00edstico S\u00eanior &#8211; (G23-55) &#8211; S\u00e3o Bernardo do Campo &#8211; SP;\u00a0<\/span><\/li>\n<li><span style=\"font-weight: 400;\">Analista Produto (Processos e Inova\u00e7\u00e3o) &#8211; S\u00e3o Bernardo do Campo &#8211; SP;\u00a0<\/span><\/li>\n<li><span style=\"font-weight: 400;\">Android OS Architect &#8211; S\u00e3o Bernardo do Campo &#8211; SP;\u00a0<\/span><\/li>\n<li><span style=\"font-weight: 400;\">Automotive System Engineer &#8211; S\u00e3o Bernardo do Campo &#8211; SP;\u00a0<\/span><\/li>\n<li><span style=\"font-weight: 400;\">Cluster Panel Engineer &#8211; S\u00e3o Bernardo do Campo &#8211; SP;\u00a0<\/span><\/li>\n<li><span style=\"font-weight: 400;\">Compradora (or) &#8211; G23-54 &#8211; S\u00e3o Bernardo do Campo &#8211; SP;\u00a0<\/span><\/li>\n<li><span style=\"font-weight: 400;\">Connectivity Engineer &#8211; S\u00e3o Bernardo do Campo &#8211; SP;\u00a0<\/span><\/li>\n<li><span style=\"font-weight: 400;\">Consultor de gerenciamento de projetos &#8211; S\u00e3o Bernardo do Campo &#8211; SP;\u00a0<\/span><\/li>\n<li><span style=\"font-weight: 400;\">Consultor de Planejamento do Produto &#8211; S\u00e3o Bernardo do Campo &#8211; SP;\u00a0<\/span><\/li>\n<li><span style=\"font-weight: 400;\">Coordenadora M\u00e9dica PCMSO &#8211; S\u00e3o Bernardo do Campo &#8211; SP;\u00a0<\/span><\/li>\n<li><span style=\"font-weight: 400;\">Engenheira\/Engenheiro de Testes e Valida\u00e7\u00e3o Instrumento Combinado (Integra\u00e7\u00e3o VKMS) &#8211; S\u00e3o Bernardo do Campo &#8211; SP;\u00a0<\/span><\/li>\n<li><span style=\"font-weight: 400;\">Engenheira\/Engenheiro de Testes e Valida\u00e7\u00e3o OTA (over-the-air update) &#8211; S\u00e3o Bernardo do Campo &#8211; SP;\u00a0<\/span><\/li>\n<li><span style=\"font-weight: 400;\">Engenheiro de Produto &#8211; S\u00e3o Bernardo do Campo &#8211; SP;\u00a0<\/span><\/li>\n<li><span style=\"font-weight: 400;\">Engenheiro de Produto &#8211; Desenvolvedor de Software &#8211; FullStack &#8211; S\u00e3o Bernardo do Campo &#8211; SP.<\/span><\/li>\n<\/ul>\n<figure id=\"attachment_28603\" aria-describedby=\"caption-attachment-28603\" style=\"width: 1200px\" class=\"wp-caption aligncenter\"><img decoding=\"async\" class=\"size-full wp-image-28603\" src=\"https:\/\/99empregos.com.br\/blog\/wp-content\/uploads\/2023\/04\/volks-vagas-2023.jpg\" alt=\"A Volkswagen est\u00e1 com novas vagas de emprego, confira as oportunidades e saiba como se candidatar agora mesmo por l\u00e1. Foto: Divulga\u00e7\u00e3o\" width=\"1200\" height=\"650\" srcset=\"https:\/\/99empregos.com.br\/blog\/wp-content\/uploads\/2023\/04\/volks-vagas-2023.jpg 1200w, https:\/\/99empregos.com.br\/blog\/wp-content\/uploads\/2023\/04\/volks-vagas-2023-300x163.jpg 300w, https:\/\/99empregos.com.br\/blog\/wp-content\/uploads\/2023\/04\/volks-vagas-2023-1024x555.jpg 1024w, https:\/\/99empregos.com.br\/blog\/wp-content\/uploads\/2023\/04\/volks-vagas-2023-768x416.jpg 768w\" sizes=\"(max-width: 1200px) 100vw, 1200px\" \/><figcaption id=\"caption-attachment-28603\" class=\"wp-caption-text\">A Volkswagen est\u00e1 com novas vagas de emprego, confira as oportunidades e saiba como se candidatar agora mesmo por l\u00e1. Foto: Divulga\u00e7\u00e3o<\/figcaption><\/figure>\n<h3>Mais informa\u00e7\u00f5es sobre a Volkswagen do Brasil<\/h3>\n<p>A Volkswagen est\u00e1 na vida, no cora\u00e7\u00e3o e na garagem dos brasileiros. J\u00e1 s\u00e3o quase 70 anos de uma hist\u00f3ria constru\u00edda por milhares de m\u00e3os, que buscam entregar produtos e servi\u00e7os cada vez mais inovadores e que v\u00e3o transformar os rumos da mobilidade urbana.<\/p>\n<p>A Nossa Volkswagen quer ser a cada dia mais diversa, digital, \u00e1gil, centrada no cliente e neutra em carbono. O nosso compromisso \u00e9 em entregar cada vez mais valor aos nossos clientes, colaboradores, parceiros e para a sociedade. Esperamos oferecer experi\u00eancias incr\u00edveis e construir o futuro de uma maneira mais sustent\u00e1vel e surpreendente. Incentivamos o debate, as novas ideias e solu\u00e7\u00f5es. Valorizamos o trabalho em equipe, a empatia, e juntos, aceleramos! Somos a \u00fanica montadora a receber em todos os anos, desde 2019, a certifica\u00e7\u00e3o Top Employer, o mais importante reconhecimento internacional da excel\u00eancia de uma empresa na gest\u00e3o de pessoas.regos.com.br\/wp-admin\/post-new.php<\/p>\n<h3>Como se candidatar \u00e0s vagas<\/h3>\n<p>Se voc\u00ea encontrou uma boa oportunidade de emprego que se encaixa com o seu perfil profissional e suas ambi\u00e7\u00f5es no mercado,<a href=\"https:\/\/99empregos.com.br\/vaga\/volkswagen-anuncia-novas-vagas-de-emprego-confira\/\"> basta clicar neste link<\/a> para se candidatar agora mesmo por l\u00e1. No entanto, antes de efetivar a sua candidatura, recomendamos que fa\u00e7a uma revis\u00e3o completa de todos os pr\u00e9-requisitos solicitados pela companhia. Boa sorte!<\/p>\n","protected":false},"excerpt":{"rendered":"<p>A Volkswagen, grande empresa do setor automotivo com quase 70 anos de hist\u00f3ria no mercado brasileiro, est\u00e1 com novas vagas de emprego abertas na cidade de S\u00e3o Bernardo do Campo, em S\u00e3o Paulo. Expandindo cada vez mais seus investimentos dentro do setor, a companhia agora precisa dos seguintes profissionais por l\u00e1: Agile Coach &#8211; S\u00e3o [&hellip;]<\/p>\n","protected":false},"author":8,"featured_media":28604,"comment_status":"open","ping_status":"closed","sticky":false,"template":"","format":"standard","meta":{"footnotes":""},"categories":[7],"tags":[5,1542,2831,393],"class_list":["post-28600","post","type-post","status-publish","format-standard","has-post-thumbnail","hentry","category-noticias","tag-empregos","tag-vagas-2023","tag-vagas-de-emprego-hoje","tag-volkswagen"],"_links":{"self":[{"href":"https:\/\/99empregos.com.br\/blog\/wp-json\/wp\/v2\/posts\/28600","targetHints":{"allow":["GET"]}}],"collection":[{"href":"https:\/\/99empregos.com.br\/blog\/wp-json\/wp\/v2\/posts"}],"about":[{"href":"https:\/\/99empregos.com.br\/blog\/wp-json\/wp\/v2\/types\/post"}],"author":[{"embeddable":true,"href":"https:\/\/99empregos.com.br\/blog\/wp-json\/wp\/v2\/users\/8"}],"replies":[{"embeddable":true,"href":"https:\/\/99empregos.com.br\/blog\/wp-json\/wp\/v2\/comments?post=28600"}],"version-history":[{"count":0,"href":"https:\/\/99empregos.com.br\/blog\/wp-json\/wp\/v2\/posts\/28600\/revisions"}],"wp:featuredmedia":[{"embeddable":true,"href":"https:\/\/99empregos.com.br\/blog\/wp-json\/wp\/v2\/media\/28604"}],"wp:attachment":[{"href":"https:\/\/99empregos.com.br\/blog\/wp-json\/wp\/v2\/media?parent=28600"}],"wp:term":[{"taxonomy":"category","embeddable":true,"href":"https:\/\/99empregos.com.br\/blog\/wp-json\/wp\/v2\/categories?post=28600"},{"taxonomy":"post_tag","embeddable":true,"href":"https:\/\/99empregos.com.br\/blog\/wp-json\/wp\/v2\/tags?post=28600"}],"curies":[{"name":"wp","href":"https:\/\/api.w.org\/{rel}","templated":true}]}}