{"id":28826,"date":"2023-04-03T16:17:11","date_gmt":"2023-04-03T19:17:11","guid":{"rendered":"https:\/\/123empregos.com.br\/?p=28826"},"modified":"2023-04-03T16:17:11","modified_gmt":"2023-04-03T19:17:11","slug":"rede-de-saude-integrada-abre-novas-vagas-veja-a-lista","status":"publish","type":"post","link":"https:\/\/99empregos.com.br\/blog\/rede-de-saude-integrada-abre-novas-vagas-veja-a-lista\/","title":{"rendered":"Rede de sa\u00fade abre vagas no PA\u00cdS, veja a lista"},"content":{"rendered":"<p>A Dasa, uma das mairoes redes integradas de sa\u00fade em atividade no Brasil, est\u00e1 com novas <a href=\"https:\/\/99empregos.com.br\/vaga\/seara-anuncia-novas-vagas-de-emprego-pelo-brasil-veja-os-cargos-e-regioes\/\">vagas de emprego<\/a> abertas pelo pa\u00eds. Atrav\u00e9s do Programa Crescer, a companhia realiza um processo de capacita\u00e7\u00e3o profissional de novos candidatos. Confira quais s\u00e3o os cargos abertos por l\u00e1:<\/p>\n<ul>\n<li><span style=\"font-weight: 400;\">Analista de Engenharia Cl\u00ednica;<\/span><\/li>\n<li><span style=\"font-weight: 400;\">Analista de Gest\u00e3o II &#8211; S\u00e3o Paulo &#8211; SP;\u00a0<\/span><\/li>\n<li><span style=\"font-weight: 400;\">Analista de Glosas I &#8211; Hospital da Bahia &#8211; BA;\u00a0<\/span><\/li>\n<li><span style=\"font-weight: 400;\">Analista de Novos Neg\u00f3cios III &#8211; S\u00e3o Paulo &#8211; SP;\u00a0<\/span><\/li>\n<li><span style=\"font-weight: 400;\">Analista de Novos Neg\u00f3cios II &#8211; S\u00e3o Paulo &#8211; SP;\u00a0<\/span><\/li>\n<li><span style=\"font-weight: 400;\">Analista de Pesquisa e Desenvolvimento;\u00a0<\/span><\/li>\n<li><span style=\"font-weight: 400;\">Analista de Planejamento Financeiro II &#8211; S\u00e3o Paulo &#8211; SP;\u00a0<\/span><\/li>\n<li><span style=\"font-weight: 400;\">Analista de Pr\u00e9 Anal\u00edtico;<\/span><\/li>\n<li><span style=\"font-weight: 400;\">Analista de Processos II &#8211; S\u00e3o Paulo &#8211; SP;\u00a0<\/span><\/li>\n<li><span style=\"font-weight: 400;\">Analista de Processos II &#8211; S\u00e3o Paulo &#8211; SP;\u00a0<\/span><\/li>\n<li><span style=\"font-weight: 400;\">Analista de Qualidade II &#8211; Salvador &#8211; BA;\u00a0<\/span><\/li>\n<li><span style=\"font-weight: 400;\">Analista Opera\u00e7\u00f5es II;<\/span><\/li>\n<li><span style=\"font-weight: 400;\">Assistente Administrativo; <\/span><\/li>\n<li><span style=\"font-weight: 400;\">Assistente Administrativo &#8211; Complexo Hospitalar de Niter\u00f3i &#8211; RJ;\u00a0<\/span><\/li>\n<li><span style=\"font-weight: 400;\">Assistente Administrativo &#8211; Hospital &#8211; Bras\u00edlia &#8211; DF;\u00a0<\/span><\/li>\n<li><span style=\"font-weight: 400;\">Assistente Coleta Atendimento &#8211; Crescer;\u00a0<\/span><\/li>\n<li><span style=\"font-weight: 400;\">Assistente de Coleta II;\u00a0<\/span><\/li>\n<li><span style=\"font-weight: 400;\">Assistente de Coleta Premium I;\u00a0<\/span><\/li>\n<li><span style=\"font-weight: 400;\">Assistente de Coleta Premium II;\u00a0<\/span><\/li>\n<li><span style=\"font-weight: 400;\">Assistente de Compras &#8211; S\u00e3o Paulo &#8211; SP.<\/span><\/li>\n<\/ul>\n<figure id=\"attachment_28830\" aria-describedby=\"caption-attachment-28830\" style=\"width: 1200px\" class=\"wp-caption aligncenter\"><img decoding=\"async\" class=\"size-full wp-image-28830\" src=\"https:\/\/99empregos.com.br\/blog\/wp-content\/uploads\/2023\/04\/crescer-vagas-2023.jpg\" alt=\"Atrav\u00e9s do Programa Crescer, a Dasa capacita e contrata novos profissionais no mercado. Foto: Divulga\u00e7\u00e3o\" width=\"1200\" height=\"650\" srcset=\"https:\/\/99empregos.com.br\/blog\/wp-content\/uploads\/2023\/04\/crescer-vagas-2023.jpg 1200w, https:\/\/99empregos.com.br\/blog\/wp-content\/uploads\/2023\/04\/crescer-vagas-2023-300x163.jpg 300w, https:\/\/99empregos.com.br\/blog\/wp-content\/uploads\/2023\/04\/crescer-vagas-2023-1024x555.jpg 1024w, https:\/\/99empregos.com.br\/blog\/wp-content\/uploads\/2023\/04\/crescer-vagas-2023-768x416.jpg 768w\" sizes=\"(max-width: 1200px) 100vw, 1200px\" \/><figcaption id=\"caption-attachment-28830\" class=\"wp-caption-text\">Atrav\u00e9s do Programa Crescer, a Dasa capacita e contrata novos profissionais no mercado. Foto: Divulga\u00e7\u00e3o<\/figcaption><\/figure>\n<h3>Mais informa\u00e7\u00f5es sobre o Programa Crescer<\/h3>\n<p>O Programa Crescer \u00e9 o programa de carreiras da Dasa. Tem como objetivo estimular que o(a) colaborador(a) seja o(a) protagonista de sua carreira, tendo seu(ua) gestor(a) como mentor(a), com o suporte da \u00e1rea de Pessoas e Cultura. Para n\u00f3s, carreira \u00e9 a trajet\u00f3ria que o(a) colaborador(a) exerce na Dasa, seja vertical ou horizontal, por meio das habilidades adquiridas.<\/p>\n<p>Vai al\u00e9m de promo\u00e7\u00f5es e\/ou ascens\u00e3o para posi\u00e7\u00f5es de lideran\u00e7a, compreendendo o crescimento horizontal, mudan\u00e7a de escopo nas atividades, incremento de responsabilidades, mudan\u00e7as de cargo, \u00e1rea, carga hor\u00e1ria e remunera\u00e7\u00e3o. Para que o(a) profissional seja realizado(a) e perceba sucesso em sua carreira na Dasa, \u00e9 fundamental que ele(a) se conhe\u00e7a, saiba o que deseja e com que tipos de trabalhos se identifica, e aproveite os recursos fornecidos pela empresa, como Performe, Universidade Dasa, feedbacks, mentoria do(a) gestor(a), etc.<\/p>\n<p>Acreditamos que o(a) profissional \u00e9 o principal respons\u00e1vel pela sua carreira, mentorado(a) pelo(a) seu(ua) gestor(a). Todo o processo \u00e9 suportado pelo RH, que fornece as ferramentas necess\u00e1rias para que colaborador(a) e gestor(a) possam assumir e exercer os seus pap\u00e9is.<\/p>\n<h3>Como se candidatar<\/h3>\n<p>Se voc\u00ea encontrou uma oportunidade de emprego que se encaixa com o seu perfil profissional, <a href=\"https:\/\/99empregos.com.br\/vaga\/dasa-abre-novas-vagas-confira\/\">basta clicar neste link<\/a> para se candidatar agora mesmo. No entanto, \u00e9 recomendado confirmar todos os pr\u00e9-requisitos solicitados pela companhia antes de efetivar a sua inscri\u00e7\u00e3o. Boa sorte!<\/p>\n","protected":false},"excerpt":{"rendered":"<p>A Dasa, uma das mairoes redes integradas de sa\u00fade em atividade no Brasil, est\u00e1 com novas vagas de emprego abertas pelo pa\u00eds. Atrav\u00e9s do Programa Crescer, a companhia realiza um processo de capacita\u00e7\u00e3o profissional de novos candidatos. Confira quais s\u00e3o os cargos abertos por l\u00e1: Analista de Engenharia Cl\u00ednica; Analista de Gest\u00e3o II &#8211; S\u00e3o [&hellip;]<\/p>\n","protected":false},"author":8,"featured_media":28831,"comment_status":"open","ping_status":"closed","sticky":false,"template":"","format":"standard","meta":{"footnotes":""},"categories":[7],"tags":[1544,897,5,778,16],"class_list":["post-28826","post","type-post","status-publish","format-standard","has-post-thumbnail","hentry","category-noticias","tag-1544","tag-dasa","tag-empregos","tag-novas-oportunidades","tag-vagas-de-emprego"],"_links":{"self":[{"href":"https:\/\/99empregos.com.br\/blog\/wp-json\/wp\/v2\/posts\/28826","targetHints":{"allow":["GET"]}}],"collection":[{"href":"https:\/\/99empregos.com.br\/blog\/wp-json\/wp\/v2\/posts"}],"about":[{"href":"https:\/\/99empregos.com.br\/blog\/wp-json\/wp\/v2\/types\/post"}],"author":[{"embeddable":true,"href":"https:\/\/99empregos.com.br\/blog\/wp-json\/wp\/v2\/users\/8"}],"replies":[{"embeddable":true,"href":"https:\/\/99empregos.com.br\/blog\/wp-json\/wp\/v2\/comments?post=28826"}],"version-history":[{"count":0,"href":"https:\/\/99empregos.com.br\/blog\/wp-json\/wp\/v2\/posts\/28826\/revisions"}],"wp:featuredmedia":[{"embeddable":true,"href":"https:\/\/99empregos.com.br\/blog\/wp-json\/wp\/v2\/media\/28831"}],"wp:attachment":[{"href":"https:\/\/99empregos.com.br\/blog\/wp-json\/wp\/v2\/media?parent=28826"}],"wp:term":[{"taxonomy":"category","embeddable":true,"href":"https:\/\/99empregos.com.br\/blog\/wp-json\/wp\/v2\/categories?post=28826"},{"taxonomy":"post_tag","embeddable":true,"href":"https:\/\/99empregos.com.br\/blog\/wp-json\/wp\/v2\/tags?post=28826"}],"curies":[{"name":"wp","href":"https:\/\/api.w.org\/{rel}","templated":true}]}}