{"id":29331,"date":"2023-04-06T13:19:26","date_gmt":"2023-04-06T16:19:26","guid":{"rendered":"https:\/\/123empregos.com.br\/?p=29331"},"modified":"2023-04-06T13:19:26","modified_gmt":"2023-04-06T16:19:26","slug":"companhia-de-solucoes-agricolas-abre-vagas-no-brasil-e-outros-paises-vizinhos-confira","status":"publish","type":"post","link":"https:\/\/99empregos.com.br\/blog\/companhia-de-solucoes-agricolas-abre-vagas-no-brasil-e-outros-paises-vizinhos-confira\/","title":{"rendered":"Companhia de solu\u00e7\u00f5es agr\u00edcolas abre vagas no Brasil e outros pa\u00edses vizinhos, confira"},"content":{"rendered":"<p>A <a href=\"https:\/\/nutrien.com.br\/\" target=\"_blank\" rel=\"noopener\">Nutrien<\/a>, companhia de solu\u00e7\u00f5es agr\u00edcolas com mais de 25 anos de hist\u00f3ria, est\u00e1 com novas <a href=\"https:\/\/99empregos.com.br\/vaga\/ems-anuncia-novas-vagas-de-emprego-em-sao-paulo-e-brasilia-veja-os-cargos\/\">vagas de emprego<\/a> no estado do Mato Grosso do Sul, mas tamb\u00e9m oferece possibilidades de emprego na Argentina e no Uruguai. Expandindo cada vez mais seus investimentos, a companhia agora precisa dos seguintes profissionais por l\u00e1:<\/p>\n<ul>\n<li><span style=\"font-weight: 400\">Analista de Cr\u00e9dito &#8211; Buenos Aires;<\/span><\/li>\n<li><span style=\"font-weight: 400\">Analista de Cr\u00e9dito e Cobran\u00e7a &#8211; Buenos Aires;<\/span><\/li>\n<li><span style=\"font-weight: 400\">Analista de Facilities Jr &#8211; LAS &#8211; Buenos Aires;<\/span><\/li>\n<li><span style=\"font-weight: 400\">Analista de Opera\u00e7\u00f5es de RH Sr. &#8211; Buenos Aires;<\/span><\/li>\n<li><span style=\"font-weight: 400\">Analista de Log\u00edstica Sr &#8211; Buenos Aires;<\/span><\/li>\n<li><span style=\"font-weight: 400\">Auxiliar Administrativo &#8211; Tarariras;<\/span><\/li>\n<li><span style=\"font-weight: 400\">Auxiliar Administrativo &#8211; Jovem;<\/span><\/li>\n<li><span style=\"font-weight: 400\">Assistente Administrativo &#8211; Cucha &#8211; Chacabuco;<\/span><\/li>\n<li><span style=\"font-weight: 400\">Banco de Talentos Nutrien LAS;<\/span><\/li>\n<li><span style=\"font-weight: 400\">Consultor\/Consultor de Vendas III &#8211; Nova Andradina\/MS;<\/span><\/li>\n<li><span style=\"font-weight: 400\">Consultor T\u00e9cnico Comercial Sr. &#8211; Durazno, Uruguai Dolores;<\/span><\/li>\n<li><span style=\"font-weight: 400\">Consultor T\u00e9cnico Comercial Sr. &#8211; Flores, Uruguai Dolores;<\/span><\/li>\n<li><span style=\"font-weight: 400\">Consultor T\u00e9cnico Comercial Sr. &#8211; Tarariras, Uruguai Tarariras;<\/span><\/li>\n<li><span style=\"font-weight: 400\">Consultor T\u00e9cnico Comercial Sr. &#8211; Jovem\/Paysandu;<\/span><\/li>\n<li><span style=\"font-weight: 400\">Consultor T\u00e9cnico Comercial &#8211; Regi\u00e3o IV Linares;<\/span><\/li>\n<li><span style=\"font-weight: 400\">Consultor T\u00e9cnico Comercial &#8211; Talca, Regi\u00e3o de Maule Talca;<\/span><\/li>\n<li><span style=\"font-weight: 400\">Coordenador de Planejamento e Performance Comercial LAS Vicente Lopez;<\/span><\/li>\n<li><span style=\"font-weight: 400\">Gerente de Opera\u00e7\u00f5es da Cadeia de Suprimentos &#8211; Gardey \/ Balcarce Balcarce;<\/span><\/li>\n<li><span style=\"font-weight: 400\">Gerente de Opera\u00e7\u00f5es da Cadeia de Suprimentos &#8211; La California \/ Galvez Las Rosas;<\/span><\/li>\n<li><span style=\"font-weight: 400\">Gerente de Opera\u00e7\u00f5es da Cadeia de Suprimentos &#8211; Mechita \/ French Bragado.<\/span><\/li>\n<\/ul>\n<figure id=\"attachment_29333\" aria-describedby=\"caption-attachment-29333\" style=\"width: 1200px\" class=\"wp-caption aligncenter\"><img decoding=\"async\" class=\"size-full wp-image-29333\" src=\"https:\/\/99empregos.com.br\/blog\/wp-content\/uploads\/2023\/04\/nutrien-vagas-202.jpg\" alt=\"A Nutrien est\u00e1 com novas vagas de emprego, confira as oportunidades. Foto: Divulga\u00e7\u00e3o\" width=\"1200\" height=\"650\" srcset=\"https:\/\/99empregos.com.br\/blog\/wp-content\/uploads\/2023\/04\/nutrien-vagas-202.jpg 1200w, https:\/\/99empregos.com.br\/blog\/wp-content\/uploads\/2023\/04\/nutrien-vagas-202-300x163.jpg 300w, https:\/\/99empregos.com.br\/blog\/wp-content\/uploads\/2023\/04\/nutrien-vagas-202-1024x555.jpg 1024w, https:\/\/99empregos.com.br\/blog\/wp-content\/uploads\/2023\/04\/nutrien-vagas-202-768x416.jpg 768w\" sizes=\"(max-width: 1200px) 100vw, 1200px\" \/><figcaption id=\"caption-attachment-29333\" class=\"wp-caption-text\">A Nutrien est\u00e1 com novas vagas de emprego, confira as oportunidades. Foto: Divulga\u00e7\u00e3o<\/figcaption><\/figure>\n<h3>Mais informa\u00e7\u00f5es sobre a Nutrien<\/h3>\n<p>Somos a maior fornecedora mundial de insumos e servi\u00e7os agr\u00edcolas, desempenhando um papel relevante em ajudar os produtores a aumentar a produ\u00e7\u00e3o de alimentos com seguran\u00e7a e responsabilidade. Com ferramentas de inova\u00e7\u00e3o e tecnologia aliadas a um atendimento \u00e1gil e confi\u00e1vel, a Nutrien oferece ao agricultor uma plataforma de produtos e servi\u00e7os integrados para todas as etapas da cadeia produtiva.<\/p>\n<p>Operamos no varejo com lojas f\u00edsicas e centros de experi\u00eancias espalhados por S\u00e3o Paulo, Minas Gerais, Goi\u00e1s, Tocantins e Mato Grosso do Sul. Contamos com quatro misturadores de fertilizantes, tr\u00eas armaz\u00e9ns de gr\u00e3os, duas f\u00e1bricas de produ\u00e7\u00e3o de sementes de soja e uma f\u00e1brica de nutricionais. Nos pr\u00f3ximos anos, pretendemos continuar investindo no Brasil, dando sequ\u00eancia ao nosso plano estrat\u00e9gico de crescimento em regi\u00f5es importantes para o agroneg\u00f3cio brasileiro e na constru\u00e7\u00e3o da maior e melhor plataforma de solu\u00e7\u00f5es integradas aos agricultores.<\/p>\n<h3>Tudo o que voc\u00ea precisa saber para se candidatar agora mesmo<\/h3>\n<p>Se voc\u00ea encontrou uma nova oportunidade de emprego e que se encaixa com as suas diretrizes e ambi\u00e7\u00f5es profissionais, <a href=\"https:\/\/99empregos.com.br\/vaga\/nutrien-abre-novas-vagas-fora-do-brasil-confira\/\">basta clicar neste link<\/a> para se candidatar. No entanto, reveja todos os pr\u00e9-requisitos solicitados pela companhia antes de efetivar a sua inscri\u00e7\u00e3o por l\u00e1. Boa sorte com a sua candidatura!<\/p>\n","protected":false},"excerpt":{"rendered":"<p>A Nutrien, companhia de solu\u00e7\u00f5es agr\u00edcolas com mais de 25 anos de hist\u00f3ria, est\u00e1 com novas vagas de emprego no estado do Mato Grosso do Sul, mas tamb\u00e9m oferece possibilidades de emprego na Argentina e no Uruguai. Expandindo cada vez mais seus investimentos, a companhia agora precisa dos seguintes profissionais por l\u00e1: Analista de Cr\u00e9dito [&hellip;]<\/p>\n","protected":false},"author":8,"featured_media":29334,"comment_status":"open","ping_status":"closed","sticky":false,"template":"","format":"standard","meta":{"footnotes":""},"categories":[7],"tags":[1544,2500,778,1196,16],"class_list":["post-29331","post","type-post","status-publish","format-standard","has-post-thumbnail","hentry","category-noticias","tag-1544","tag-empregos-hoje","tag-novas-oportunidades","tag-nutrien","tag-vagas-de-emprego"],"_links":{"self":[{"href":"https:\/\/99empregos.com.br\/blog\/wp-json\/wp\/v2\/posts\/29331","targetHints":{"allow":["GET"]}}],"collection":[{"href":"https:\/\/99empregos.com.br\/blog\/wp-json\/wp\/v2\/posts"}],"about":[{"href":"https:\/\/99empregos.com.br\/blog\/wp-json\/wp\/v2\/types\/post"}],"author":[{"embeddable":true,"href":"https:\/\/99empregos.com.br\/blog\/wp-json\/wp\/v2\/users\/8"}],"replies":[{"embeddable":true,"href":"https:\/\/99empregos.com.br\/blog\/wp-json\/wp\/v2\/comments?post=29331"}],"version-history":[{"count":0,"href":"https:\/\/99empregos.com.br\/blog\/wp-json\/wp\/v2\/posts\/29331\/revisions"}],"wp:featuredmedia":[{"embeddable":true,"href":"https:\/\/99empregos.com.br\/blog\/wp-json\/wp\/v2\/media\/29334"}],"wp:attachment":[{"href":"https:\/\/99empregos.com.br\/blog\/wp-json\/wp\/v2\/media?parent=29331"}],"wp:term":[{"taxonomy":"category","embeddable":true,"href":"https:\/\/99empregos.com.br\/blog\/wp-json\/wp\/v2\/categories?post=29331"},{"taxonomy":"post_tag","embeddable":true,"href":"https:\/\/99empregos.com.br\/blog\/wp-json\/wp\/v2\/tags?post=29331"}],"curies":[{"name":"wp","href":"https:\/\/api.w.org\/{rel}","templated":true}]}}