{"id":31123,"date":"2023-04-18T06:38:39","date_gmt":"2023-04-18T09:38:39","guid":{"rendered":"https:\/\/123empregos.com.br\/?p=31123"},"modified":"2023-04-18T06:38:39","modified_gmt":"2023-04-18T09:38:39","slug":"grupo-educacional-abre-novas-vagas-veja-as-oportunidades","status":"publish","type":"post","link":"https:\/\/99empregos.com.br\/blog\/grupo-educacional-abre-novas-vagas-veja-as-oportunidades\/","title":{"rendered":"Grupo EDUCACIONAL abre novas vagas, veja"},"content":{"rendered":"<figure id=\"attachment_31126\" aria-describedby=\"caption-attachment-31126\" style=\"width: 1200px\" class=\"wp-caption aligncenter\"><img decoding=\"async\" class=\"size-full wp-image-31126\" src=\"https:\/\/99empregos.com.br\/blog\/wp-content\/uploads\/2023\/04\/rede-batista-vagas-2023.jpg\" alt=\"A Rede Batista de Educa\u00e7\u00e3o est\u00e1 com novas vagas de emprego, confira quais s\u00e3o as oportunidades e saiba como se candidatar. Foto: Divulga\u00e7\u00e3o\" width=\"1200\" height=\"650\" srcset=\"https:\/\/99empregos.com.br\/blog\/wp-content\/uploads\/2023\/04\/rede-batista-vagas-2023.jpg 1200w, https:\/\/99empregos.com.br\/blog\/wp-content\/uploads\/2023\/04\/rede-batista-vagas-2023-300x163.jpg 300w, https:\/\/99empregos.com.br\/blog\/wp-content\/uploads\/2023\/04\/rede-batista-vagas-2023-1024x555.jpg 1024w, https:\/\/99empregos.com.br\/blog\/wp-content\/uploads\/2023\/04\/rede-batista-vagas-2023-768x416.jpg 768w\" sizes=\"(max-width: 1200px) 100vw, 1200px\" \/><figcaption id=\"caption-attachment-31126\" class=\"wp-caption-text\">A Rede Batista de Educa\u00e7\u00e3o est\u00e1 com novas vagas de emprego, confira quais s\u00e3o as oportunidades e saiba como se candidatar. Foto: Divulga\u00e7\u00e3o<\/figcaption><\/figure>\n<p>A Rede Batista de Educa\u00e7\u00e3o, um dos grupos do setor que mais cresce no pa\u00eds, est\u00e1 com novas<a href=\"https:\/\/99empregos.com.br\/vaga\/ecogen-brasil-oferece-empregos-em-tres-estados\/\"> vagas de emprego<\/a> abertas nas cidades de Belo Horizonte (MG), Nova Lima (SP) e S\u00e3o Paulo (SP). Expandindo cada vez mais seus investimentos nas duas importantes regi\u00f5es, a companhia agora precisa de mais profissionais. Confira, portanto, quais s\u00e3o as vagas:<\/p>\n<ul>\n<li><span style=\"font-weight: 400;\">Analista de Desenvolvimento &#8211; ERP (TOTVS) &#8211; Belo Horizonte &#8211; MG;\u00a0<\/span><\/li>\n<li><span style=\"font-weight: 400;\">Auxiliar Educacional &#8211; Unidade Alphaville &#8211; Nova Lima &#8211; MG;\u00a0<\/span><\/li>\n<li><span style=\"font-weight: 400;\">Auxiliar Educacional &#8211; Vila Mariana &#8211; S\u00e3o Paulo &#8211; SP;\u00a0<\/span><\/li>\n<li><span style=\"font-weight: 400;\">Monitor de Educa\u00e7\u00e3o Infantil \/ Fund &#8211; Alphaville &#8211; Nova Lima &#8211; MG;\u00a0<\/span><\/li>\n<li><span style=\"font-weight: 400;\">Monitor de Educa\u00e7\u00e3o Infantil \/ Fund &#8211; Unidade Buritis &#8211; Belo Horizonte &#8211; MG;\u00a0<\/span><\/li>\n<li><span style=\"font-weight: 400;\">Monitor de Educa\u00e7\u00e3o Infantil \/ Fund &#8211; Vila Mariana &#8211; S\u00e3o Paulo &#8211; SP;\u00a0<\/span><\/li>\n<li><span style=\"font-weight: 400;\">Monitor Portugu\u00eas &#8211; Alphaville &#8211; Nova Lima &#8211; MG.<\/span><\/li>\n<\/ul>\n<h3>Mais informa\u00e7\u00f5es sobre a Rede Batista de Educa\u00e7\u00e3o<\/h3>\n<p>Somos uma Rede de educa\u00e7\u00e3o formada por mais de 15 unidades educacionais presentes nos estados de Minas Gerais, S\u00e3o Paulo, Para\u00edba, Rio Grande do Sul, Amazonas e Rio de Janeiro.\u00a0A nossa miss\u00e3o \u00e9 contribuir para a forma\u00e7\u00e3o integral dos estudantes por meio de um processo educativo diferenciado, alinhado aos princ\u00edpios e valores crist\u00e3os.<\/p>\n<p>Assim, esse desafio de ofertar uma educa\u00e7\u00e3o humana e de excel\u00eancia tem sido cumprido em todas as nossas unidades educacionais, que inclui o Col\u00e9gio Batista Mineiro, cuja trajet\u00f3ria j\u00e1 soma 104 anos de hist\u00f3ria e conquistas, al\u00e9m do Col\u00e9gio Batista Brasil que t\u00eam sido refer\u00eancia nos estados em que atua.<\/p>\n<div class=\"column mcb-column mcb-item-2c6b8459a one-second column_column\">\n<div class=\"column_attr clearfix\">\n<p>Desde 1943, a Rede Batista tem como \u00f3rg\u00e3o superior da administra\u00e7\u00e3o a Junta de Educa\u00e7\u00e3o da Conven\u00e7\u00e3o Batista Mineira \u2013 entidade sem fins lucrativos. Com a miss\u00e3o de ofertar educa\u00e7\u00e3o integral, todas as unidades da institui\u00e7\u00e3o proporcionam uma forma\u00e7\u00e3o que visa o desenvolvimento corporal, cognitivo, socioemocional e espiritual, tendo como base os princ\u00edpios do car\u00e1ter crist\u00e3o.<\/p>\n<\/div>\n<\/div>\n<div class=\"column mcb-column mcb-item-6459f129a one-second column_column\">\n<div class=\"column_attr clearfix\">\n<h3 class=\"box-verde\">Como se candidatar<\/h3>\n<p>Se voc\u00ea encontrou uma boa oportunidade de emprego na Rede Batista que se encaixa com seu perfil profissional, <a href=\"https:\/\/99empregos.com.br\/vaga\/rede-batista-de-educacao-abre-novas-vagas-de-emprego-confira-agora-mesmo\/\">basta clicar aqui<\/a> para se candidatar agora mesmo. No entanto, n\u00f3s recomendamos que voc\u00ea fa\u00e7a uma revis\u00e3o completa e detalhada de todos os pr\u00e9-requisitos solicitados pela companhia antes de efetivar a sua inscri\u00e7\u00e3o. Boa sorte!<\/p>\n<\/div>\n<\/div>\n","protected":false},"excerpt":{"rendered":"<p>A Rede Batista de Educa\u00e7\u00e3o, um dos grupos do setor que mais cresce no pa\u00eds, est\u00e1 com novas vagas de emprego abertas nas cidades de Belo Horizonte (MG), Nova Lima (SP) e S\u00e3o Paulo (SP). Expandindo cada vez mais seus investimentos nas duas importantes regi\u00f5es, a companhia agora precisa de mais profissionais. Confira, portanto, quais [&hellip;]<\/p>\n","protected":false},"author":8,"featured_media":31127,"comment_status":"open","ping_status":"closed","sticky":false,"template":"","format":"standard","meta":{"footnotes":""},"categories":[7],"tags":[560,2831],"class_list":["post-31123","post","type-post","status-publish","format-standard","has-post-thumbnail","hentry","category-noticias","tag-educacao","tag-vagas-de-emprego-hoje"],"_links":{"self":[{"href":"https:\/\/99empregos.com.br\/blog\/wp-json\/wp\/v2\/posts\/31123","targetHints":{"allow":["GET"]}}],"collection":[{"href":"https:\/\/99empregos.com.br\/blog\/wp-json\/wp\/v2\/posts"}],"about":[{"href":"https:\/\/99empregos.com.br\/blog\/wp-json\/wp\/v2\/types\/post"}],"author":[{"embeddable":true,"href":"https:\/\/99empregos.com.br\/blog\/wp-json\/wp\/v2\/users\/8"}],"replies":[{"embeddable":true,"href":"https:\/\/99empregos.com.br\/blog\/wp-json\/wp\/v2\/comments?post=31123"}],"version-history":[{"count":0,"href":"https:\/\/99empregos.com.br\/blog\/wp-json\/wp\/v2\/posts\/31123\/revisions"}],"wp:featuredmedia":[{"embeddable":true,"href":"https:\/\/99empregos.com.br\/blog\/wp-json\/wp\/v2\/media\/31127"}],"wp:attachment":[{"href":"https:\/\/99empregos.com.br\/blog\/wp-json\/wp\/v2\/media?parent=31123"}],"wp:term":[{"taxonomy":"category","embeddable":true,"href":"https:\/\/99empregos.com.br\/blog\/wp-json\/wp\/v2\/categories?post=31123"},{"taxonomy":"post_tag","embeddable":true,"href":"https:\/\/99empregos.com.br\/blog\/wp-json\/wp\/v2\/tags?post=31123"}],"curies":[{"name":"wp","href":"https:\/\/api.w.org\/{rel}","templated":true}]}}