{"id":32431,"date":"2023-04-26T09:10:45","date_gmt":"2023-04-26T12:10:45","guid":{"rendered":"https:\/\/123empregos.com.br\/?p=32431"},"modified":"2023-04-26T09:10:45","modified_gmt":"2023-04-26T12:10:45","slug":"grande-rede-farmaceutica-abre-vagas-de-emprego-confira","status":"publish","type":"post","link":"https:\/\/99empregos.com.br\/blog\/grande-rede-farmaceutica-abre-vagas-de-emprego-confira\/","title":{"rendered":"Grande REDE FARMAC\u00caUTICA abre vagas de emprego, confira"},"content":{"rendered":"<p>A Clamed, uma das maiores redes de farm\u00e1cias do Brasil, est\u00e1 com novas <a href=\"https:\/\/99empregos.com.br\/vaga\/granado-divulga-novas-vagas-de-emprego-veja-as-regioes-e-cargos\/\">vagas de emprego<\/a> abertas nos estados do Rio Grande do Sul, Santa Catarina e tamb\u00e9m no Mato Grosso do Sul. Expandindo cada vez mais seus investimentos no setor, a empresa agora precisa de mais profissionais nas suas equipes. Confira, antes de mais nada, quais s\u00e3o as oportunidades:<\/p>\n<ul>\n<li><span style=\"font-weight: 400\">Analista Fiscal Pleno &#8211; Joinville &#8211; SC;\u00a0<\/span><\/li>\n<li><span style=\"font-weight: 400\">Farmac\u00eautico(a) &#8211; Coxim &#8211; MS;\u00a0<\/span><\/li>\n<li><span style=\"font-weight: 400\">Farmac\u00eautico(a) &#8211; DC- Crici\u00fama &#8211; SC;\u00a0<\/span><\/li>\n<li><span style=\"font-weight: 400\">Farmac\u00eautico(a)- DC &#8211; Crici\u00fama &#8211; SC;<\/span><\/li>\n<li><span style=\"font-weight: 400\">Farmac\u00eautico(a) &#8211; DC &#8211; Crici\u00fama &#8211; SC;\u00a0<\/span><\/li>\n<li><span style=\"font-weight: 400\">Farmac\u00eautico(a) &#8211; DC &#8211; Joinville &#8211; SC;\u00a0<\/span><\/li>\n<li><span style=\"font-weight: 400\">Farmac\u00eautico(a) Piv\u00f4 &#8211; Cachoeirinha &#8211; RS;\u00a0<\/span><\/li>\n<li><span style=\"font-weight: 400\">Farmac\u00eautico(a) Piv\u00f4 &#8211; Caxias do Sul e Serra &#8211; RS;\u00a0<\/span><\/li>\n<li><span style=\"font-weight: 400\">Farmac\u00eautico(a) Piv\u00f4 &#8211; Porto Alegre &#8211; RS;\u00a0<\/span><\/li>\n<li><span style=\"font-weight: 400\">Farmac\u00eautico(a) &#8211; PP &#8211; Bento Gon\u00e7alves &#8211; RS;\u00a0<\/span><\/li>\n<li><span style=\"font-weight: 400\">Farmac\u00eautico(a) &#8211; Brusque &#8211; SC;\u00a0<\/span><\/li>\n<li><span style=\"font-weight: 400\">Farmac\u00eautico(a) &#8211; Cambori\u00fa &#8211; SC;\u00a0<\/span><\/li>\n<li><span style=\"font-weight: 400\">Farmac\u00eautico (a) &#8211; Campo Grande &#8211; MS;\u00a0<\/span><\/li>\n<li><span style=\"font-weight: 400\">Farmac\u00eautico(a) &#8211; Canoas &#8211; RS;\u00a0<\/span><\/li>\n<li><span style=\"font-weight: 400\">Farmac\u00eautico(a) &#8211; Florian\u00f3polis &#8211; SC;<\/span><span style=\"font-weight: 400\">\u00a0<\/span><\/li>\n<li><span style=\"font-weight: 400\">Farmac\u00eautico(a) &#8211; PP Get\u00falio Vargas (tempor\u00e1ria) &#8211; Joinville &#8211; SC;\u00a0<\/span><\/li>\n<li><span style=\"font-weight: 400\">Farmac\u00eautico(a) &#8211; PP &#8211; Jaguaruna &#8211; SC.<\/span><\/li>\n<\/ul>\n<figure id=\"attachment_32434\" aria-describedby=\"caption-attachment-32434\" style=\"width: 1200px\" class=\"wp-caption aligncenter\"><img decoding=\"async\" class=\"size-full wp-image-32434\" src=\"https:\/\/99empregos.com.br\/blog\/wp-content\/uploads\/2023\/04\/clamed-vagas-2023.jpg\" alt=\"A Clamed \u00e9 uma das maiores redes farmac\u00eauticas do Brasil. Foto: Divulga\u00e7\u00e3o\" width=\"1200\" height=\"650\" srcset=\"https:\/\/99empregos.com.br\/blog\/wp-content\/uploads\/2023\/04\/clamed-vagas-2023.jpg 1200w, https:\/\/99empregos.com.br\/blog\/wp-content\/uploads\/2023\/04\/clamed-vagas-2023-300x163.jpg 300w, https:\/\/99empregos.com.br\/blog\/wp-content\/uploads\/2023\/04\/clamed-vagas-2023-1024x555.jpg 1024w, https:\/\/99empregos.com.br\/blog\/wp-content\/uploads\/2023\/04\/clamed-vagas-2023-768x416.jpg 768w\" sizes=\"(max-width: 1200px) 100vw, 1200px\" \/><figcaption id=\"caption-attachment-32434\" class=\"wp-caption-text\">A Clamed \u00e9 uma das maiores redes farmac\u00eauticas do Brasil. Foto: Divulga\u00e7\u00e3o<\/figcaption><\/figure>\n<h3>Mais informa\u00e7\u00f5es sobre a Clamed<\/h3>\n<p>Venha fazer parte de uma das maiores redes de farm\u00e1cias do Brasil! Se voc\u00ea \u00e9 farmac\u00eautico (a) e est\u00e1 em busca de um ambiente de trabalho em que possa se desenvolver ainda mais, a CLAMED Farm\u00e1cias \u00e9 o local ideal para voc\u00ea. Aqui, voc\u00ea encontra um ambiente plural e muitas oportunidades para ampliar seus conhecimentos e crescer. Atualmente, 95% de nossas ger\u00eancias de loja foram promovidas internamente, com programas que buscam desenvolver o potencial m\u00e1ximo de nossos farmac\u00eauticos.<\/p>\n<p>A CLAMED Farm\u00e1cias \u00e9 uma empresa centen\u00e1ria que agrupa as marcas Drogaria Catarinense, Drogaria Catarinense Manipula\u00e7\u00e3o, Farm\u00e1cia Pre\u00e7o Popular, Farmagora, Proformula e CLAMED Health Center. Temos valores s\u00f3lidos, como a \u00e9tica e o respeito com as pessoas, e estimulamos a criatividade colaborativa e inova\u00e7\u00e3o. Diariamente, cumprimos a nossa miss\u00e3o de ouvir e servir, proporcionando sa\u00fade e bem-estar. S\u00e3o mais de 560 lojas espalhadas pelo Brasil, atendendo dezenas de milhares de clientes. Assim, damos vida ao nosso prop\u00f3sito de sermos pessoas dedicadas a pessoas.<\/p>\n<h3>Como se candidatar?<\/h3>\n<p>Voc\u00ea encontrou uma oportunidade de emprego que se encaixa com seu perfil? Que bom! Para se candidatar, <a href=\"https:\/\/99empregos.com.br\/vaga\/clamed-abre-novas-vagas-confira-as-oportunidades\/\">basta clicar neste link aqui.<\/a> No entanto, antes de confirmar a sua candidatura, n\u00f3s recomendamos que fa\u00e7a uma revis\u00e3o completa e detalhada de todos os pr\u00e9-requisitos solicitados pela companhia, ok? A equipe do 123 empregos te deseja uma boa sorte!<\/p>\n","protected":false},"excerpt":{"rendered":"<p>A Clamed, uma das maiores redes de farm\u00e1cias do Brasil, est\u00e1 com novas vagas de emprego abertas nos estados do Rio Grande do Sul, Santa Catarina e tamb\u00e9m no Mato Grosso do Sul. Expandindo cada vez mais seus investimentos no setor, a empresa agora precisa de mais profissionais nas suas equipes. Confira, antes de mais [&hellip;]<\/p>\n","protected":false},"author":8,"featured_media":32435,"comment_status":"open","ping_status":"closed","sticky":false,"template":"","format":"standard","meta":{"footnotes":""},"categories":[7],"tags":[2977,2500,778,1542,2978],"class_list":["post-32431","post","type-post","status-publish","format-standard","has-post-thumbnail","hentry","category-noticias","tag-clamed","tag-empregos-hoje","tag-novas-oportunidades","tag-vagas-2023","tag-vagas-farmacia"],"_links":{"self":[{"href":"https:\/\/99empregos.com.br\/blog\/wp-json\/wp\/v2\/posts\/32431","targetHints":{"allow":["GET"]}}],"collection":[{"href":"https:\/\/99empregos.com.br\/blog\/wp-json\/wp\/v2\/posts"}],"about":[{"href":"https:\/\/99empregos.com.br\/blog\/wp-json\/wp\/v2\/types\/post"}],"author":[{"embeddable":true,"href":"https:\/\/99empregos.com.br\/blog\/wp-json\/wp\/v2\/users\/8"}],"replies":[{"embeddable":true,"href":"https:\/\/99empregos.com.br\/blog\/wp-json\/wp\/v2\/comments?post=32431"}],"version-history":[{"count":0,"href":"https:\/\/99empregos.com.br\/blog\/wp-json\/wp\/v2\/posts\/32431\/revisions"}],"wp:featuredmedia":[{"embeddable":true,"href":"https:\/\/99empregos.com.br\/blog\/wp-json\/wp\/v2\/media\/32435"}],"wp:attachment":[{"href":"https:\/\/99empregos.com.br\/blog\/wp-json\/wp\/v2\/media?parent=32431"}],"wp:term":[{"taxonomy":"category","embeddable":true,"href":"https:\/\/99empregos.com.br\/blog\/wp-json\/wp\/v2\/categories?post=32431"},{"taxonomy":"post_tag","embeddable":true,"href":"https:\/\/99empregos.com.br\/blog\/wp-json\/wp\/v2\/tags?post=32431"}],"curies":[{"name":"wp","href":"https:\/\/api.w.org\/{rel}","templated":true}]}}