{"id":35594,"date":"2023-05-24T08:59:16","date_gmt":"2023-05-24T11:59:16","guid":{"rendered":"https:\/\/123empregos.com.br\/?p=35594"},"modified":"2025-04-30T16:08:32","modified_gmt":"2025-04-30T19:08:32","slug":"friglear-abre-novas-vagas-confira-os-locais-e-envie-agora-mesmo-o-seu-curriculo","status":"publish","type":"post","link":"https:\/\/99empregos.com.br\/blog\/friglear-abre-novas-vagas-confira-os-locais-e-envie-agora-mesmo-o-seu-curriculo\/","title":{"rendered":"Friglear abre NOVAS VAGAS, confira os locais e envie agora mesmo o seu curr\u00edculo"},"content":{"rendered":"<div class=\"group w-full text-gray-800 dark:text-gray-100 border-b border-black\/10 dark:border-gray-900\/50 bg-gray-50 dark:bg-[#444654]\">\n<div class=\"flex p-4 gap-4 text-base md:gap-6 md:max-w-2xl lg:max-w-xl xl:max-w-3xl md:py-6 lg:px-0 m-auto\">\n<div class=\"relative flex w-[calc(100%-50px)] flex-col gap-1 md:gap-3 lg:w-[calc(100%-115px)]\">\n<div class=\"flex flex-grow flex-col gap-3\">\n<div class=\"min-h-[20px] flex flex-col items-start gap-4 whitespace-pre-wrap break-words\">\n<div class=\"markdown prose w-full break-words dark:prose-invert light\">\n<p>A <a href=\"https:\/\/www.frigelar.com.br\/\" target=\"_blank\" rel=\"noopener\">Frigelar<\/a>, uma das principais empresas do ramo de climatiza\u00e7\u00e3o e refrigera\u00e7\u00e3o, anunciou recentemente a <a href=\"https:\/\/99empregos.com.br\/vaga\/piracanjuba-divulga-mais-de-30-vagas-de-emprego-pelo-pais\/\">abertura de novas vagas<\/a> de emprego na companhia. As oportunidades abrangem \u00e1reas como vendas, assist\u00eancia t\u00e9cnica, log\u00edstica e muito mais. A empresa oferece um ambiente de trabalho din\u00e2mico, com possibilidades de desenvolvimento profissional e benef\u00edcios atrativos para seus colaboradores. Confira abaixo a lista completa de oportunidades:<\/p>\n<ul>\n<li style=\"font-weight: 400\"><span style=\"font-weight: 400\">Auxiliar de Log\u00edstica &#8211; Bahia &#8211; BA;<\/span><\/li>\n<li style=\"font-weight: 400\"><span style=\"font-weight: 400\">Auxiliar de Log\u00edstica &#8211; Osasco &#8211; SP;<\/span><\/li>\n<li style=\"font-weight: 400\"><span style=\"font-weight: 400\">Auxiliar de Log\u00edstica &#8211; Cuiab\u00e1 &#8211; MT;<\/span><\/li>\n<li style=\"font-weight: 400\"><span style=\"font-weight: 400\">Auxiliar Administrativo &#8211; Extrema &#8211; MG;<\/span><\/li>\n<li style=\"font-weight: 400\"><span style=\"font-weight: 400\">Auxiliar Administrativo &#8211; Cachoeirinha &#8211; RS;<\/span><\/li>\n<li style=\"font-weight: 400\"><span style=\"font-weight: 400\">Operador de Caixa &#8211; S\u00e3o Paulo &#8211; SP;<\/span><\/li>\n<li style=\"font-weight: 400\"><span style=\"font-weight: 400\">Operador de Caixa &#8211; Porto Alegre &#8211; RS;<\/span><\/li>\n<li style=\"font-weight: 400\"><span style=\"font-weight: 400\">Vendedor Balconista &#8211; Rio de Janeiro &#8211; RJ;<\/span><\/li>\n<li style=\"font-weight: 400\"><span style=\"font-weight: 400\">Auxiliar de Log\u00edstica &#8211; Cuiab\u00e1 &#8211; MT;<\/span><\/li>\n<li style=\"font-weight: 400\"><span style=\"font-weight: 400\">Auxiliar de Log\u00edstica &#8211; Navegantes &#8211; SC;<\/span><\/li>\n<li style=\"font-weight: 400\"><span style=\"font-weight: 400\">Vendedor Interno &#8211; Salvador &#8211; BA;<\/span><\/li>\n<li style=\"font-weight: 400\"><span style=\"font-weight: 400\">Auxiliar de Produ\u00e7\u00e3o &#8211; Osasco &#8211; SP;<\/span><\/li>\n<li style=\"font-weight: 400\"><span style=\"font-weight: 400\">Operador de Produ\u00e7\u00e3o &#8211; Cachoeirinha &#8211; RS;<\/span><\/li>\n<li style=\"font-weight: 400\"><span style=\"font-weight: 400\">Auxiliar de PCP &#8211; Cachoeirinha &#8211; RS;<\/span><\/li>\n<li style=\"font-weight: 400\"><span style=\"font-weight: 400\">Jovem Aprendiz &#8211; Porto Alegre &#8211; RS.<\/span><\/li>\n<\/ul>\n<figure id=\"attachment_35597\" aria-describedby=\"caption-attachment-35597\" style=\"width: 1200px\" class=\"wp-caption aligncenter\"><img decoding=\"async\" class=\"size-full wp-image-35597\" src=\"https:\/\/99empregos.com.br\/blog\/wp-content\/uploads\/2023\/05\/frigelar-vagas-2023.jpg\" alt=\"A Frigelar est\u00e1 com novas vagas de emprego, confira quais s\u00e3o as oportunidades e candidate-se. Foto: Reprodu\u00e7\u00e3o\/ Web\" width=\"1200\" height=\"650\" srcset=\"https:\/\/99empregos.com.br\/blog\/wp-content\/uploads\/2023\/05\/frigelar-vagas-2023.jpg 1200w, https:\/\/99empregos.com.br\/blog\/wp-content\/uploads\/2023\/05\/frigelar-vagas-2023-300x163.jpg 300w, https:\/\/99empregos.com.br\/blog\/wp-content\/uploads\/2023\/05\/frigelar-vagas-2023-1024x555.jpg 1024w, https:\/\/99empregos.com.br\/blog\/wp-content\/uploads\/2023\/05\/frigelar-vagas-2023-768x416.jpg 768w\" sizes=\"(max-width: 1200px) 100vw, 1200px\" \/><figcaption id=\"caption-attachment-35597\" class=\"wp-caption-text\">A Frigelar est\u00e1 com novas vagas de emprego, confira quais s\u00e3o as oportunidades e candidate-se. Foto: Reprodu\u00e7\u00e3o\/ Web<\/figcaption><\/figure>\n<h3>Mais informa\u00e7\u00f5es sobre a Frigelar<\/h3>\n<p>A Frigelar, l\u00edder no Brasil nos segmentos de refrigera\u00e7\u00e3o, climatiza\u00e7\u00e3o e eletro, disponibiliza a seus clientes e parceiros uma linha completa de pe\u00e7as de refrigera\u00e7\u00e3o comercial e dom\u00e9stica, aparelhos de ar-condicionado, eletrodom\u00e9sticos, eletroport\u00e1teis, gases refrigerantes, ferramentas diversas, solu\u00e7\u00f5es personalizadas em c\u00e2maras frias e muito mais.<\/p>\n<p>A empresa possui lojas f\u00edsicas em 15 estados Brasileiros (+ Distrito federal), 8 centros de distribui\u00e7\u00e3o e 4 ind\u00fastrias localizadas nas regi\u00f5es sul, sudeste e nordeste do Brasil, sendo tr\u00eas f\u00e1bricas de c\u00e2maras, pain\u00e9is e portas termoisolantes e uma f\u00e1brica de suportes de ar-condicionado. Esta enorme capilaridade garante \u00e0 Frigelar uma entrega r\u00e1pida dos seus produtos a qualquer cliente do Brasil. Al\u00e9m disso, a Frigelar oferece uma experi\u00eancia de compra segura e que melhor atenda aos seus clientes, seja nas lojas f\u00edsicas, no site APP Frigelar ou pelo programa de vantagens Impulsiona Frigelar.<\/p>\n<h3>Como se candidatar?<\/h3>\n<p>Quer trabalhar na Frigelar? Que bom que voc\u00ea encontrou uma vaga que se encaixa com os seus requisitos profissionais! Para se candidatar e enviar agora mesmo seu curr\u00edculo, <a href=\"https:\/\/99empregos.com.br\/vaga\/frigelar-abre-novas-vagas-confira-as-oportunidades\/\">basta clicar neste link<\/a> e seguir todas as orienta\u00e7\u00f5es. No entanto, antes de efetivar a sua inscri\u00e7\u00e3o por l\u00e1, \u00e9 recomendado conferir novamente todas as informa\u00e7\u00f5es b\u00e1sicas sobre a vaga em quest\u00e3o. A equipe do 123 Empregos te deseja uma boa sorte!<\/p>\n<\/div>\n<\/div>\n<\/div>\n<\/div>\n<\/div>\n<\/div>\n","protected":false},"excerpt":{"rendered":"<p>A Frigelar, uma das principais empresas do ramo de climatiza\u00e7\u00e3o e refrigera\u00e7\u00e3o, anunciou recentemente a abertura de novas vagas de emprego na companhia. As oportunidades abrangem \u00e1reas como vendas, assist\u00eancia t\u00e9cnica, log\u00edstica e muito mais. A empresa oferece um ambiente de trabalho din\u00e2mico, com possibilidades de desenvolvimento profissional e benef\u00edcios atrativos para seus colaboradores. Confira [&hellip;]<\/p>\n","protected":false},"author":8,"featured_media":35598,"comment_status":"open","ping_status":"closed","sticky":false,"template":"","format":"standard","meta":{"footnotes":""},"categories":[7],"tags":[1044,778,1542],"class_list":["post-35594","post","type-post","status-publish","format-standard","has-post-thumbnail","hentry","category-noticias","tag-empregos-no-brasil","tag-novas-oportunidades","tag-vagas-2023"],"_links":{"self":[{"href":"https:\/\/99empregos.com.br\/blog\/wp-json\/wp\/v2\/posts\/35594","targetHints":{"allow":["GET"]}}],"collection":[{"href":"https:\/\/99empregos.com.br\/blog\/wp-json\/wp\/v2\/posts"}],"about":[{"href":"https:\/\/99empregos.com.br\/blog\/wp-json\/wp\/v2\/types\/post"}],"author":[{"embeddable":true,"href":"https:\/\/99empregos.com.br\/blog\/wp-json\/wp\/v2\/users\/8"}],"replies":[{"embeddable":true,"href":"https:\/\/99empregos.com.br\/blog\/wp-json\/wp\/v2\/comments?post=35594"}],"version-history":[{"count":0,"href":"https:\/\/99empregos.com.br\/blog\/wp-json\/wp\/v2\/posts\/35594\/revisions"}],"wp:featuredmedia":[{"embeddable":true,"href":"https:\/\/99empregos.com.br\/blog\/wp-json\/wp\/v2\/media\/35598"}],"wp:attachment":[{"href":"https:\/\/99empregos.com.br\/blog\/wp-json\/wp\/v2\/media?parent=35594"}],"wp:term":[{"taxonomy":"category","embeddable":true,"href":"https:\/\/99empregos.com.br\/blog\/wp-json\/wp\/v2\/categories?post=35594"},{"taxonomy":"post_tag","embeddable":true,"href":"https:\/\/99empregos.com.br\/blog\/wp-json\/wp\/v2\/tags?post=35594"}],"curies":[{"name":"wp","href":"https:\/\/api.w.org\/{rel}","templated":true}]}}