{"id":37836,"date":"2023-06-15T05:58:24","date_gmt":"2023-06-15T08:58:24","guid":{"rendered":"https:\/\/123empregos.com.br\/?p=37836"},"modified":"2025-04-30T16:06:15","modified_gmt":"2025-04-30T19:06:15","slug":"vagas-na-volkswagen-15-06-trabalhe-hoje-mesmo-veja-as-cidades-e-envie-o-seu-curriculo","status":"publish","type":"post","link":"https:\/\/99empregos.com.br\/blog\/vagas-na-volkswagen-15-06-trabalhe-hoje-mesmo-veja-as-cidades-e-envie-o-seu-curriculo\/","title":{"rendered":"VAGAS NA VOLKSWAGEN (15\/06): trabalhe hoje mesmo, veja as cidades e envie o seu curr\u00edculo!"},"content":{"rendered":"<p>A <a href=\"https:\/\/www.vw.com.br\/pt.html\" target=\"_blank\" rel=\"noopener\">Volkswagen<\/a>, renomada empresa automotiva, anunciou nas \u00faltimas horas uma nova lista com <a href=\"https:\/\/99empregos.com.br\/vaga\/grupo-srm-abre-novas-vagas-de-emprego-confira-as-oportunidades\/\">vagas de emprego<\/a> abertas para diferentes setores e cidades. Como uma das principais marcas do setor, a Volkswagen oferece um ambiente de trabalho estimulante e repleto de oportunidades de crescimento profissional. Em busca de profissionais talentosos e dedicados, a companhia deseja impulsionar a ind\u00fastria automobil\u00edstica ao lado de profissionais capacitados. Quer trabalhar l\u00e1? Confira a lista abaixo completa de vagas dispon\u00edveis:<\/p>\n<ul>\n<li style=\"font-weight: 400\"><span style=\"font-weight: 400\">Analista de Intelig\u00eancia de Mercado &#8211; G23-74, S\u00e3o Bernardo do Campo &#8211; SP;<\/span><\/li>\n<li style=\"font-weight: 400\"><span style=\"font-weight: 400\">Analista de Neg\u00f3cios e Projetos de TI, Curitiba &#8211; PR;<\/span><\/li>\n<li style=\"font-weight: 400\"><span style=\"font-weight: 400\">Analista de Produto S\u00eanior, S\u00e3o Bernardo do Campo &#8211; SP;<\/span><\/li>\n<li style=\"font-weight: 400\"><span style=\"font-weight: 400\">Analista de Sistemas TI, S\u00e3o Bernardo do Campo &#8211; SP;<\/span><\/li>\n<li style=\"font-weight: 400\"><span style=\"font-weight: 400\">Analista de Tecnologia do Produto, S\u00e3o Bernardo do Campo &#8211; SP;<\/span><\/li>\n<li style=\"font-weight: 400\"><span style=\"font-weight: 400\">Android OS Architect, S\u00e3o Bernardo do Campo &#8211; SP;<\/span><\/li>\n<li style=\"font-weight: 400\"><span style=\"font-weight: 400\">Automotive System Engineer, S\u00e3o Bernardo do Campo &#8211; SP;<\/span><\/li>\n<li style=\"font-weight: 400\"><span style=\"font-weight: 400\">Cluster Panel Engineer, S\u00e3o Bernardo do Campo &#8211; SP;<\/span><\/li>\n<li style=\"font-weight: 400\"><span style=\"font-weight: 400\">Connectivity Engineer, S\u00e3o Bernardo do Campo &#8211; SP;<\/span><\/li>\n<li style=\"font-weight: 400\"><span style=\"font-weight: 400\">Consultor de Gerenciamento de Projetos, S\u00e3o Bernardo do Campo &#8211; SP;<\/span><\/li>\n<li style=\"font-weight: 400\"><span style=\"font-weight: 400\">Engenheira\/Engenheiro de Testes e Valida\u00e7\u00e3o Instrumento Combinado (Integra\u00e7\u00e3o VKMS), S\u00e3o Bernardo do Campo &#8211; SP;<\/span><\/li>\n<li style=\"font-weight: 400\"><span style=\"font-weight: 400\">Engenheira\/Engenheiro de Testes e Valida\u00e7\u00e3o OTA (over-the-air update), S\u00e3o Bernardo do Campo &#8211; SP;<\/span><\/li>\n<li style=\"font-weight: 400\"><span style=\"font-weight: 400\">Engenheira (o) de Torque e Estrat\u00e9gias de Aparafusamento (G23-72), S\u00e3o Bernardo do Campo &#8211; SP;<\/span><\/li>\n<li style=\"font-weight: 400\"><span style=\"font-weight: 400\">Engenheiro (a) de Produtos (Carrocerias e Sistemas de Ilumina\u00e7\u00e3o), S\u00e3o Bernardo do Campo &#8211; SP;<\/span><\/li>\n<li style=\"font-weight: 400\"><span style=\"font-weight: 400\">Engenheiro de Produto &#8211; Desenvolvedor de Software &#8211; FullStack, S\u00e3o Bernardo do Campo &#8211; SP;<\/span><\/li>\n<li style=\"font-weight: 400\"><span style=\"font-weight: 400\">Engenheiro de Produto &#8211; Desenvolvedor de Software | SW Embarcado\/Applica\u00e7\u00e3o Android, S\u00e3o Bernardo do Campo &#8211; SP;<\/span><\/li>\n<li style=\"font-weight: 400\"><span style=\"font-weight: 400\">Engenheiro de Produto &#8211; Release Management and OTA, S\u00e3o Bernardo do Campo &#8211; SP;<\/span><\/li>\n<li style=\"font-weight: 400\"><span style=\"font-weight: 400\">Engenheiro DevOps, S\u00e3o Bernardo do Campo &#8211; SP.<\/span><\/li>\n<\/ul>\n<figure id=\"attachment_37838\" aria-describedby=\"caption-attachment-37838\" style=\"width: 1200px\" class=\"wp-caption aligncenter\"><img decoding=\"async\" class=\"size-full wp-image-37838\" src=\"https:\/\/99empregos.com.br\/blog\/wp-content\/uploads\/2023\/06\/volks-vagas-2023.jpg\" alt=\"A Volkswagen est\u00e1 com novas vagas de emprego, confira as oportunidades e saiba como se candidatar. Foto: Reprodu\u00e7\u00e3o\/ Web\" width=\"1200\" height=\"675\" srcset=\"https:\/\/99empregos.com.br\/blog\/wp-content\/uploads\/2023\/06\/volks-vagas-2023.jpg 1200w, https:\/\/99empregos.com.br\/blog\/wp-content\/uploads\/2023\/06\/volks-vagas-2023-300x169.jpg 300w, https:\/\/99empregos.com.br\/blog\/wp-content\/uploads\/2023\/06\/volks-vagas-2023-1024x576.jpg 1024w, https:\/\/99empregos.com.br\/blog\/wp-content\/uploads\/2023\/06\/volks-vagas-2023-768x432.jpg 768w\" sizes=\"(max-width: 1200px) 100vw, 1200px\" \/><figcaption id=\"caption-attachment-37838\" class=\"wp-caption-text\">A Volkswagen est\u00e1 com novas vagas de emprego, confira as oportunidades e saiba como se candidatar. Foto: Reprodu\u00e7\u00e3o\/ Web<\/figcaption><\/figure>\n<h3>Mais informa\u00e7\u00f5es sobre a Volkswagen<\/h3>\n<p>A Volkswagen est\u00e1 na vida, no cora\u00e7\u00e3o e na garagem dos brasileiros. J\u00e1 s\u00e3o quase 70 anos de uma hist\u00f3ria constru\u00edda por milhares de m\u00e3os, que buscam entregar produtos e servi\u00e7os cada vez mais inovadores e que v\u00e3o transformar os rumos da mobilidade urbana. A Nossa Volkswagen quer ser a cada dia mais diversa, digital, \u00e1gil, centrada no cliente e neutra em carbono.<\/p>\n<p>O nosso compromisso \u00e9 em entregar cada vez mais valor aos nossos clientes, colaboradores, parceiros e para a sociedade. Esperamos oferecer experi\u00eancias incr\u00edveis e construir o futuro de uma maneira mais sustent\u00e1vel e surpreendente. Incentivamos o debate, as novas ideias e solu\u00e7\u00f5es. Valorizamos o trabalho em equipe, a empatia, e juntos, aceleramos!<\/p>\n<h3>Tudo o que voc\u00ea precisa saber para se candidatar por l\u00e1<\/h3>\n<p>Encontrou aquela oportunidade de emprego que tanto sonhava? Para se candidatar agora mesmo, <strong><span style=\"text-decoration: underline\"><a href=\"https:\/\/99empregos.com.br\/vaga\/trabalhe-hoje-mesmo-volkswagen-abre-novas-vagas-confira\/\">CLIQUE AQUI NESTE LINK<\/a><\/span><\/strong> e envie o seu cur\u00edculo para a empresa. Antes de confirmar a sua inscri\u00e7\u00e3o por l\u00e1, verifique se os seus dados est\u00e3o corretos, como e-mail, telefone e outras informa\u00e7\u00f5es pessoais. A equipe do 123 Empregos deseja a voc\u00ea uma boa sorte!<\/p>\n","protected":false},"excerpt":{"rendered":"<p>A Volkswagen, renomada empresa automotiva, anunciou nas \u00faltimas horas uma nova lista com vagas de emprego abertas para diferentes setores e cidades. Como uma das principais marcas do setor, a Volkswagen oferece um ambiente de trabalho estimulante e repleto de oportunidades de crescimento profissional. Em busca de profissionais talentosos e dedicados, a companhia deseja impulsionar [&hellip;]<\/p>\n","protected":false},"author":8,"featured_media":37839,"comment_status":"open","ping_status":"closed","sticky":false,"template":"","format":"standard","meta":{"footnotes":""},"categories":[7],"tags":[1544,2500,778,16,393],"class_list":["post-37836","post","type-post","status-publish","format-standard","has-post-thumbnail","hentry","category-noticias","tag-1544","tag-empregos-hoje","tag-novas-oportunidades","tag-vagas-de-emprego","tag-volkswagen"],"_links":{"self":[{"href":"https:\/\/99empregos.com.br\/blog\/wp-json\/wp\/v2\/posts\/37836","targetHints":{"allow":["GET"]}}],"collection":[{"href":"https:\/\/99empregos.com.br\/blog\/wp-json\/wp\/v2\/posts"}],"about":[{"href":"https:\/\/99empregos.com.br\/blog\/wp-json\/wp\/v2\/types\/post"}],"author":[{"embeddable":true,"href":"https:\/\/99empregos.com.br\/blog\/wp-json\/wp\/v2\/users\/8"}],"replies":[{"embeddable":true,"href":"https:\/\/99empregos.com.br\/blog\/wp-json\/wp\/v2\/comments?post=37836"}],"version-history":[{"count":0,"href":"https:\/\/99empregos.com.br\/blog\/wp-json\/wp\/v2\/posts\/37836\/revisions"}],"wp:featuredmedia":[{"embeddable":true,"href":"https:\/\/99empregos.com.br\/blog\/wp-json\/wp\/v2\/media\/37839"}],"wp:attachment":[{"href":"https:\/\/99empregos.com.br\/blog\/wp-json\/wp\/v2\/media?parent=37836"}],"wp:term":[{"taxonomy":"category","embeddable":true,"href":"https:\/\/99empregos.com.br\/blog\/wp-json\/wp\/v2\/categories?post=37836"},{"taxonomy":"post_tag","embeddable":true,"href":"https:\/\/99empregos.com.br\/blog\/wp-json\/wp\/v2\/tags?post=37836"}],"curies":[{"name":"wp","href":"https:\/\/api.w.org\/{rel}","templated":true}]}}