{"id":37841,"date":"2023-06-15T06:04:08","date_gmt":"2023-06-15T09:04:08","guid":{"rendered":"https:\/\/123empregos.com.br\/?p=37841"},"modified":"2023-06-15T06:04:08","modified_gmt":"2023-06-15T09:04:08","slug":"essa-e-sua-chance-de-trabalhar-hoje-clamed-abre-novas-vagas-na-sua-regiao-confira","status":"publish","type":"post","link":"https:\/\/99empregos.com.br\/blog\/essa-e-sua-chance-de-trabalhar-hoje-clamed-abre-novas-vagas-na-sua-regiao-confira\/","title":{"rendered":"ESSA \u00c9 SUA CHANCE DE TRABALHAR HOJE: Clamed abre novas vagas na sua regi\u00e3o, confira!"},"content":{"rendered":"<p>Quer trabalhar ainda hoje (15)? A Clamed, uma empresa l\u00edder no setor de sa\u00fade, anunciou recentemente a <span style=\"text-decoration: underline\"><a href=\"https:\/\/99empregos.com.br\/vaga\/c2c-abre-novas-vagas-de-emprego-confira\/\">abertura de novas vagas<\/a> <\/span>de emprego em sua equipe. Com um compromisso inabal\u00e1vel com o bem-estar e a qualidade de vida das pessoas, a empresa oferece um ambiente de trabalho colaborativo e estimulante para os seus profissionais. Se voc\u00ea \u00e9 apaixonado pelo setor farmac\u00eautico e busca uma carreira gratificante nesta \u00e1rea, essa \u00e9 a sua oportunidade. Confira abaixo a lista completa de vagas dispon\u00edveis:<\/p>\n<ul>\n<li style=\"font-weight: 400\"><span style=\"font-weight: 400\">Farmac\u00eautico(a) &#8211; DC Cambori\u00fa &#8211; SC;<\/span><\/li>\n<li style=\"font-weight: 400\"><span style=\"font-weight: 400\">Farmac\u00eautico(a) &#8211; DC\u00a0 Chapec\u00f3 &#8211; SC;<\/span><\/li>\n<li style=\"font-weight: 400\"><span style=\"font-weight: 400\">Farmac\u00eautico(a) &#8211; DC\u00a0 Crici\u00fama &#8211; SC;<\/span><\/li>\n<li style=\"font-weight: 400\"><span style=\"font-weight: 400\">Farmac\u00eautico(a) &#8211; DC Beira Mar, Florian\u00f3polis &#8211; SC;<\/span><\/li>\n<li style=\"font-weight: 400\"><span style=\"font-weight: 400\">Farmac\u00eautico(a) &#8211; DC Gaspar &#8211; SC;<\/span><\/li>\n<li style=\"font-weight: 400\"><span style=\"font-weight: 400\">Farmac\u00eautico(a) &#8211; DC Jlle Pirabeiraba, Joinville &#8211; SC;<\/span><\/li>\n<li style=\"font-weight: 400\"><span style=\"font-weight: 400\">Farmac\u00eautico(a) &#8211; DC Lages &#8211; SC;<\/span><\/li>\n<li style=\"font-weight: 400\"><span style=\"font-weight: 400\">Farmac\u00eautico(a) &#8211; Grande Florian\u00f3polis &#8211; SC;<\/span><\/li>\n<li style=\"font-weight: 400\"><span style=\"font-weight: 400\">Farmac\u00eautico(a) &#8211; Komprao, Garopaba &#8211; SC;<\/span><\/li>\n<li style=\"font-weight: 400\"><span style=\"font-weight: 400\">Farmac\u00eautico(a) &#8211; Otac\u00edlio Costa &#8211; SC;<\/span><\/li>\n<li style=\"font-weight: 400\"><span style=\"font-weight: 400\">Farmac\u00eautico(a) Piv\u00f4 &#8211; Cachoeirinha &#8211; RS;<\/span><\/li>\n<li style=\"font-weight: 400\"><span style=\"font-weight: 400\">Farmac\u00eautico(a) Piv\u00f4 &#8211; Caxias do Sul &#8211; RS;<\/span><\/li>\n<li style=\"font-weight: 400\"><span style=\"font-weight: 400\">Farmac\u00eautico(a) Piv\u00f4 &#8211; Pato Branco &#8211; PR;<\/span><\/li>\n<li style=\"font-weight: 400\"><span style=\"font-weight: 400\">Farmac\u00eautico(a) Piv\u00f4 &#8211; Porto Alegre &#8211; RS;<\/span><\/li>\n<li style=\"font-weight: 400\"><span style=\"font-weight: 400\">Farmac\u00eautico(a)-\u00a0 Bento Gon\u00e7alves &#8211; RS;<\/span><\/li>\n<li style=\"font-weight: 400\"><span style=\"font-weight: 400\">Farmac\u00eautico(a) &#8211; Caxias do Sul &#8211; RS;<\/span><\/li>\n<li style=\"font-weight: 400\"><span style=\"font-weight: 400\">Farmac\u00eautico(a) &#8211; Crici\u00fama &#8211; SC;<\/span><\/li>\n<li style=\"font-weight: 400\"><span style=\"font-weight: 400\">Farmac\u00eautico(a) &#8211; Crici\u00fama &#8211; SC.<\/span><\/li>\n<\/ul>\n<figure id=\"attachment_37843\" aria-describedby=\"caption-attachment-37843\" style=\"width: 1200px\" class=\"wp-caption aligncenter\"><img decoding=\"async\" class=\"size-full wp-image-37843\" src=\"https:\/\/99empregos.com.br\/blog\/wp-content\/uploads\/2023\/06\/clamed-vagas-2023.jpg\" alt=\"Chegou sua vez de trabalhar: Clamed abre novas vagas, confira as oportunidades. Foto: Reprodu\u00e7\u00e3o\/ Web\" width=\"1200\" height=\"675\" srcset=\"https:\/\/99empregos.com.br\/blog\/wp-content\/uploads\/2023\/06\/clamed-vagas-2023.jpg 1200w, https:\/\/99empregos.com.br\/blog\/wp-content\/uploads\/2023\/06\/clamed-vagas-2023-300x169.jpg 300w, https:\/\/99empregos.com.br\/blog\/wp-content\/uploads\/2023\/06\/clamed-vagas-2023-1024x576.jpg 1024w, https:\/\/99empregos.com.br\/blog\/wp-content\/uploads\/2023\/06\/clamed-vagas-2023-768x432.jpg 768w\" sizes=\"(max-width: 1200px) 100vw, 1200px\" \/><figcaption id=\"caption-attachment-37843\" class=\"wp-caption-text\">Chegou sua vez de trabalhar: Clamed abre novas vagas, confira as oportunidades. Foto: Reprodu\u00e7\u00e3o\/ Web<\/figcaption><\/figure>\n<h3>Mais informa\u00e7\u00f5es sobre a Clamed<\/h3>\n<p>Venha fazer parte de uma das maiores redes de farm\u00e1cias do Brasil! Se voc\u00ea \u00e9 farmac\u00eautico (a) e est\u00e1 em busca de um ambiente de trabalho em que possa se desenvolver ainda mais, a CLAMED Farm\u00e1cias \u00e9 o local ideal para voc\u00ea. Aqui, voc\u00ea encontra um ambiente plural e muitas oportunidades para ampliar seus conhecimentos e crescer. Atualmente, 95% de nossas ger\u00eancias de loja foram promovidas internamente, com programas que buscam desenvolver o potencial m\u00e1ximo de nossos farmac\u00eauticos.<\/p>\n<h3>Como se candidatar por l\u00e1: tutorial completo<\/h3>\n<p>Encontrou aquela oportunidade de emprego que tanto sonhava? Para se candidatar agora mesmo, <strong><a href=\"https:\/\/99empregos.com.br\/vaga\/clamed-abre-novas-vagas-confira-as-oportunidades-2\/\"><span style=\"text-decoration: underline\">CLIQUE AQUI NESTE LINK<\/span><\/a><\/strong> e envie o seu cur\u00edculo para a empresa. Antes de confirmar a sua inscri\u00e7\u00e3o por l\u00e1, verifique se os seus dados est\u00e3o corretos, como e-mail, telefone e outras informa\u00e7\u00f5es pessoais. A equipe do 123 Empregos deseja a voc\u00ea uma boa sorte!<\/p>\n","protected":false},"excerpt":{"rendered":"<p>Quer trabalhar ainda hoje (15)? A Clamed, uma empresa l\u00edder no setor de sa\u00fade, anunciou recentemente a abertura de novas vagas de emprego em sua equipe. Com um compromisso inabal\u00e1vel com o bem-estar e a qualidade de vida das pessoas, a empresa oferece um ambiente de trabalho colaborativo e estimulante para os seus profissionais. Se [&hellip;]<\/p>\n","protected":false},"author":8,"featured_media":37844,"comment_status":"open","ping_status":"closed","sticky":false,"template":"","format":"standard","meta":{"footnotes":""},"categories":[7],"tags":[1544,2977,2500,778,16],"class_list":["post-37841","post","type-post","status-publish","format-standard","has-post-thumbnail","hentry","category-noticias","tag-1544","tag-clamed","tag-empregos-hoje","tag-novas-oportunidades","tag-vagas-de-emprego"],"_links":{"self":[{"href":"https:\/\/99empregos.com.br\/blog\/wp-json\/wp\/v2\/posts\/37841","targetHints":{"allow":["GET"]}}],"collection":[{"href":"https:\/\/99empregos.com.br\/blog\/wp-json\/wp\/v2\/posts"}],"about":[{"href":"https:\/\/99empregos.com.br\/blog\/wp-json\/wp\/v2\/types\/post"}],"author":[{"embeddable":true,"href":"https:\/\/99empregos.com.br\/blog\/wp-json\/wp\/v2\/users\/8"}],"replies":[{"embeddable":true,"href":"https:\/\/99empregos.com.br\/blog\/wp-json\/wp\/v2\/comments?post=37841"}],"version-history":[{"count":0,"href":"https:\/\/99empregos.com.br\/blog\/wp-json\/wp\/v2\/posts\/37841\/revisions"}],"wp:featuredmedia":[{"embeddable":true,"href":"https:\/\/99empregos.com.br\/blog\/wp-json\/wp\/v2\/media\/37844"}],"wp:attachment":[{"href":"https:\/\/99empregos.com.br\/blog\/wp-json\/wp\/v2\/media?parent=37841"}],"wp:term":[{"taxonomy":"category","embeddable":true,"href":"https:\/\/99empregos.com.br\/blog\/wp-json\/wp\/v2\/categories?post=37841"},{"taxonomy":"post_tag","embeddable":true,"href":"https:\/\/99empregos.com.br\/blog\/wp-json\/wp\/v2\/tags?post=37841"}],"curies":[{"name":"wp","href":"https:\/\/api.w.org\/{rel}","templated":true}]}}