{"id":37982,"date":"2023-06-16T13:18:03","date_gmt":"2023-06-16T16:18:03","guid":{"rendered":"https:\/\/123empregos.com.br\/?p=37982"},"modified":"2023-06-16T13:18:03","modified_gmt":"2023-06-16T16:18:03","slug":"redetv-abre-novas-vagas-de-emprego-com-otimos-salarios-veja","status":"publish","type":"post","link":"https:\/\/99empregos.com.br\/blog\/redetv-abre-novas-vagas-de-emprego-com-otimos-salarios-veja\/","title":{"rendered":"RedeTV! abre novas vagas de emprego com \u00d3TIMOS SAL\u00c1RIOS, veja!"},"content":{"rendered":"<div class=\"group w-full text-gray-800 dark:text-gray-100 border-b border-black\/10 dark:border-gray-900\/50 bg-gray-50 dark:bg-[#444654]\">\n<div class=\"flex p-4 gap-4 text-base md:gap-6 md:max-w-2xl lg:max-w-[38rem] xl:max-w-3xl md:py-6 lg:px-0 m-auto\">\n<div class=\"relative flex w-[calc(100%-50px)] flex-col gap-1 md:gap-3 lg:w-[calc(100%-115px)]\">\n<div class=\"flex flex-grow flex-col gap-3\">\n<div class=\"min-h-[20px] flex flex-col items-start gap-4 whitespace-pre-wrap break-words\">\n<div class=\"markdown prose w-full break-words dark:prose-invert light\">\n<p>A RedeTV!, uma das principais emissoras de televis\u00e3o do pa\u00eds, est\u00e1 com <a href=\"https:\/\/99empregos.com.br\/empregos-no-setor-financeiro-tribanco-contrata-ultimas-vagas-aqui\/\">novas vagas de emprego<\/a> abertas para profissionais talentosos e apaixonados pelo mundo do entretenimento. Se voc\u00ea busca uma carreira emocionante e din\u00e2mica no universo da m\u00eddia, essa \u00e9 a sua chance de entrar em uma companhia reconhecida nacionalmente pelos seus servi\u00e7os. Confira abaixo a lista completa de vagas dispon\u00edveis por l\u00e1 atualmente e as suas respectivas localiza\u00e7\u00f5es:<\/p>\n<ul>\n<li style=\"font-weight: 400\"><span style=\"font-weight: 400\">Editor de M\u00eddias Audiovisuais, Osasco, SP;<\/span><\/li>\n<li style=\"font-weight: 400\"><span style=\"font-weight: 400\">Est\u00e1gio em R\u00e1dio e TV\/ Artes, Osasco, SP;<\/span><\/li>\n<li style=\"font-weight: 400\"><span style=\"font-weight: 400\">Estagi\u00e1rio, Osasco, SP;<\/span><\/li>\n<li style=\"font-weight: 400\"><span style=\"font-weight: 400\">Vigilante, Osasco, SP;<\/span><\/li>\n<li style=\"font-weight: 400\"><span style=\"font-weight: 400\">Auxiliar de Servi\u00e7os Gerais, Osasco, SP;<\/span><\/li>\n<li style=\"font-weight: 400\"><span style=\"font-weight: 400\">Advogado Contratual PL, Osasco, SP;<\/span><\/li>\n<li style=\"font-weight: 400\"><span style=\"font-weight: 400\">Operador de M\u00eddia Audiovisual (Arquivista de Tape), Osasco, SP;<\/span><\/li>\n<li style=\"font-weight: 400\"><span style=\"font-weight: 400\">Analista de Marketing Jr, Osasco, SP;<\/span><\/li>\n<li style=\"font-weight: 400\"><span style=\"font-weight: 400\">Advogado S\u00eanior, Osasco, SP.<\/span><\/li>\n<\/ul>\n<figure id=\"attachment_37985\" aria-describedby=\"caption-attachment-37985\" style=\"width: 1200px\" class=\"wp-caption aligncenter\"><img decoding=\"async\" class=\"size-full wp-image-37985\" src=\"https:\/\/99empregos.com.br\/blog\/wp-content\/uploads\/2023\/06\/redetv-vagas-2023.jpg\" alt=\"Recentemente, a RedeTV! abriu novas vagas de emprego, confira quais s\u00e3o as oportunidades. Foto: Reprodu\u00e7\u00e3o\/ Web\" width=\"1200\" height=\"650\" srcset=\"https:\/\/99empregos.com.br\/blog\/wp-content\/uploads\/2023\/06\/redetv-vagas-2023.jpg 1200w, https:\/\/99empregos.com.br\/blog\/wp-content\/uploads\/2023\/06\/redetv-vagas-2023-300x163.jpg 300w, https:\/\/99empregos.com.br\/blog\/wp-content\/uploads\/2023\/06\/redetv-vagas-2023-1024x555.jpg 1024w, https:\/\/99empregos.com.br\/blog\/wp-content\/uploads\/2023\/06\/redetv-vagas-2023-768x416.jpg 768w\" sizes=\"(max-width: 1200px) 100vw, 1200px\" \/><figcaption id=\"caption-attachment-37985\" class=\"wp-caption-text\">Recentemente, a RedeTV! abriu novas vagas de emprego, confira quais s\u00e3o as oportunidades. Foto: Reprodu\u00e7\u00e3o\/ Web<\/figcaption><\/figure>\n<h3>Mais informa\u00e7\u00f5es sobre a RedeTV!<\/h3>\n<p>No ar desde 1999, a RedeTV se consolidou como uma das mais importantes redes de televis\u00e3o do Brasil. A RedeTV \u00e9 a \u00fanica emissora do mundo a exibir seus programas 100 HD. E a primeira do mundo a transmitir em 3D em TV aberta. S\u00e3o 40 emissoras transmitindo uma programa\u00e7\u00e3o qualificada, com perfil de telespectador l\u00edder na classe ABC. Possu\u00edmos o mais avan\u00e7ado centro de produ\u00e7\u00e3o e transmiss\u00e3o de TV digital do mundo. Oferecemos ao mercado resultado, flexibilidade, efici\u00eancia e economia para o seu investimento de m\u00eddia. Em outras palavras, a RedeTV \u00e9 a primeira rede em rede com voc\u00ea, em rede com as ag\u00eancias e com os anunciantes.<\/p>\n<h3>Saiba como se candidatar<\/h3>\n<p>Encontrou aquela oportunidade que tanto esperava e quer se candidatar agora mesmo? Para isso, <strong><span style=\"text-decoration: underline\"><a href=\"https:\/\/99empregos.com.br\/vaga\/redetv-abre-novas-vagas-de-emprego-confira\/\">CLIQUE NESTE LINK<\/a><\/span><\/strong> e envie o seu curr\u00edculo para a empresa em poucos segundos. Antes de confirmar a sua inscri\u00e7\u00e3o, verifique se os dados pessoais est\u00e3o corretos e n\u00e3o deixe de conferir todas as informa\u00e7\u00f5es sobre a vaga escolhida. A equipe do 123 Empregos deseja a voc\u00ea uma boa sorte!<\/p>\n<\/div>\n<\/div>\n<\/div>\n<\/div>\n<\/div>\n<\/div>\n","protected":false},"excerpt":{"rendered":"<p>A RedeTV!, uma das principais emissoras de televis\u00e3o do pa\u00eds, est\u00e1 com novas vagas de emprego abertas para profissionais talentosos e apaixonados pelo mundo do entretenimento. Se voc\u00ea busca uma carreira emocionante e din\u00e2mica no universo da m\u00eddia, essa \u00e9 a sua chance de entrar em uma companhia reconhecida nacionalmente pelos seus servi\u00e7os. Confira abaixo [&hellip;]<\/p>\n","protected":false},"author":8,"featured_media":37986,"comment_status":"open","ping_status":"closed","sticky":false,"template":"","format":"standard","meta":{"footnotes":""},"categories":[7],"tags":[5,1542,2831],"class_list":["post-37982","post","type-post","status-publish","format-standard","has-post-thumbnail","hentry","category-noticias","tag-empregos","tag-vagas-2023","tag-vagas-de-emprego-hoje"],"_links":{"self":[{"href":"https:\/\/99empregos.com.br\/blog\/wp-json\/wp\/v2\/posts\/37982","targetHints":{"allow":["GET"]}}],"collection":[{"href":"https:\/\/99empregos.com.br\/blog\/wp-json\/wp\/v2\/posts"}],"about":[{"href":"https:\/\/99empregos.com.br\/blog\/wp-json\/wp\/v2\/types\/post"}],"author":[{"embeddable":true,"href":"https:\/\/99empregos.com.br\/blog\/wp-json\/wp\/v2\/users\/8"}],"replies":[{"embeddable":true,"href":"https:\/\/99empregos.com.br\/blog\/wp-json\/wp\/v2\/comments?post=37982"}],"version-history":[{"count":0,"href":"https:\/\/99empregos.com.br\/blog\/wp-json\/wp\/v2\/posts\/37982\/revisions"}],"wp:featuredmedia":[{"embeddable":true,"href":"https:\/\/99empregos.com.br\/blog\/wp-json\/wp\/v2\/media\/37986"}],"wp:attachment":[{"href":"https:\/\/99empregos.com.br\/blog\/wp-json\/wp\/v2\/media?parent=37982"}],"wp:term":[{"taxonomy":"category","embeddable":true,"href":"https:\/\/99empregos.com.br\/blog\/wp-json\/wp\/v2\/categories?post=37982"},{"taxonomy":"post_tag","embeddable":true,"href":"https:\/\/99empregos.com.br\/blog\/wp-json\/wp\/v2\/tags?post=37982"}],"curies":[{"name":"wp","href":"https:\/\/api.w.org\/{rel}","templated":true}]}}