{"id":38098,"date":"2023-06-19T05:59:43","date_gmt":"2023-06-19T08:59:43","guid":{"rendered":"https:\/\/123empregos.com.br\/?p=38098"},"modified":"2023-06-19T05:59:43","modified_gmt":"2023-06-19T08:59:43","slug":"oportunidade-de-mercado-espacolaser-contrata-e-salarios-sao-divulgados-candidate-se-aqui","status":"publish","type":"post","link":"https:\/\/99empregos.com.br\/blog\/oportunidade-de-mercado-espacolaser-contrata-e-salarios-sao-divulgados-candidate-se-aqui\/","title":{"rendered":"OPORTUNIDADE DE MERCADO: Espa\u00e7olaser contrata e sal\u00e1rios s\u00e3o divulgados, candidate-se aqui!"},"content":{"rendered":"<p>A Espa\u00e7olaser, reconhecida como a maior rede de cl\u00ednicas de est\u00e9tica a laser da Am\u00e9rica Latina, acaba de anunciar a <a href=\"https:\/\/99empregos.com.br\/vaga\/assai-atacadista-divulga-mais-de-450-vagas-de-emprego-abertas-pelo-brasil\/\">abertura de novas vagas de emprego<\/a> em suas equipes. O principal objetivo da companhia \u00e9 atender \u00e0 crescente demanda de clientes, consolidando sua posi\u00e7\u00e3o de destaque no mercado est\u00e9tico. Por l\u00e1, os profissionais ter\u00e3o a oportunidade de integrar uma empresa renomada, com um ambiente de trabalho inovador e repleto de possibilidades de crescimento profissional. Confira abaixo a lista completa de oportunidades:<\/p>\n<ul>\n<li style=\"font-weight: 400\"><span style=\"font-weight: 400\">Analista Administrativo Pleno &#8211; Suprimentos Utilities &#8211; S\u00e3o Paulo &#8211; SP;<\/span><\/li>\n<li style=\"font-weight: 400\"><span style=\"font-weight: 400\">Assistente Comercial &#8211; Porto Alegre\/Rio Grande do Sul &#8211; Porto Alegre &#8211; RS;<\/span><\/li>\n<li style=\"font-weight: 400\"><span style=\"font-weight: 400\">Assistente Comercial &#8211; Salvador e Regi\u00e3o Metropolitana &#8211; Salvador &#8211; BA;<\/span><\/li>\n<li style=\"font-weight: 400\"><span style=\"font-weight: 400\">Assistente Cont\u00e1bil &#8211; S\u00e3o Paulo &#8211; SP;<\/span><\/li>\n<li style=\"font-weight: 400\"><span style=\"font-weight: 400\">Assistente de Suporte &#8211; S\u00e3o Paulo &#8211; SP;<\/span><\/li>\n<li style=\"font-weight: 400\"><span style=\"font-weight: 400\">Biom\u00e9dica &#8211; Especialista do Laser &#8211; Aracaju e Regi\u00f5es &#8211; Aracaju &#8211; SE e Remoto;<\/span><\/li>\n<li style=\"font-weight: 400\"><span style=\"font-weight: 400\">Banco de talentos Biom\u00e9dica &#8211; Especialista do Laser &#8211; Bel\u00e9m &#8211; PA e Remoto;<\/span><\/li>\n<li style=\"font-weight: 400\"><span style=\"font-weight: 400\">Biom\u00e9dica &#8211; Especialista do Laser &#8211; Bras\u00edlia e Regi\u00f5es &#8211; Bras\u00edlia &#8211; DF e Remoto;<\/span><\/li>\n<li style=\"font-weight: 400\"><span style=\"font-weight: 400\">Biom\u00e9dica &#8211; Especialista do Laser &#8211; Campinas e Regi\u00e3o &#8211; Campinas &#8211; SP;<\/span><\/li>\n<li style=\"font-weight: 400\"><span style=\"font-weight: 400\">Biom\u00e9dica &#8211; Especialista do Laser &#8211; Curitiba e Regi\u00f5es &#8211; Curitiba &#8211; PR;<\/span><\/li>\n<li style=\"font-weight: 400\"><span style=\"font-weight: 400\">Biom\u00e9dica &#8211; Especialista do Laser &#8211; Esp\u00edrito Santo e Regi\u00f5es &#8211; Trabalho Remoto;<\/span><\/li>\n<li style=\"font-weight: 400\"><span style=\"font-weight: 400\">Biom\u00e9dica &#8211; Especialista do Laser &#8211; Florian\u00f3polis e Regi\u00f5es &#8211; Florian\u00f3polis &#8211; SC e Remoto;<\/span><\/li>\n<li style=\"font-weight: 400\"><span style=\"font-weight: 400\">Biom\u00e9dica &#8211; Especialista do Laser &#8211; Fortaleza e Regioes &#8211; Trabalho Remoto;<\/span><\/li>\n<li style=\"font-weight: 400\"><span style=\"font-weight: 400\">Biom\u00e9dica &#8211; Especialista do Laser &#8211; Goi\u00e2nia e Regi\u00f5es &#8211; Trabalho Remoto;<\/span><\/li>\n<li style=\"font-weight: 400\"><span style=\"font-weight: 400\">Biom\u00e9dica &#8211; Especialista do Laser &#8211; Guaruj\u00e1 e Regi\u00f5es &#8211; Guaruj\u00e1 &#8211; SP;<\/span><\/li>\n<li style=\"font-weight: 400\"><span style=\"font-weight: 400\">Biom\u00e9dica &#8211; Especialista do Laser &#8211; Interior de SP &#8211; S\u00e3o Jos\u00e9 do Rio Preto &#8211; SP;<\/span><\/li>\n<li style=\"font-weight: 400\"><span style=\"font-weight: 400\">Biom\u00e9dica &#8211; Especialista do Laser &#8211; Jo\u00e3o Pessoa e Regi\u00e3o &#8211; Jo\u00e3o Pessoa &#8211; PB e Remoto;<\/span><\/li>\n<li style=\"font-weight: 400\"><span style=\"font-weight: 400\">Biom\u00e9dica &#8211; Especialista do Laser &#8211; Jundia\u00ed e Regi\u00f5es &#8211; Jundia\u00ed &#8211; SP;<\/span><\/li>\n<li style=\"font-weight: 400\"><span style=\"font-weight: 400\">Biom\u00e9dica &#8211; Especialista do Laser &#8211; Macap\u00e1 e Regi\u00f5es &#8211; Macap\u00e1 &#8211; AP e Remoto.<\/span><\/li>\n<\/ul>\n<figure id=\"attachment_38100\" aria-describedby=\"caption-attachment-38100\" style=\"width: 1200px\" class=\"wp-caption aligncenter\"><img decoding=\"async\" class=\"size-full wp-image-38100\" src=\"https:\/\/99empregos.com.br\/blog\/wp-content\/uploads\/2023\/06\/espacolaser-vagas-2023.jpg\" alt=\"A Espa\u00e7oLaser est\u00e1 com novas vagas de emprego, confira quais s\u00e3o as oportunidades e saiba como se candidatar por l\u00e1 agora mesmo. Foto: Reprodu\u00e7\u00e3o\/ Web\" width=\"1200\" height=\"650\" srcset=\"https:\/\/99empregos.com.br\/blog\/wp-content\/uploads\/2023\/06\/espacolaser-vagas-2023.jpg 1200w, https:\/\/99empregos.com.br\/blog\/wp-content\/uploads\/2023\/06\/espacolaser-vagas-2023-300x163.jpg 300w, https:\/\/99empregos.com.br\/blog\/wp-content\/uploads\/2023\/06\/espacolaser-vagas-2023-1024x555.jpg 1024w, https:\/\/99empregos.com.br\/blog\/wp-content\/uploads\/2023\/06\/espacolaser-vagas-2023-768x416.jpg 768w\" sizes=\"(max-width: 1200px) 100vw, 1200px\" \/><figcaption id=\"caption-attachment-38100\" class=\"wp-caption-text\">A Espa\u00e7oLaser est\u00e1 com novas vagas de emprego, confira quais s\u00e3o as oportunidades e saiba como se candidatar por l\u00e1 agora mesmo. Foto: Reprodu\u00e7\u00e3o\/ Web<\/figcaption><\/figure>\n<h3>Mais informa\u00e7\u00f5es sobre a Espa\u00e7olaser<\/h3>\n<p>Uma empresa feita por milhares de pessoas com o cora\u00e7\u00e3o azul e um s\u00f3 prop\u00f3sito: proporcionar bem-estar para nossos colaboradores e todas as pessoas que querem viver sem pelos indesejados. Fundada em 2004, somos a maior empresa de depila\u00e7\u00e3o a laser do Brasil, com mais de 700 unidades presentes em todos os estados, e tamb\u00e9m opera\u00e7\u00f5es na Am\u00e9rica Latina: Definit na Argentina, Espa\u00e7olaser tamb\u00e9m na Col\u00f4mbia e Paraguai e Cela no Chile. Al\u00e9m das marcas do grupo Espa\u00e7olaser, comandamos tamb\u00e9m a Estudioface, rede de cl\u00ednicas focada em rejuvenescimento e est\u00e9tica facial, com tratamentos que previnem o envelhecimento cut\u00e2neo.<\/p>\n<h3>Como se candidatar: um guia completo<\/h3>\n<p>Encontrou aquela vaga de emprego que se encaixa com o que voc\u00ea busca no mercado de trabalho? N\u00e3o perca mais tempo e <strong><span style=\"text-decoration: underline\"><a href=\"https:\/\/99empregos.com.br\/vaga\/espacolaser-abre-novas-vagas-confira\/\">CLIQUE AQUI<\/a><\/span><\/strong> para enviar o seu curr\u00edculo e se candidatar agora mesmo por l\u00e1. Antes de concluir a sua candidatura, revise atentamente todos os seus dados. A equipe do 123 Empregos deseja a voc\u00ea uma boa sorte!<\/p>\n","protected":false},"excerpt":{"rendered":"<p>A Espa\u00e7olaser, reconhecida como a maior rede de cl\u00ednicas de est\u00e9tica a laser da Am\u00e9rica Latina, acaba de anunciar a abertura de novas vagas de emprego em suas equipes. O principal objetivo da companhia \u00e9 atender \u00e0 crescente demanda de clientes, consolidando sua posi\u00e7\u00e3o de destaque no mercado est\u00e9tico. Por l\u00e1, os profissionais ter\u00e3o a [&hellip;]<\/p>\n","protected":false},"author":8,"featured_media":38101,"comment_status":"open","ping_status":"closed","sticky":false,"template":"","format":"standard","meta":{"footnotes":""},"categories":[7],"tags":[5,1017,1542,2831],"class_list":["post-38098","post","type-post","status-publish","format-standard","has-post-thumbnail","hentry","category-noticias","tag-empregos","tag-espacolaser","tag-vagas-2023","tag-vagas-de-emprego-hoje"],"_links":{"self":[{"href":"https:\/\/99empregos.com.br\/blog\/wp-json\/wp\/v2\/posts\/38098","targetHints":{"allow":["GET"]}}],"collection":[{"href":"https:\/\/99empregos.com.br\/blog\/wp-json\/wp\/v2\/posts"}],"about":[{"href":"https:\/\/99empregos.com.br\/blog\/wp-json\/wp\/v2\/types\/post"}],"author":[{"embeddable":true,"href":"https:\/\/99empregos.com.br\/blog\/wp-json\/wp\/v2\/users\/8"}],"replies":[{"embeddable":true,"href":"https:\/\/99empregos.com.br\/blog\/wp-json\/wp\/v2\/comments?post=38098"}],"version-history":[{"count":0,"href":"https:\/\/99empregos.com.br\/blog\/wp-json\/wp\/v2\/posts\/38098\/revisions"}],"wp:featuredmedia":[{"embeddable":true,"href":"https:\/\/99empregos.com.br\/blog\/wp-json\/wp\/v2\/media\/38101"}],"wp:attachment":[{"href":"https:\/\/99empregos.com.br\/blog\/wp-json\/wp\/v2\/media?parent=38098"}],"wp:term":[{"taxonomy":"category","embeddable":true,"href":"https:\/\/99empregos.com.br\/blog\/wp-json\/wp\/v2\/categories?post=38098"},{"taxonomy":"post_tag","embeddable":true,"href":"https:\/\/99empregos.com.br\/blog\/wp-json\/wp\/v2\/tags?post=38098"}],"curies":[{"name":"wp","href":"https:\/\/api.w.org\/{rel}","templated":true}]}}