{"id":38262,"date":"2023-06-21T05:19:40","date_gmt":"2023-06-21T08:19:40","guid":{"rendered":"https:\/\/123empregos.com.br\/?p=38262"},"modified":"2023-06-21T05:19:40","modified_gmt":"2023-06-21T08:19:40","slug":"grande-cooperativa-agricola-abre-novas-vagas-veja-os-salarios-e-candidate-se","status":"publish","type":"post","link":"https:\/\/99empregos.com.br\/blog\/grande-cooperativa-agricola-abre-novas-vagas-veja-os-salarios-e-candidate-se\/","title":{"rendered":"Grande COOPERATIVA AGR\u00cdCOLA abre novas vagas, veja os sal\u00e1rios e candidate-se!"},"content":{"rendered":"<p>Voc\u00ea est\u00e1 procurando por oportunidades de emprego? A Cotrib\u00e1 tem \u00f3timas not\u00edcias e anuncia a <a href=\"https:\/\/99empregos.com.br\/otimas-vagas-de-emprego-hoje-20-06-grupo-dpsp-contrata-veja-os-salarios\/\">abertura de novas vagas<\/a> na sua companhia. Se voc\u00ea \u00e9 um profissional motivado, apaixonado e que est\u00e1 em busca de crescimento profissional na carreira, esta \u00e9 a sua chance de se juntar a uma das companhias que lideram o setor agropecu\u00e1rio no Brasil. Confira abaixo a lista completa de vagas dispon\u00edveis e as suas respectivas localiza\u00e7\u00f5es:<\/p>\n<ul>\n<li style=\"font-weight: 400\"><span style=\"font-weight: 400\">Analista Comercial &#8211; Marketing &#8211; Ibirub\u00e1, RS;<\/span><\/li>\n<li style=\"font-weight: 400\"><span style=\"font-weight: 400\">Analista de Contas a Pagar &#8211; Ibirub\u00e1, RS;<\/span><\/li>\n<li style=\"font-weight: 400\"><span style=\"font-weight: 400\">Analista de Contas a Receber &#8211; Ibirub\u00e1, RS;<\/span><\/li>\n<li style=\"font-weight: 400\"><span style=\"font-weight: 400\">Analista de Marketing &#8211; CRM &#8211; Ibirub\u00e1, RS;<\/span><\/li>\n<li style=\"font-weight: 400\"><span style=\"font-weight: 400\">Analista de Processos &#8211; Ibirub\u00e1, RS;<\/span><\/li>\n<li style=\"font-weight: 400\"><span style=\"font-weight: 400\">Assistente Administrativo &#8211; Farm\u00e1cia Veterin\u00e1ria &#8211; Ibirub\u00e1, RS;<\/span><\/li>\n<li style=\"font-weight: 400\"><span style=\"font-weight: 400\">Assistente Administrativo &#8211; Unidade XV de Novembro &#8211; Quinze de Novembro, RS;<\/span><\/li>\n<li style=\"font-weight: 400\"><span style=\"font-weight: 400\">Atendente de Padaria &#8211; Supermercado Fortaleza dos Valos &#8211; Fortaleza dos Valos, RS;<\/span><\/li>\n<li style=\"font-weight: 400\"><span style=\"font-weight: 400\">Atendente de Padaria &#8211; Supermercado XV de Novembro &#8211; Quinze de Novembro, RS;<\/span><\/li>\n<li style=\"font-weight: 400\"><span style=\"font-weight: 400\">Atendente de Suporte &#8211; Ibirub\u00e1, RS;<\/span><\/li>\n<li style=\"font-weight: 400\"><span style=\"font-weight: 400\">Auxiliar de Escrit\u00f3rio &#8211; Se\u00e7\u00e3o de Pe\u00e7as &#8211; Ibirub\u00e1, RS;<\/span><\/li>\n<li style=\"font-weight: 400\"><span style=\"font-weight: 400\">Auxiliar de Limpeza &#8211; Supermercado Ibirub\u00e1 &#8211; Ibirub\u00e1, RS;<\/span><\/li>\n<li style=\"font-weight: 400\"><span style=\"font-weight: 400\">Auxiliar de Padaria &#8211; Supermercado Fortaleza dos Valos &#8211; Fortaleza dos Valos, RS;<\/span><\/li>\n<li style=\"font-weight: 400\"><span style=\"font-weight: 400\">Auxiliar de Padeiro &#8211; Supermercado Ibirub\u00e1 &#8211; Ibirub\u00e1, RS;<\/span><\/li>\n<li style=\"font-weight: 400\"><span style=\"font-weight: 400\">Auxiliar Escrit\u00f3rio &#8211; Unidade Ros\u00e1rio do Sul &#8211; Ros\u00e1rio do Sul, RS;<\/span><\/li>\n<li style=\"font-weight: 400\"><span style=\"font-weight: 400\">Consultor de Pe\u00e7as e Implementos Agr\u00edcolas &#8211; Unidade S\u00e3o Gabriel &#8211; S\u00e3o Gabriel, RS;<\/span><\/li>\n<li style=\"font-weight: 400\"><span style=\"font-weight: 400\">Consultor Pe\u00e7as e Implementos Agr\u00edcolas &#8211; Regional S\u00e3o Francisco de Assis &#8211; Augusto Pestana, RS;<\/span><\/li>\n<li style=\"font-weight: 400\"><span style=\"font-weight: 400\">Consultor Produ\u00e7\u00e3o Animal &#8211; Regi\u00e3o Arroio Grande &#8211; Arroio Grande, RS.<\/span><\/li>\n<\/ul>\n<figure id=\"attachment_38264\" aria-describedby=\"caption-attachment-38264\" style=\"width: 1200px\" class=\"wp-caption aligncenter\"><img decoding=\"async\" class=\"size-full wp-image-38264\" src=\"https:\/\/99empregos.com.br\/blog\/wp-content\/uploads\/2023\/06\/cotriba-vagas-2023.jpg\" alt=\"NOVAS VAGAS DE EMPREGO HOJE (21\/06): Cotrib\u00e1 contrata agora mesmo, veja as oportunidades e candidate-se. Foto: Reprodu\u00e7\u00e3o\/ Web\" width=\"1200\" height=\"650\" srcset=\"https:\/\/99empregos.com.br\/blog\/wp-content\/uploads\/2023\/06\/cotriba-vagas-2023.jpg 1200w, https:\/\/99empregos.com.br\/blog\/wp-content\/uploads\/2023\/06\/cotriba-vagas-2023-300x163.jpg 300w, https:\/\/99empregos.com.br\/blog\/wp-content\/uploads\/2023\/06\/cotriba-vagas-2023-1024x555.jpg 1024w, https:\/\/99empregos.com.br\/blog\/wp-content\/uploads\/2023\/06\/cotriba-vagas-2023-768x416.jpg 768w\" sizes=\"(max-width: 1200px) 100vw, 1200px\" \/><figcaption id=\"caption-attachment-38264\" class=\"wp-caption-text\">NOVAS VAGAS DE EMPREGO HOJE (21\/06): Cotrib\u00e1 contrata agora mesmo, veja as oportunidades e candidate-se. Foto: Reprodu\u00e7\u00e3o\/ Web<\/figcaption><\/figure>\n<h3>Mais informa\u00e7\u00f5es sobre a Cotrib\u00e1<\/h3>\n<p>Acreditamos que juntos podemos fazer a diferen\u00e7a nas comunidades em que estamos inseridos. Trabalhamos com foco em resultados, mas para n\u00f3s, o patrim\u00f4nio mais importante \u00e9 as pessoas. Somos mais de 1000 colaboradores e trabalhamos todos os dias para sermos refer\u00eancia no agroneg\u00f3cio e no varejo, especialmente pelos impactos sociais das nossas a\u00e7\u00f5es, sempre planejadas \u00e0 luz da nossa ess\u00eancia cooperativa, com inova\u00e7\u00e3o e responsabilidade ambiental.<\/p>\n<h3>Como se candidatar: um guia completo<\/h3>\n<p>Se voc\u00ea encontrou uma oportunidade de emprego interessante para a sua carreira, \u00e9 s\u00f3 <strong><span style=\"text-decoration: underline\"><a href=\"https:\/\/99empregos.com.br\/vaga\/cotriba-abre-novas-vagas-de-emprego-confira-as-oportunidades-2\/\">CLICAR NESTE LINK AQUI<\/a><\/span><\/strong> e enviar o seu curr\u00edculo em poucos segundos. Antes de efetivar a sua inscri\u00e7\u00e3o \u00e0s vagas, por\u00e9m, confira se os dados pessoais est\u00e3o atualizados e n\u00e3o se esque\u00e7a de seguir todos os passos indicados pela companhia. A equipe do 123 Empregos te deseja boa sorte!<\/p>\n","protected":false},"excerpt":{"rendered":"<p>Voc\u00ea est\u00e1 procurando por oportunidades de emprego? A Cotrib\u00e1 tem \u00f3timas not\u00edcias e anuncia a abertura de novas vagas na sua companhia. Se voc\u00ea \u00e9 um profissional motivado, apaixonado e que est\u00e1 em busca de crescimento profissional na carreira, esta \u00e9 a sua chance de se juntar a uma das companhias que lideram o setor [&hellip;]<\/p>\n","protected":false},"author":8,"featured_media":38265,"comment_status":"open","ping_status":"closed","sticky":false,"template":"","format":"standard","meta":{"footnotes":""},"categories":[7],"tags":[1544,1724,5,37],"class_list":["post-38262","post","type-post","status-publish","format-standard","has-post-thumbnail","hentry","category-noticias","tag-1544","tag-cotriba","tag-empregos","tag-vagas"],"_links":{"self":[{"href":"https:\/\/99empregos.com.br\/blog\/wp-json\/wp\/v2\/posts\/38262","targetHints":{"allow":["GET"]}}],"collection":[{"href":"https:\/\/99empregos.com.br\/blog\/wp-json\/wp\/v2\/posts"}],"about":[{"href":"https:\/\/99empregos.com.br\/blog\/wp-json\/wp\/v2\/types\/post"}],"author":[{"embeddable":true,"href":"https:\/\/99empregos.com.br\/blog\/wp-json\/wp\/v2\/users\/8"}],"replies":[{"embeddable":true,"href":"https:\/\/99empregos.com.br\/blog\/wp-json\/wp\/v2\/comments?post=38262"}],"version-history":[{"count":0,"href":"https:\/\/99empregos.com.br\/blog\/wp-json\/wp\/v2\/posts\/38262\/revisions"}],"wp:featuredmedia":[{"embeddable":true,"href":"https:\/\/99empregos.com.br\/blog\/wp-json\/wp\/v2\/media\/38265"}],"wp:attachment":[{"href":"https:\/\/99empregos.com.br\/blog\/wp-json\/wp\/v2\/media?parent=38262"}],"wp:term":[{"taxonomy":"category","embeddable":true,"href":"https:\/\/99empregos.com.br\/blog\/wp-json\/wp\/v2\/categories?post=38262"},{"taxonomy":"post_tag","embeddable":true,"href":"https:\/\/99empregos.com.br\/blog\/wp-json\/wp\/v2\/tags?post=38262"}],"curies":[{"name":"wp","href":"https:\/\/api.w.org\/{rel}","templated":true}]}}