{"id":38914,"date":"2023-06-28T06:07:09","date_gmt":"2023-06-28T09:07:09","guid":{"rendered":"https:\/\/123empregos.com.br\/?p=38914"},"modified":"2023-06-28T06:07:09","modified_gmt":"2023-06-28T09:07:09","slug":"imtep-contrata-novos-profissionais-e-abre-vagas-de-emprego-confira-aqui-os-salarios-e-candidate-se","status":"publish","type":"post","link":"https:\/\/99empregos.com.br\/blog\/imtep-contrata-novos-profissionais-e-abre-vagas-de-emprego-confira-aqui-os-salarios-e-candidate-se\/","title":{"rendered":"Imtep contrata novos profissionais e abre VAGAS DE EMPREGO, confira aqui os sal\u00e1rios e candidate-se"},"content":{"rendered":"<div class=\"group w-full text-gray-800 dark:text-gray-100 border-b border-black\/10 dark:border-gray-900\/50 bg-gray-50 dark:bg-[#444654]\">\n<div class=\"flex p-4 gap-4 text-base md:gap-6 md:max-w-2xl lg:max-w-[38rem] xl:max-w-3xl md:py-6 lg:px-0 m-auto\">\n<div class=\"relative flex w-[calc(100%-50px)] flex-col gap-1 md:gap-3 lg:w-[calc(100%-115px)]\">\n<div class=\"flex flex-grow flex-col gap-3\">\n<div class=\"min-h-[20px] flex items-start overflow-x-auto whitespace-pre-wrap break-words flex-col gap-4\">\n<div class=\"markdown prose w-full break-words dark:prose-invert light\">\n<p>A Imtep, empresa l\u00edder em medicina e seguran\u00e7a do trabalho, est\u00e1 oferecendo novas <span style=\"text-decoration: underline\"><a href=\"https:\/\/99empregos.com.br\/vaga\/cobasi-abre-mais-de-65-vagas-de-emprego-se-candidate\/\">vagas de emprego<\/a><\/span> em suas diversificadas equipes! Com expertise reconhecida no mercado, a companhia se destaca pela excel\u00eancia na presta\u00e7\u00e3o de servi\u00e7os e solu\u00e7\u00f5es inovadoras para cuidar da sa\u00fade e seguran\u00e7a dos trabalhadores. A Imtep valoriza seus colaboradores, proporcionando um ambiente de trabalho estimulante e oportunidades de desenvolvimento profissional. Confira logo abaixo a lista completa de vagas dispon\u00edveis:<\/p>\n<ul>\n<li style=\"font-weight: 400\"><span style=\"font-weight: 400\">Assistente Administrativo, S\u00e3o Paulo\/SP;<\/span><\/li>\n<li style=\"font-weight: 400\"><span style=\"font-weight: 400\">Condutor de Ambul\u00e2ncia, Mau\u00e1\/SP;<\/span><\/li>\n<li style=\"font-weight: 400\"><span style=\"font-weight: 400\">Condutor de Ambul\u00e2ncia, Mau\u00e1\/SP;<\/span><\/li>\n<li style=\"font-weight: 400\"><span style=\"font-weight: 400\">Condutor de Ambul\u00e2ncia, Mau\u00e1\/SP;<\/span><\/li>\n<li style=\"font-weight: 400\"><span style=\"font-weight: 400\">Condutor de Ambul\u00e2ncia, Ribas do Rio Pardo\/MS;<\/span><\/li>\n<li style=\"font-weight: 400\"><span style=\"font-weight: 400\">Condutor de Ambul\u00e2ncia, Ribas do Rio Pardo\/MS;<\/span><\/li>\n<li style=\"font-weight: 400\"><span style=\"font-weight: 400\">Educador F\u00edsico, S\u00e3o Paulo &#8211; SP e Remoto;<\/span><\/li>\n<li style=\"font-weight: 400\"><span style=\"font-weight: 400\">Enfermeiro(a), Vaga exclusiva para PCD;<\/span><\/li>\n<li style=\"font-weight: 400\"><span style=\"font-weight: 400\">Enfermeiro, Cajamar\/SP, Cajamar;<\/span><\/li>\n<li style=\"font-weight: 400\"><span style=\"font-weight: 400\">Enfermeiro do Trabalho, Betim\/MG;<\/span><\/li>\n<li style=\"font-weight: 400\"><span style=\"font-weight: 400\">Enfermeiro do Trabalho, S\u00e3o Paulo\/SP;<\/span><\/li>\n<li style=\"font-weight: 400\"><span style=\"font-weight: 400\">Engenheiro de Seguran\u00e7a do Trabalho S\u00eanior, S\u00e3o Jos\u00e9 dos Pinhais;<\/span><\/li>\n<li style=\"font-weight: 400\"><span style=\"font-weight: 400\">Ergonomista, Manaus &#8211; AM;<\/span><\/li>\n<li style=\"font-weight: 400\"><span style=\"font-weight: 400\">Ergonomista, Osasco &#8211; SP;<\/span><\/li>\n<li style=\"font-weight: 400\"><span style=\"font-weight: 400\">Fonoaudi\u00f3logo(a), Campinas &#8211; SP;<\/span><\/li>\n<li style=\"font-weight: 400\"><span style=\"font-weight: 400\">Fonoaudi\u00f3logo, Bras\u00edlia\/DF;<\/span><\/li>\n<li style=\"font-weight: 400\"><span style=\"font-weight: 400\">Fonoaudi\u00f3logo, Guarulhos;<\/span><\/li>\n<li style=\"font-weight: 400\"><span style=\"font-weight: 400\">Fonoaudi\u00f3logo, Porto Alegre;<\/span><\/li>\n<li style=\"font-weight: 400\"><span style=\"font-weight: 400\">Fonoaudi\u00f3logo, Rio de Janeiro.<\/span><\/li>\n<\/ul>\n<figure id=\"attachment_38916\" aria-describedby=\"caption-attachment-38916\" style=\"width: 1200px\" class=\"wp-caption aligncenter\"><img decoding=\"async\" class=\"size-full wp-image-38916\" src=\"https:\/\/99empregos.com.br\/blog\/wp-content\/uploads\/2023\/06\/imtep-vagas-2023.jpg\" alt=\"A Imtep est\u00e1 com NOVAS VAGAS DE EMPREGO, confira aqui quais s\u00e3o as oportunidades dispon\u00edveis e candidate-se agora mesmo por l\u00e1. Foto: Reprodu\u00e7\u00e3o\" width=\"1200\" height=\"650\" srcset=\"https:\/\/99empregos.com.br\/blog\/wp-content\/uploads\/2023\/06\/imtep-vagas-2023.jpg 1200w, https:\/\/99empregos.com.br\/blog\/wp-content\/uploads\/2023\/06\/imtep-vagas-2023-300x163.jpg 300w, https:\/\/99empregos.com.br\/blog\/wp-content\/uploads\/2023\/06\/imtep-vagas-2023-1024x555.jpg 1024w, https:\/\/99empregos.com.br\/blog\/wp-content\/uploads\/2023\/06\/imtep-vagas-2023-768x416.jpg 768w\" sizes=\"(max-width: 1200px) 100vw, 1200px\" \/><figcaption id=\"caption-attachment-38916\" class=\"wp-caption-text\">A Imtep est\u00e1 com NOVAS VAGAS DE EMPREGO, confira aqui quais s\u00e3o as oportunidades dispon\u00edveis e candidate-se agora mesmo por l\u00e1. Foto: Reprodu\u00e7\u00e3o<\/figcaption><\/figure>\n<h3>Mais informa\u00e7\u00f5es sobre a Imtep<\/h3>\n<p>O Imtep faz parte da maior companhia de gest\u00e3o de sa\u00fade do Brasil, a 3778. Representa o maior operador de ambulat\u00f3rios corporativos do pa\u00eds, atendendo empresas nacionais de grande porte e multinacionais. S\u00e3o mais de 200 unidades espalhadas em todo o Brasil, com cerca de 2 mil colaboradores espalhados em 120 cidades. Al\u00e9m da gest\u00e3o de ambulat\u00f3rio, as empresas t\u00eam ainda como principais servi\u00e7os a Aten\u00e7\u00e3o Prim\u00e1ria em Sa\u00fade, o atendimento em Sa\u00fade Ocupacional e o desenvolvimento de solu\u00e7\u00f5es tecnol\u00f3gicas em sa\u00fade.<\/p>\n<h3>Como se candidatar \u00e0s vagas de emprego abertas<\/h3>\n<p>Encontrou uma vaga de emprego que se encaixa com seu perfil profissional? Para se candidatar, \u00e9 muito simples: <strong><span style=\"text-decoration: underline\"><a href=\"https:\/\/99empregos.com.br\/vaga\/imtep-abre-novas-vagas-de-emprego-confira-aqui-quais-sao-as-oportunidades\/\">CLIQUE AQUI NESTE LINK<\/a><\/span><\/strong> e envie o seu curr\u00edculo agora mesmo para a companhia. N\u00e3o se esque\u00e7a de conferir todos os dados profissionais antes de confirmar a sua inscri\u00e7\u00e3o. Como sempre, toda nossa equipe do 123 Empregos te deseja boa sorte!<\/p>\n<\/div>\n<\/div>\n<\/div>\n<\/div>\n<\/div>\n<\/div>\n","protected":false},"excerpt":{"rendered":"<p>A Imtep, empresa l\u00edder em medicina e seguran\u00e7a do trabalho, est\u00e1 oferecendo novas vagas de emprego em suas diversificadas equipes! Com expertise reconhecida no mercado, a companhia se destaca pela excel\u00eancia na presta\u00e7\u00e3o de servi\u00e7os e solu\u00e7\u00f5es inovadoras para cuidar da sa\u00fade e seguran\u00e7a dos trabalhadores. A Imtep valoriza seus colaboradores, proporcionando um ambiente de [&hellip;]<\/p>\n","protected":false},"author":8,"featured_media":38917,"comment_status":"open","ping_status":"closed","sticky":false,"template":"","format":"standard","meta":{"footnotes":""},"categories":[7],"tags":[1544,5,1072,734,37],"class_list":["post-38914","post","type-post","status-publish","format-standard","has-post-thumbnail","hentry","category-noticias","tag-1544","tag-empregos","tag-imtep","tag-novas-vagas","tag-vagas"],"_links":{"self":[{"href":"https:\/\/99empregos.com.br\/blog\/wp-json\/wp\/v2\/posts\/38914","targetHints":{"allow":["GET"]}}],"collection":[{"href":"https:\/\/99empregos.com.br\/blog\/wp-json\/wp\/v2\/posts"}],"about":[{"href":"https:\/\/99empregos.com.br\/blog\/wp-json\/wp\/v2\/types\/post"}],"author":[{"embeddable":true,"href":"https:\/\/99empregos.com.br\/blog\/wp-json\/wp\/v2\/users\/8"}],"replies":[{"embeddable":true,"href":"https:\/\/99empregos.com.br\/blog\/wp-json\/wp\/v2\/comments?post=38914"}],"version-history":[{"count":0,"href":"https:\/\/99empregos.com.br\/blog\/wp-json\/wp\/v2\/posts\/38914\/revisions"}],"wp:featuredmedia":[{"embeddable":true,"href":"https:\/\/99empregos.com.br\/blog\/wp-json\/wp\/v2\/media\/38917"}],"wp:attachment":[{"href":"https:\/\/99empregos.com.br\/blog\/wp-json\/wp\/v2\/media?parent=38914"}],"wp:term":[{"taxonomy":"category","embeddable":true,"href":"https:\/\/99empregos.com.br\/blog\/wp-json\/wp\/v2\/categories?post=38914"},{"taxonomy":"post_tag","embeddable":true,"href":"https:\/\/99empregos.com.br\/blog\/wp-json\/wp\/v2\/tags?post=38914"}],"curies":[{"name":"wp","href":"https:\/\/api.w.org\/{rel}","templated":true}]}}