{"id":39258,"date":"2023-07-03T11:19:44","date_gmt":"2023-07-03T14:19:44","guid":{"rendered":"https:\/\/123empregos.com.br\/?p=39258"},"modified":"2025-04-30T16:09:29","modified_gmt":"2025-04-30T19:09:29","slug":"otimos-salarios-grendene-contrata-hoje-03-07-veja-as-vagas-e-envie-aqui-seu-curriculo","status":"publish","type":"post","link":"https:\/\/99empregos.com.br\/blog\/otimos-salarios-grendene-contrata-hoje-03-07-veja-as-vagas-e-envie-aqui-seu-curriculo\/","title":{"rendered":"\u00d3TIMOS SAL\u00c1RIOS: Grendene contrata hoje (03\/07), veja as vagas e envie aqui seu curr\u00edculo!"},"content":{"rendered":"<div class=\"group w-full text-gray-800 dark:text-gray-100 border-b border-black\/10 dark:border-gray-900\/50 bg-gray-50 dark:bg-[#444654]\">\n<div class=\"flex p-4 gap-4 text-base md:gap-6 md:max-w-2xl lg:max-w-[38rem] xl:max-w-3xl md:py-6 lg:px-0 m-auto\">\n<div class=\"relative flex w-[calc(100%-50px)] flex-col gap-1 md:gap-3 lg:w-[calc(100%-115px)]\">\n<div class=\"flex flex-grow flex-col gap-3\">\n<div class=\"min-h-[20px] flex items-start overflow-x-auto whitespace-pre-wrap break-words flex-col gap-4\">\n<div class=\"markdown prose w-full break-words dark:prose-invert light\">\n<p>J\u00e1 pensou trabalhar em uma grande empresa e contar com \u00f3timos sal\u00e1rios? A <a href=\"https:\/\/grendene.com.br\/\" target=\"_blank\" rel=\"noopener\">Grendene<\/a>, uma das principais empresas do setor de cal\u00e7ados, est\u00e1 com <span style=\"text-decoration: underline\"><a href=\"https:\/\/99empregos.com.br\/vaga\/movida-divulga-228-vagas-de-empregos-abertas-em-todo-o-pais\/\">vagas abertas<\/a><\/span> para integrar sua equipe. Reconhecida pela qualidade e inova\u00e7\u00e3o em seus produtos, a companhia oferece um ambiente de trabalho estimulante e colaborativo. As vagas dispon\u00edveis abrangem diversas \u00e1reas e voc\u00ea pode conferir logo abaixo a lista completa de oportunidades:<\/p>\n<ul>\n<li style=\"font-weight: 400\"><span style=\"font-weight: 400\">Ajudante de Produ\u00e7\u00e3o &#8211; Farroupilha &#8211; RS;<\/span><\/li>\n<li style=\"font-weight: 400\"><span style=\"font-weight: 400\">Ajudante Gerenciamento de Res\u00edduos &#8211; Farroupilha &#8211; RS;<\/span><\/li>\n<li style=\"font-weight: 400\"><span style=\"font-weight: 400\">Analista de Comunica\u00e7\u00e3o Interna | Recursos Humanos &#8211; Farroupilha &#8211; RS;<\/span><\/li>\n<li style=\"font-weight: 400\"><span style=\"font-weight: 400\">Analista de Conte\u00fado Franquias Clube Melissa &#8211; Trabalho Remoto;<\/span><\/li>\n<li style=\"font-weight: 400\"><span style=\"font-weight: 400\">Analista de DataBase &#8211; Trabalho Remoto;<\/span><\/li>\n<li style=\"font-weight: 400\"><span style=\"font-weight: 400\">Analista de Integra\u00e7\u00e3o e Automa\u00e7\u00e3o de TI II &#8211; Farroupilha e Remoto;<\/span><\/li>\n<li style=\"font-weight: 400\"><span style=\"font-weight: 400\">Analista de Motion Designer I Franquias Melissa &#8211; Trabalho Remoto;<\/span><\/li>\n<li style=\"font-weight: 400\"><span style=\"font-weight: 400\">Analista de Planejamento e Performance Comercial &#8211; Franquias Melissa &#8211; Trabalho Remoto;<\/span><\/li>\n<li style=\"font-weight: 400\"><span style=\"font-weight: 400\">Analista de Remunera\u00e7\u00e3o e Performance | Recursos Humanos &#8211; Farroupilha &#8211; RS;<\/span><\/li>\n<li style=\"font-weight: 400\"><span style=\"font-weight: 400\">Analista de Visual Merchandising e Marketing de Franquias Clube Melissa &#8211; Trabalho Remoto;<\/span><\/li>\n<li style=\"font-weight: 400\"><span style=\"font-weight: 400\">Auxiliar de Manuten\u00e7\u00e3o Patrimonial &#8211; Farroupilha &#8211; RS;<\/span><\/li>\n<li style=\"font-weight: 400\"><span style=\"font-weight: 400\">Banco de Talentos Geral- Todas Unidades &#8211; Banco de talentos;<\/span><\/li>\n<li style=\"font-weight: 400\"><span style=\"font-weight: 400\">Banco de Talentos Grendene (\u00c1rea Produtiva)- Unidade Crato &#8211; Crato &#8211; CE;<\/span><\/li>\n<li style=\"font-weight: 400\"><span style=\"font-weight: 400\">Desenvolvedor Full Stack &#8211; Trabalho Remoto;<\/span><\/li>\n<li style=\"font-weight: 400\"><span style=\"font-weight: 400\">Designer de Composi\u00e7\u00e3o (Cores e Materiais) | Grendha &#8211; Farroupilha &#8211; RS;<\/span><\/li>\n<li style=\"font-weight: 400\"><span style=\"font-weight: 400\">Designer Produto II | Melissa &#8211; Farroupilha &#8211; RS;<\/span><\/li>\n<li style=\"font-weight: 400\"><span style=\"font-weight: 400\">Eletromec\u00e2nico (a) &#8211; Crato &#8211; CE;<\/span><\/li>\n<li style=\"font-weight: 400\"><span style=\"font-weight: 400\">Inclus\u00e3o de Pessoas com Defici\u00eancia &#8211; Crato &#8211; CE.<\/span><\/li>\n<\/ul>\n<figure id=\"attachment_39260\" aria-describedby=\"caption-attachment-39260\" style=\"width: 1200px\" class=\"wp-caption aligncenter\"><img decoding=\"async\" class=\"size-full wp-image-39260\" src=\"https:\/\/99empregos.com.br\/blog\/wp-content\/uploads\/2023\/07\/grendene-vagas-2023.jpg\" alt=\"NOVAS VAGAS: Grendene est\u00e1 contratando, confira as oportunidades e candidate-se. Foto: Reprodu\u00e7\u00e3o\" width=\"1200\" height=\"675\" srcset=\"https:\/\/99empregos.com.br\/blog\/wp-content\/uploads\/2023\/07\/grendene-vagas-2023.jpg 1200w, https:\/\/99empregos.com.br\/blog\/wp-content\/uploads\/2023\/07\/grendene-vagas-2023-300x169.jpg 300w, https:\/\/99empregos.com.br\/blog\/wp-content\/uploads\/2023\/07\/grendene-vagas-2023-1024x576.jpg 1024w, https:\/\/99empregos.com.br\/blog\/wp-content\/uploads\/2023\/07\/grendene-vagas-2023-768x432.jpg 768w\" sizes=\"(max-width: 1200px) 100vw, 1200px\" \/><figcaption id=\"caption-attachment-39260\" class=\"wp-caption-text\">NOVAS VAGAS: Grendene est\u00e1 contratando, confira as oportunidades e candidate-se. Foto: Reprodu\u00e7\u00e3o<\/figcaption><\/figure>\n<h3>Mais informa\u00e7\u00f5es sobre a Grendene<\/h3>\n<p>A nossa hist\u00f3ria \u00e9 constru\u00edda h\u00e1 mais de 50 anos por m\u00e3os que realizam e expressam seu amor em tudo o que fazem! Nosso principal recurso s\u00e3o as pessoas, \u00e9 atrav\u00e9s do engajamento e da dedica\u00e7\u00e3o delas que os nossos produtos chegam aos p\u00e9s dos nossos consumidores. Somos comprometidos com o futuro, por isso, buscamos constantemente por solu\u00e7\u00f5es que garantam a efici\u00eancia dos nossos processos, reduzam desperd\u00edcios e contribuam para o bem-estar dos nossos colaboradores e da comunidade. Acreditamos que a equidade e o respeito \u00e0s diferen\u00e7as promovem um clima organizacional colaborativo e de valoriza\u00e7\u00e3o ao outro, criando ambientes psicologicamente seguros que estimulam nossos talentos a atingirem seu potencial.<\/p>\n<h3>Como se candidatar \u00e0s vagas de emprego?<\/h3>\n<p>Se voc\u00ea encontrou uma oportunidade de emprego que se encaixa com o seu perfil profissional, basta <strong><span style=\"text-decoration: underline\"><a href=\"https:\/\/99empregos.com.br\/vaga\/grendene-abre-novas-vagas-candidate-se-agora-mesmo\/\">CLICAR AQUI NESTE LINK<\/a> <\/span><\/strong>para enviar o seu curr\u00edculo agora mesmo e se candidatar por l\u00e1. No entanto, antes de efetivar a sua inscri\u00e7\u00e3o, confira se os dados est\u00e3o corretos, tanto os pessoais como os profissionais. A equipe do 123 Empregos deseja a voc\u00ea uma boa sorte!<\/p>\n<\/div>\n<\/div>\n<\/div>\n<\/div>\n<\/div>\n<\/div>\n","protected":false},"excerpt":{"rendered":"<p>J\u00e1 pensou trabalhar em uma grande empresa e contar com \u00f3timos sal\u00e1rios? A Grendene, uma das principais empresas do setor de cal\u00e7ados, est\u00e1 com vagas abertas para integrar sua equipe. Reconhecida pela qualidade e inova\u00e7\u00e3o em seus produtos, a companhia oferece um ambiente de trabalho estimulante e colaborativo. As vagas dispon\u00edveis abrangem diversas \u00e1reas e [&hellip;]<\/p>\n","protected":false},"author":8,"featured_media":39261,"comment_status":"open","ping_status":"closed","sticky":false,"template":"","format":"standard","meta":{"footnotes":""},"categories":[7],"tags":[1544,5,3312,834,37],"class_list":["post-39258","post","type-post","status-publish","format-standard","has-post-thumbnail","hentry","category-noticias","tag-1544","tag-empregos","tag-grendene","tag-novas-vagas-de-emprego","tag-vagas"],"_links":{"self":[{"href":"https:\/\/99empregos.com.br\/blog\/wp-json\/wp\/v2\/posts\/39258","targetHints":{"allow":["GET"]}}],"collection":[{"href":"https:\/\/99empregos.com.br\/blog\/wp-json\/wp\/v2\/posts"}],"about":[{"href":"https:\/\/99empregos.com.br\/blog\/wp-json\/wp\/v2\/types\/post"}],"author":[{"embeddable":true,"href":"https:\/\/99empregos.com.br\/blog\/wp-json\/wp\/v2\/users\/8"}],"replies":[{"embeddable":true,"href":"https:\/\/99empregos.com.br\/blog\/wp-json\/wp\/v2\/comments?post=39258"}],"version-history":[{"count":0,"href":"https:\/\/99empregos.com.br\/blog\/wp-json\/wp\/v2\/posts\/39258\/revisions"}],"wp:featuredmedia":[{"embeddable":true,"href":"https:\/\/99empregos.com.br\/blog\/wp-json\/wp\/v2\/media\/39261"}],"wp:attachment":[{"href":"https:\/\/99empregos.com.br\/blog\/wp-json\/wp\/v2\/media?parent=39258"}],"wp:term":[{"taxonomy":"category","embeddable":true,"href":"https:\/\/99empregos.com.br\/blog\/wp-json\/wp\/v2\/categories?post=39258"},{"taxonomy":"post_tag","embeddable":true,"href":"https:\/\/99empregos.com.br\/blog\/wp-json\/wp\/v2\/tags?post=39258"}],"curies":[{"name":"wp","href":"https:\/\/api.w.org\/{rel}","templated":true}]}}