{"id":39494,"date":"2023-07-05T11:10:46","date_gmt":"2023-07-05T14:10:46","guid":{"rendered":"https:\/\/123empregos.com.br\/?p=39494"},"modified":"2023-07-05T11:10:46","modified_gmt":"2023-07-05T14:10:46","slug":"grupo-afonso-franca-abre-novas-vagas-candidate-se-agora","status":"publish","type":"post","link":"https:\/\/99empregos.com.br\/blog\/grupo-afonso-franca-abre-novas-vagas-candidate-se-agora\/","title":{"rendered":"Grupo Afonso Fran\u00e7a ABRE NOVAS VAGAS, candidate-se agora!"},"content":{"rendered":"<div class=\"group w-full text-gray-800 dark:text-gray-100 border-b border-black\/10 dark:border-gray-900\/50 bg-gray-50 dark:bg-[#444654]\">\n<div class=\"flex p-4 gap-4 text-base md:gap-6 md:max-w-2xl lg:max-w-[38rem] xl:max-w-3xl md:py-6 lg:px-0 m-auto\">\n<div class=\"relative flex w-[calc(100%-50px)] flex-col gap-1 md:gap-3 lg:w-[calc(100%-115px)]\">\n<div class=\"flex flex-grow flex-col gap-3\">\n<div class=\"min-h-[20px] flex items-start overflow-x-auto whitespace-pre-wrap break-words flex-col gap-4\">\n<div class=\"markdown prose w-full break-words dark:prose-invert light\">\n<p>O Grupo Afonso Fran\u00e7a, reconhecido no mercado por sua excel\u00eancia e solidez, anunciou nas \u00faltimas horas a <span style=\"text-decoration: underline\"><a href=\"https:\/\/99empregos.com.br\/vaga\/assai-atacadista-divulgou-270-vagas-de-emprego-abertas-pelo-pais\/\">abertura de vagas<\/a><\/span> em diferentes \u00e1reas e agora voc\u00ea poder\u00e1 ser o mais novo contratado por l\u00e1. A empresa busca talentos comprometidos e motivados, dispostos a contribuir com seu crescimento cont\u00ednuo. Com um ambiente de trabalho inclusivo e colaborativo, o grupo valoriza a diversidade e o desenvolvimento pessoal de seus colaboradores. Confira abaixo a lista completa de vagas dispon\u00edveis atualmente:<\/p>\n<ul>\n<li style=\"font-weight: 400\"><span style=\"font-weight: 400\">Assistente de Qualidade &#8211; Franco da Rocha, SP;<\/span><\/li>\n<li style=\"font-weight: 400\"><span style=\"font-weight: 400\">Auxiliar de Almoxarife &#8211; Cotia &#8211; SP;<\/span><\/li>\n<li style=\"font-weight: 400\"><span style=\"font-weight: 400\">Auxiliar de Almoxarife &#8211; Rio de Janeiro &#8211; RJ;<\/span><\/li>\n<li style=\"font-weight: 400\"><span style=\"font-weight: 400\">Auxiliar de Almoxarife &#8211; Sumar\u00e9 &#8211; SP;<\/span><\/li>\n<li style=\"font-weight: 400\"><span style=\"font-weight: 400\">Auxiliar de Recursos Humanos &#8211; S\u00e3o Paulo &#8211; SP;<\/span><\/li>\n<li style=\"font-weight: 400\"><span style=\"font-weight: 400\">Auxiliar em Mec\u00e2nica &#8211; S\u00e3o Paulo &#8211; SP;<\/span><\/li>\n<li style=\"font-weight: 400\"><span style=\"font-weight: 400\">Comprador &#8211; S\u00e3o Paulo &#8211; SP;<\/span><\/li>\n<li style=\"font-weight: 400\"><span style=\"font-weight: 400\">Coordenador de Projetos &#8211; Rio de Janeiro &#8211; RJ (Pessoa jur\u00eddica);<\/span><\/li>\n<li style=\"font-weight: 400\"><span style=\"font-weight: 400\">Encarregado de Obras &#8211; Franco da Rocha, SP;<\/span><\/li>\n<li style=\"font-weight: 400\"><span style=\"font-weight: 400\">Encarregado de Obras &#8211; Rio de Janeiro &#8211; RJ;<\/span><\/li>\n<li style=\"font-weight: 400\"><span style=\"font-weight: 400\">Engenheiro Civil &#8211; S\u00e3o Paulo &#8211; SP (Pessoa jur\u00eddica);<\/span><\/li>\n<li style=\"font-weight: 400\"><span style=\"font-weight: 400\">Engenheiro da Qualidade &#8211; Rio de Janeiro &#8211; RJ (Pessoa jur\u00eddica);<\/span><\/li>\n<li style=\"font-weight: 400\"><span style=\"font-weight: 400\">Engenheiro de Custo &#8211; Alex\u00e2nia &#8211; GO (Pessoa jur\u00eddica);<\/span><\/li>\n<li style=\"font-weight: 400\"><span style=\"font-weight: 400\">Engenheiro de Custos &#8211; S\u00e3o Paulo &#8211; SP (Pessoa jur\u00eddica);<\/span><\/li>\n<li style=\"font-weight: 400\"><span style=\"font-weight: 400\">Engenheiro de Custos &#8211; S\u00e3o Paulo &#8211; SP (Pessoa jur\u00eddica);<\/span><\/li>\n<li style=\"font-weight: 400\"><span style=\"font-weight: 400\">Engenheiro de Instala\u00e7\u00f5es &#8211; Rio de Janeiro &#8211; RJ;<\/span><\/li>\n<li style=\"font-weight: 400\"><span style=\"font-weight: 400\">Engenheiro de Instala\u00e7\u00f5es &#8211; Santana de Parna\u00edba &#8211; SP;<\/span><\/li>\n<li style=\"font-weight: 400\"><span style=\"font-weight: 400\">Engenheiro de Planejamento &#8211; Alex\u00e2nia &#8211; GO (Pessoa jur\u00eddica);<\/span><\/li>\n<li style=\"font-weight: 400\"><span style=\"font-weight: 400\">Engenheiro de Planejamento e Custos &#8211; Ribas do Rio Pardo &#8211; MS (Pessoa jur\u00eddica);<\/span><\/li>\n<li style=\"font-weight: 400\"><span style=\"font-weight: 400\">Engenheiro de Planejamento e Custos &#8211; Rio de Janeiro &#8211; RJ (Pessoa jur\u00eddica).<\/span><\/li>\n<\/ul>\n<figure id=\"attachment_39497\" aria-describedby=\"caption-attachment-39497\" style=\"width: 1200px\" class=\"wp-caption aligncenter\"><img decoding=\"async\" class=\"size-full wp-image-39497\" src=\"https:\/\/99empregos.com.br\/blog\/wp-content\/uploads\/2023\/07\/afonso-franca-vagas-2023.jpg\" alt=\"O Grupo Afonso Fran\u00e7a est\u00e1 com NOVAS VAGAS DE EMPREGO abertas, confira as oportunidades abaixo. Foto: Reprodu\u00e7\u00e3o\" width=\"1200\" height=\"650\" srcset=\"https:\/\/99empregos.com.br\/blog\/wp-content\/uploads\/2023\/07\/afonso-franca-vagas-2023.jpg 1200w, https:\/\/99empregos.com.br\/blog\/wp-content\/uploads\/2023\/07\/afonso-franca-vagas-2023-300x163.jpg 300w, https:\/\/99empregos.com.br\/blog\/wp-content\/uploads\/2023\/07\/afonso-franca-vagas-2023-1024x555.jpg 1024w, https:\/\/99empregos.com.br\/blog\/wp-content\/uploads\/2023\/07\/afonso-franca-vagas-2023-768x416.jpg 768w\" sizes=\"(max-width: 1200px) 100vw, 1200px\" \/><figcaption id=\"caption-attachment-39497\" class=\"wp-caption-text\">O Grupo Afonso Fran\u00e7a est\u00e1 com NOVAS VAGAS DE EMPREGO abertas, confira as oportunidades abaixo. Foto: Reprodu\u00e7\u00e3o<\/figcaption><\/figure>\n<h3>Mais informa\u00e7\u00f5es sobre o Grupo Afonso Fran\u00e7a<\/h3>\n<p>O Grupo Afonso Fran\u00e7a surgiu a partir da necessidade do mercado em contar com empresas especializadas em diferentes \u00e1reas de atua\u00e7\u00e3o. Neste sentido, as empresas que comp\u00f5em o grupo possuem equipes preparadas para entregar com qualidade e seguran\u00e7a solu\u00e7\u00f5es inteligentes aos nossos clientes.<\/p>\n<p>Uma de nossas cren\u00e7as \u00e9 a Valoriza\u00e7\u00e3o das Pessoas. Nos preocupamos continuamente em propiciar um ambiente que estimule o aperfei\u00e7oamento da equipe, o reconhecimento das novas ideias, a disposi\u00e7\u00e3o para desafios e a proatividade. Buscamos construir relacionamentos duradouros e de sucesso, proporcionando estabilidade aos nossos colaboradores.<\/p>\n<h3>Como se candidatar \u00e0s vagas de emprego abertas?<\/h3>\n<p>Encontrou aquela oportunidade de emprego que tanto esperava? Para se candidatar,<strong><span style=\"text-decoration: underline\"><a href=\"https:\/\/99empregos.com.br\/vaga\/grupo-afonso-franca-abre-novas-vagas-de-emprego-confira-aqui\/\"> CLIQUE NESTE LINK AQUI<\/a> <\/span><\/strong>e envie agora mesmo o seu curr\u00edculo para a empresa. N\u00e3o se esque\u00e7a de conferir todos os dados pessoais e profissionais antes de concluir a sua inscri\u00e7\u00e3o. A equipe do 123 Empregos te deseja uma boa sorte!<\/p>\n<\/div>\n<\/div>\n<\/div>\n<\/div>\n<\/div>\n<\/div>\n","protected":false},"excerpt":{"rendered":"<p>O Grupo Afonso Fran\u00e7a, reconhecido no mercado por sua excel\u00eancia e solidez, anunciou nas \u00faltimas horas a abertura de vagas em diferentes \u00e1reas e agora voc\u00ea poder\u00e1 ser o mais novo contratado por l\u00e1. A empresa busca talentos comprometidos e motivados, dispostos a contribuir com seu crescimento cont\u00ednuo. Com um ambiente de trabalho inclusivo e [&hellip;]<\/p>\n","protected":false},"author":8,"featured_media":39498,"comment_status":"open","ping_status":"closed","sticky":false,"template":"","format":"standard","meta":{"footnotes":""},"categories":[7],"tags":[1544,2529,5,734,37],"class_list":["post-39494","post","type-post","status-publish","format-standard","has-post-thumbnail","hentry","category-noticias","tag-1544","tag-afonso-franca","tag-empregos","tag-novas-vagas","tag-vagas"],"_links":{"self":[{"href":"https:\/\/99empregos.com.br\/blog\/wp-json\/wp\/v2\/posts\/39494","targetHints":{"allow":["GET"]}}],"collection":[{"href":"https:\/\/99empregos.com.br\/blog\/wp-json\/wp\/v2\/posts"}],"about":[{"href":"https:\/\/99empregos.com.br\/blog\/wp-json\/wp\/v2\/types\/post"}],"author":[{"embeddable":true,"href":"https:\/\/99empregos.com.br\/blog\/wp-json\/wp\/v2\/users\/8"}],"replies":[{"embeddable":true,"href":"https:\/\/99empregos.com.br\/blog\/wp-json\/wp\/v2\/comments?post=39494"}],"version-history":[{"count":0,"href":"https:\/\/99empregos.com.br\/blog\/wp-json\/wp\/v2\/posts\/39494\/revisions"}],"wp:featuredmedia":[{"embeddable":true,"href":"https:\/\/99empregos.com.br\/blog\/wp-json\/wp\/v2\/media\/39498"}],"wp:attachment":[{"href":"https:\/\/99empregos.com.br\/blog\/wp-json\/wp\/v2\/media?parent=39494"}],"wp:term":[{"taxonomy":"category","embeddable":true,"href":"https:\/\/99empregos.com.br\/blog\/wp-json\/wp\/v2\/categories?post=39494"},{"taxonomy":"post_tag","embeddable":true,"href":"https:\/\/99empregos.com.br\/blog\/wp-json\/wp\/v2\/tags?post=39494"}],"curies":[{"name":"wp","href":"https:\/\/api.w.org\/{rel}","templated":true}]}}