{"id":39733,"date":"2023-07-07T06:47:58","date_gmt":"2023-07-07T09:47:58","guid":{"rendered":"https:\/\/123empregos.com.br\/?p=39733"},"modified":"2023-07-07T06:47:58","modified_gmt":"2023-07-07T09:47:58","slug":"vagas-no-rh-protemp-contrata-veja-as-oportunidades-e-envie-aqui-seu-curriculo","status":"publish","type":"post","link":"https:\/\/99empregos.com.br\/blog\/vagas-no-rh-protemp-contrata-veja-as-oportunidades-e-envie-aqui-seu-curriculo\/","title":{"rendered":"VAGAS NO RH: Protemp contrata, veja as oportunidades e envie aqui seu curr\u00edculo!"},"content":{"rendered":"<div class=\"group w-full text-gray-800 dark:text-gray-100 border-b border-black\/10 dark:border-gray-900\/50 bg-gray-50 dark:bg-[#444654]\">\n<div class=\"flex p-4 gap-4 text-base md:gap-6 md:max-w-2xl lg:max-w-[38rem] xl:max-w-3xl md:py-6 lg:px-0 m-auto\">\n<div class=\"relative flex w-[calc(100%-50px)] flex-col gap-1 md:gap-3 lg:w-[calc(100%-115px)]\">\n<div class=\"flex flex-grow flex-col gap-3\">\n<div class=\"min-h-[20px] flex items-start overflow-x-auto whitespace-pre-wrap break-words flex-col gap-4\">\n<div class=\"markdown prose w-full break-words dark:prose-invert light\">\n<p>A Protemp anunciou a abertura de <span style=\"text-decoration: underline\"><a href=\"https:\/\/99empregos.com.br\/vaga\/cimed-divulgou-67-vagas-de-emprego-abertas-pelo-pais-veja-os-cargos\/\">novas vagas de emprego<\/a> <\/span>em sua empresa, que \u00e9 especializada em recrutamento e sele\u00e7\u00e3o especializada. Como especialistas em solu\u00e7\u00f5es de pessoal, a companhia busca profissionais talentosos e motivados para se juntarem \u00e0 sua equipe. Se voc\u00ea \u00e9 apaixonado pela conex\u00e3o de pessoas a oportunidades de emprego, busca um ambiente de trabalho din\u00e2mico e desafiador, confira abaixo as oportunidades:<\/p>\n<ul>\n<li style=\"font-weight: 400\"><span style=\"font-weight: 400\">Vigilante de Monitoramento &#8211; S\u00e3o Bernardo do Campo &#8211; SP;<\/span><\/li>\n<li style=\"font-weight: 400\"><span style=\"font-weight: 400\">Analista de Cadastro (Vendas) &#8211; S\u00e3o Paulo &#8211; SP;<\/span><\/li>\n<li style=\"font-weight: 400\"><span style=\"font-weight: 400\">Analista de Engenharia de Processos &#8211; S\u00e3o Paulo &#8211; SP;<\/span><\/li>\n<li style=\"font-weight: 400\"><span style=\"font-weight: 400\">Auxiliar de Aplica\u00e7\u00e3o de Tintas e Vernizes &#8211; S\u00e3o Bernardo do Campo;<\/span><\/li>\n<li style=\"font-weight: 400\"><span style=\"font-weight: 400\">Costureiro &#8211; S\u00e3o Bernardo do Campo &#8211; SP;<\/span><\/li>\n<li style=\"font-weight: 400\"><span style=\"font-weight: 400\">Meio Oficial Eletricista &#8211; S\u00e3o Bernardo do Campo &#8211; SP;<\/span><\/li>\n<li style=\"font-weight: 400\"><span style=\"font-weight: 400\">Auxiliar de Manuten\u00e7\u00e3o Industrial &#8211; Mau\u00e1 &#8211; SP;<\/span><\/li>\n<li style=\"font-weight: 400\"><span style=\"font-weight: 400\">Analista de Controladoria S\u00eanior &#8211; S\u00e3o Paulo &#8211; SP;<\/span><\/li>\n<li style=\"font-weight: 400\"><span style=\"font-weight: 400\">Assistente de Qualidade &#8211; S\u00e3o Paulo &#8211; SP;<\/span><\/li>\n<li style=\"font-weight: 400\"><span style=\"font-weight: 400\">Auxiliar de Vendas Internas &#8211; S\u00e3o Paulo &#8211; SP;<\/span><\/li>\n<li style=\"font-weight: 400\"><span style=\"font-weight: 400\">Auxiliar de PCP &#8211; S\u00e3o Paulo &#8211; SP;<\/span><\/li>\n<li style=\"font-weight: 400\"><span style=\"font-weight: 400\">Auxiliar de Limpeza &#8211; S\u00e3o Paulo &#8211; SP;<\/span><\/li>\n<li style=\"font-weight: 400\"><span style=\"font-weight: 400\">Assistente Financeiro &#8211; Santo Andr\u00e9 &#8211; SP;<\/span><\/li>\n<li style=\"font-weight: 400\"><span style=\"font-weight: 400\">Auxiliar de Escrit\u00f3rio &#8211; Santo Andr\u00e9 &#8211; SP.<\/span><\/li>\n<\/ul>\n<figure id=\"attachment_39736\" aria-describedby=\"caption-attachment-39736\" style=\"width: 1200px\" class=\"wp-caption aligncenter\"><img decoding=\"async\" class=\"size-full wp-image-39736\" src=\"https:\/\/99empregos.com.br\/blog\/wp-content\/uploads\/2023\/07\/protemp-vagas.jpg\" alt=\"A Protemp est\u00e1 com NOVAS VAGAS DE EMPREGO, candidate-se por aqui. Foto: Reprodu\u00e7\u00e3o\" width=\"1200\" height=\"675\" srcset=\"https:\/\/99empregos.com.br\/blog\/wp-content\/uploads\/2023\/07\/protemp-vagas.jpg 1200w, https:\/\/99empregos.com.br\/blog\/wp-content\/uploads\/2023\/07\/protemp-vagas-300x169.jpg 300w, https:\/\/99empregos.com.br\/blog\/wp-content\/uploads\/2023\/07\/protemp-vagas-1024x576.jpg 1024w, https:\/\/99empregos.com.br\/blog\/wp-content\/uploads\/2023\/07\/protemp-vagas-768x432.jpg 768w\" sizes=\"(max-width: 1200px) 100vw, 1200px\" \/><figcaption id=\"caption-attachment-39736\" class=\"wp-caption-text\">A Protemp est\u00e1 com NOVAS VAGAS DE EMPREGO, candidate-se por aqui. Foto: Reprodu\u00e7\u00e3o<\/figcaption><\/figure>\n<h3>Mais informa\u00e7\u00f5es sobre a Protemp<\/h3>\n<p>Fundada em 1987, a Protemp se constituiu ao longo desses anos como sendo uma das principais empresas voltadas a \u00e1rea de Recursos Humanos. A busca constante pelo aperfei\u00e7oamento t\u00e9cnico e a seriedade na Gest\u00e3o de Contratos garantem o sucesso de mais de 35 Anos da PROTEMP no mercado de presta\u00e7\u00e3o de servi\u00e7os.<\/p>\n<p>Temos condi\u00e7\u00f5es de lhe proporcionar estudos de viabiliza\u00e7\u00e3o de redu\u00e7\u00e3o de custos em \u00e1reas de seu interesse ou \u00fateis \u00e0 sua atua\u00e7\u00e3o. Comprometida em alcan\u00e7ar a excel\u00eancia, a PROTEMP acompanha as constantes mudan\u00e7as do mercado e busca oferecer a seus clientes comodidade e praticidade na execu\u00e7\u00e3o de toda a burocracia que \u00e9 selecionar, recrutar, treinar, administrar e alocar Recursos Humanos.<\/p>\n<h3>Como se candidatar \u00e0s vagas de emprego<\/h3>\n<p>Se voc\u00ea encontrou aquela vaga de emprego que tanto procurava, <strong><span style=\"text-decoration: underline\"><a href=\"https:\/\/99empregos.com.br\/vaga\/protemp-abre-novas-vagas-de-emprego-candidate-se\/\">CLIQUE AQUI NESTE LINK<\/a><\/span><\/strong> e envie o seu curr\u00edculo agora mesmo para se candidatar \u00e0s oportunidades dispon\u00edveis na empresa. No entanto, antes de concluir o seu cadastro, recomendamos que revise novamente seus dados pessoais. A equipe do 123 Empregos deseja uma boa sorte!<\/p>\n<\/div>\n<\/div>\n<\/div>\n<\/div>\n<\/div>\n<\/div>\n","protected":false},"excerpt":{"rendered":"<p>A Protemp anunciou a abertura de novas vagas de emprego em sua empresa, que \u00e9 especializada em recrutamento e sele\u00e7\u00e3o especializada. Como especialistas em solu\u00e7\u00f5es de pessoal, a companhia busca profissionais talentosos e motivados para se juntarem \u00e0 sua equipe. Se voc\u00ea \u00e9 apaixonado pela conex\u00e3o de pessoas a oportunidades de emprego, busca um ambiente [&hellip;]<\/p>\n","protected":false},"author":8,"featured_media":39736,"comment_status":"open","ping_status":"closed","sticky":false,"template":"","format":"standard","meta":{"footnotes":""},"categories":[7],"tags":[1544,5,3336,3251,37],"class_list":["post-39733","post","type-post","status-publish","format-standard","has-post-thumbnail","hentry","category-noticias","tag-1544","tag-empregos","tag-protemp","tag-salarios","tag-vagas"],"_links":{"self":[{"href":"https:\/\/99empregos.com.br\/blog\/wp-json\/wp\/v2\/posts\/39733","targetHints":{"allow":["GET"]}}],"collection":[{"href":"https:\/\/99empregos.com.br\/blog\/wp-json\/wp\/v2\/posts"}],"about":[{"href":"https:\/\/99empregos.com.br\/blog\/wp-json\/wp\/v2\/types\/post"}],"author":[{"embeddable":true,"href":"https:\/\/99empregos.com.br\/blog\/wp-json\/wp\/v2\/users\/8"}],"replies":[{"embeddable":true,"href":"https:\/\/99empregos.com.br\/blog\/wp-json\/wp\/v2\/comments?post=39733"}],"version-history":[{"count":0,"href":"https:\/\/99empregos.com.br\/blog\/wp-json\/wp\/v2\/posts\/39733\/revisions"}],"wp:featuredmedia":[{"embeddable":true,"href":"https:\/\/99empregos.com.br\/blog\/wp-json\/wp\/v2\/media\/39736"}],"wp:attachment":[{"href":"https:\/\/99empregos.com.br\/blog\/wp-json\/wp\/v2\/media?parent=39733"}],"wp:term":[{"taxonomy":"category","embeddable":true,"href":"https:\/\/99empregos.com.br\/blog\/wp-json\/wp\/v2\/categories?post=39733"},{"taxonomy":"post_tag","embeddable":true,"href":"https:\/\/99empregos.com.br\/blog\/wp-json\/wp\/v2\/tags?post=39733"}],"curies":[{"name":"wp","href":"https:\/\/api.w.org\/{rel}","templated":true}]}}