{"id":40651,"date":"2023-07-17T11:27:04","date_gmt":"2023-07-17T14:27:04","guid":{"rendered":"https:\/\/123empregos.com.br\/?p=40651"},"modified":"2023-07-17T11:27:04","modified_gmt":"2023-07-17T14:27:04","slug":"salarios-a-partir-de-r21-mil-clamed-contrata-veja-aqui-as-vagas-disponiveis","status":"publish","type":"post","link":"https:\/\/99empregos.com.br\/blog\/salarios-a-partir-de-r21-mil-clamed-contrata-veja-aqui-as-vagas-disponiveis\/","title":{"rendered":"Sal\u00e1rios a partir de R$2,1 mil: Clamed contrata, VEJA AQUI AS VAGAS DISPON\u00cdVEIS!"},"content":{"rendered":"<div class=\"group w-full text-gray-800 dark:text-gray-100 border-b border-black\/10 dark:border-gray-900\/50 bg-gray-50 dark:bg-[#444654]\">\n<div class=\"flex p-4 gap-4 text-base md:gap-6 md:max-w-2xl lg:max-w-[38rem] xl:max-w-3xl md:py-6 lg:px-0 m-auto\">\n<div class=\"relative flex w-[calc(100%-50px)] flex-col gap-1 md:gap-3 lg:w-[calc(100%-115px)]\">\n<div class=\"flex flex-grow flex-col gap-3\">\n<div class=\"min-h-[20px] flex items-start overflow-x-auto whitespace-pre-wrap break-words flex-col gap-4\">\n<div class=\"result-streaming markdown prose w-full break-words dark:prose-invert light\">\n<p>A Clamed, uma empresa l\u00edder no setor de sa\u00fade, est\u00e1 anunciando a abertura de <span style=\"text-decoration: underline\"><a href=\"https:\/\/99empregos.com.br\/vaga\/sicredi-divulga-mais-de-900-vagas-de-emprego-pelo-brasil\/\">novas vagas de emprego<\/a><\/span> em sua companhia. Reconhecida por sua excel\u00eancia e compromisso com o cuidado e bem-estar dos pacientes, a empresa oferece uma variedade de oportunidades de carreira e est\u00e1 com vagas abertas para profissionais de sa\u00fade e especialistas em administra\u00e7\u00e3o e atendimento ao cliente. Confira abaixo a lista completa de vagas:<\/p>\n<ul>\n<li style=\"font-weight: 400\"><span style=\"font-weight: 400\">Atendente &#8211; Balne\u00e1rio Cambori\u00fa &#8211; SC;<\/span><\/li>\n<li style=\"font-weight: 400\"><span style=\"font-weight: 400\">Atendente &#8211; Brusque Santa Terezinha &#8211; Brusque &#8211; SC;<\/span><\/li>\n<li style=\"font-weight: 400\"><span style=\"font-weight: 400\">Atendente &#8211; Coxim Av Virginia Ferreira, 755 &#8211; Coxim &#8211; MS;<\/span><\/li>\n<li style=\"font-weight: 400\"><span style=\"font-weight: 400\">Atendente &#8211; Curitibanos II &#8211; Curitibanos &#8211; SC;<\/span><\/li>\n<li style=\"font-weight: 400\"><span style=\"font-weight: 400\">Atendente &#8211; DC Balne\u00e1rio Cambori\u00fa &#8211; Balne\u00e1rio Cambori\u00fa &#8211; SC;<\/span><\/li>\n<li style=\"font-weight: 400\"><span style=\"font-weight: 400\">Atendente &#8211; DC Chapec\u00f3 II &#8211; Chapec\u00f3 &#8211; SC;<\/span><\/li>\n<li style=\"font-weight: 400\"><span style=\"font-weight: 400\">Atendente &#8211; DC Chapec\u00f3 II &#8211; Chapec\u00f3 &#8211; SC;<\/span><\/li>\n<li style=\"font-weight: 400\"><span style=\"font-weight: 400\">Atendente &#8211; DC Crici\u00fama Centen\u00e1rio &#8211; Crici\u00fama &#8211; SC;<\/span><\/li>\n<li style=\"font-weight: 400\"><span style=\"font-weight: 400\">Atendente &#8211; DC Crici\u00fama III &#8211; Crici\u00fama &#8211; SC;<\/span><\/li>\n<li style=\"font-weight: 400\"><span style=\"font-weight: 400\">Atendente &#8211; DC Crici\u00fama III &#8211; Crici\u00fama &#8211; SC;<\/span><\/li>\n<li style=\"font-weight: 400\"><span style=\"font-weight: 400\">Atendente &#8211; DC Crici\u00fama III &#8211; Crici\u00fama &#8211; SC;<\/span><\/li>\n<li style=\"font-weight: 400\"><span style=\"font-weight: 400\">Atendente &#8211; DC Crici\u00fama Joaquim Nabuco &#8211; Crici\u00fama &#8211; SC;<\/span><\/li>\n<li style=\"font-weight: 400\"><span style=\"font-weight: 400\">Atendente &#8211; DC Crici\u00fama Marechal Deodoro &#8211; Crici\u00fama &#8211; SC;<\/span><\/li>\n<li style=\"font-weight: 400\"><span style=\"font-weight: 400\">Atendente &#8211; DC Crici\u00fama Marechal Deodoro &#8211; Crici\u00fama &#8211; SC;<\/span><\/li>\n<li style=\"font-weight: 400\"><span style=\"font-weight: 400\">Atendente &#8211; DC Crici\u00fama Marechal Deodoro &#8211; Crici\u00fama &#8211; SC;<\/span><\/li>\n<li style=\"font-weight: 400\"><span style=\"font-weight: 400\">Atendente &#8211; DC Ctba Alto da XV &#8211; Curitiba &#8211; PR;<\/span><\/li>\n<li style=\"font-weight: 400\"><span style=\"font-weight: 400\">Atendente &#8211; DC Gaspar &#8211; Gaspar &#8211; SC;<\/span><\/li>\n<li style=\"font-weight: 400\"><span style=\"font-weight: 400\">Atendente &#8211; DC Gaspar &#8211; Gaspar &#8211; SC;<\/span><\/li>\n<li style=\"font-weight: 400\"><span style=\"font-weight: 400\">Atendente &#8211; DC Guaramirim &#8211; Guaramirim &#8211; SC;<\/span><\/li>\n<li style=\"font-weight: 400\"><span style=\"font-weight: 400\">Atendente &#8211; DC Guaramirim &#8211; Guaramirim &#8211; SC.<\/span><\/li>\n<\/ul>\n<figure id=\"attachment_40654\" aria-describedby=\"caption-attachment-40654\" style=\"width: 1200px\" class=\"wp-caption aligncenter\"><img decoding=\"async\" class=\"size-full wp-image-40654\" src=\"https:\/\/99empregos.com.br\/blog\/wp-content\/uploads\/2023\/07\/clamed-vagas-2023.jpg\" alt=\"A Clamed est\u00e1 com NOVAS VAGAS DE EMPREGO, candidate-se aqui. Foto: Reprodu\u00e7\u00e3o\" width=\"1200\" height=\"675\" srcset=\"https:\/\/99empregos.com.br\/blog\/wp-content\/uploads\/2023\/07\/clamed-vagas-2023.jpg 1200w, https:\/\/99empregos.com.br\/blog\/wp-content\/uploads\/2023\/07\/clamed-vagas-2023-300x169.jpg 300w, https:\/\/99empregos.com.br\/blog\/wp-content\/uploads\/2023\/07\/clamed-vagas-2023-1024x576.jpg 1024w, https:\/\/99empregos.com.br\/blog\/wp-content\/uploads\/2023\/07\/clamed-vagas-2023-768x432.jpg 768w\" sizes=\"(max-width: 1200px) 100vw, 1200px\" \/><figcaption id=\"caption-attachment-40654\" class=\"wp-caption-text\">A Clamed est\u00e1 com NOVAS VAGAS DE EMPREGO, candidate-se aqui. Foto: Reprodu\u00e7\u00e3o<\/figcaption><\/figure>\n<h3>Mais informa\u00e7\u00f5es sobre a Clamed<\/h3>\n<p>A CLAMED Farm\u00e1cias \u00e9 uma empresa centen\u00e1ria que agrupa as marcas Drogaria Catarinense, Drogaria Catarinense Manipula\u00e7\u00e3o, Farm\u00e1cia Pre\u00e7o Popular, Farmagora, Proformula e Clamed Health Center. Temos valores s\u00f3lidos, como a \u00e9tica e o respeito com as pessoas, e estimulamos a criatividade colaborativa e inova\u00e7\u00e3o. Diariamente, cumprimos a nossa miss\u00e3o de ouvir e servir, proporcionando sa\u00fade e bem-estar. S\u00e3o mais de 560 lojas espalhadas pelo Brasil, atendendo dezenas de milhares de clientes. Assim, damos vida ao nosso prop\u00f3sito de sermos pessoas dedicadas a pessoas.<\/p>\n<h3>Como enviar o meu curr\u00edculo para a Clamed?<\/h3>\n<p>Encontrou uma vaga de emprego que tanto procurava? Para se candidatar, <strong><span style=\"text-decoration: underline\"><a href=\"https:\/\/99empregos.com.br\/vaga\/clamed-abre-novas-vagas-de-emprego-candidate-se-agora\/\">CLIQUE NESTE LINK AQUI<\/a> <\/span><\/strong>e envie o seu curr\u00edculo agora mesmo por l\u00e1. Antes de confirmar a sua candidatura, n\u00f3s recomendamos que fa\u00e7a uma revis\u00e3o completa de todos os pr\u00e9-requisitos solicitados pela companhia. A equipe do 123 Empregos te deseja uma boa sorte!<\/p>\n<\/div>\n<\/div>\n<\/div>\n<\/div>\n<\/div>\n<\/div>\n","protected":false},"excerpt":{"rendered":"<p>A Clamed, uma empresa l\u00edder no setor de sa\u00fade, est\u00e1 anunciando a abertura de novas vagas de emprego em sua companhia. Reconhecida por sua excel\u00eancia e compromisso com o cuidado e bem-estar dos pacientes, a empresa oferece uma variedade de oportunidades de carreira e est\u00e1 com vagas abertas para profissionais de sa\u00fade e especialistas em [&hellip;]<\/p>\n","protected":false},"author":8,"featured_media":40655,"comment_status":"open","ping_status":"closed","sticky":false,"template":"","format":"standard","meta":{"footnotes":""},"categories":[7],"tags":[1544,2977,5,37],"class_list":["post-40651","post","type-post","status-publish","format-standard","has-post-thumbnail","hentry","category-noticias","tag-1544","tag-clamed","tag-empregos","tag-vagas"],"_links":{"self":[{"href":"https:\/\/99empregos.com.br\/blog\/wp-json\/wp\/v2\/posts\/40651","targetHints":{"allow":["GET"]}}],"collection":[{"href":"https:\/\/99empregos.com.br\/blog\/wp-json\/wp\/v2\/posts"}],"about":[{"href":"https:\/\/99empregos.com.br\/blog\/wp-json\/wp\/v2\/types\/post"}],"author":[{"embeddable":true,"href":"https:\/\/99empregos.com.br\/blog\/wp-json\/wp\/v2\/users\/8"}],"replies":[{"embeddable":true,"href":"https:\/\/99empregos.com.br\/blog\/wp-json\/wp\/v2\/comments?post=40651"}],"version-history":[{"count":0,"href":"https:\/\/99empregos.com.br\/blog\/wp-json\/wp\/v2\/posts\/40651\/revisions"}],"wp:featuredmedia":[{"embeddable":true,"href":"https:\/\/99empregos.com.br\/blog\/wp-json\/wp\/v2\/media\/40655"}],"wp:attachment":[{"href":"https:\/\/99empregos.com.br\/blog\/wp-json\/wp\/v2\/media?parent=40651"}],"wp:term":[{"taxonomy":"category","embeddable":true,"href":"https:\/\/99empregos.com.br\/blog\/wp-json\/wp\/v2\/categories?post=40651"},{"taxonomy":"post_tag","embeddable":true,"href":"https:\/\/99empregos.com.br\/blog\/wp-json\/wp\/v2\/tags?post=40651"}],"curies":[{"name":"wp","href":"https:\/\/api.w.org\/{rel}","templated":true}]}}