{"id":40657,"date":"2023-07-17T11:31:38","date_gmt":"2023-07-17T14:31:38","guid":{"rendered":"https:\/\/123empregos.com.br\/?p=40657"},"modified":"2023-07-17T11:31:38","modified_gmt":"2023-07-17T14:31:38","slug":"dasa-abre-novas-vagas-de-emprego-salarios-cidades-e-muito-mais-aqui","status":"publish","type":"post","link":"https:\/\/99empregos.com.br\/blog\/dasa-abre-novas-vagas-de-emprego-salarios-cidades-e-muito-mais-aqui\/","title":{"rendered":"Dasa abre NOVAS VAGAS DE EMPREGO: sal\u00e1rios, cidades e muito mais aqui!"},"content":{"rendered":"<div class=\"group w-full text-gray-800 dark:text-gray-100 border-b border-black\/10 dark:border-gray-900\/50 bg-gray-50 dark:bg-[#444654]\">\n<div class=\"flex p-4 gap-4 text-base md:gap-6 md:max-w-2xl lg:max-w-[38rem] xl:max-w-3xl md:py-6 lg:px-0 m-auto\">\n<div class=\"relative flex w-[calc(100%-50px)] flex-col gap-1 md:gap-3 lg:w-[calc(100%-115px)]\">\n<div class=\"flex flex-grow flex-col gap-3\">\n<div class=\"min-h-[20px] flex items-start overflow-x-auto whitespace-pre-wrap break-words flex-col gap-4\">\n<div class=\"markdown prose w-full break-words dark:prose-invert light\">\n<p>A Dasa Assistencial, empresa de refer\u00eancia no setor de sa\u00fade, anuncia a <span style=\"text-decoration: underline\"><a href=\"https:\/\/99empregos.com.br\/empregos-no-setor-varejista-grupo-avenida-contrata-hoje-04-07-veja-os-salarios-e-candidate-se\/\">abertura de novas vagas de emprego<\/a><\/span> e essa \u00e9 a sua chance de ter uma oportunidade por l\u00e1. Reconhecida pela qualidade e inova\u00e7\u00e3o em seus servi\u00e7os, a companhia oferece uma ampla gama de oportunidades de carreira. Os candidatos poder\u00e3o encontrar uma empresa comprometida com o crescimento profissional, um ambiente de trabalho colaborativo e a oportunidade de contribuir para o bem-estar dos pacientes. Confira abaixo a lista completa de vagas:<\/p>\n<ul>\n<li style=\"font-weight: 400\"><span style=\"font-weight: 400\">Agente de Transporte ao Paciente &#8211; Banco de talentos;<\/span><\/li>\n<li style=\"font-weight: 400\"><span style=\"font-weight: 400\">Analista de Laborat\u00f3rio &#8211; Banco de talentos;<\/span><\/li>\n<li style=\"font-weight: 400\"><span style=\"font-weight: 400\">Assistente de Coleta &#8211; Banco de talentos;<\/span><\/li>\n<li style=\"font-weight: 400\"><span style=\"font-weight: 400\">Assistente de Coleta (apoio\/cadastro) &#8211; Banco de talentos;<\/span><\/li>\n<li style=\"font-weight: 400\"><span style=\"font-weight: 400\">Assistente de Coleta (vaga afirmativa para pessoas com defici\u00eancia) &#8211; Banco de talentos;<\/span><\/li>\n<li style=\"font-weight: 400\"><span style=\"font-weight: 400\">Assistente de Sala &#8211; Banco de talentos;<\/span><\/li>\n<li style=\"font-weight: 400\"><span style=\"font-weight: 400\">Assistente de Sala (vaga afirmativa para pessoas com defici\u00eancia) &#8211; Banco de talentos;<\/span><\/li>\n<li style=\"font-weight: 400\"><span style=\"font-weight: 400\">Auxiliar de Almoxarifado &#8211; Banco de talentos;<\/span><\/li>\n<li style=\"font-weight: 400\"><span style=\"font-weight: 400\">Auxiliar de Esteriliza\u00e7\u00e3o &#8211; Niter\u00f3i &#8211; RJ &#8211; Banco de talentos;<\/span><\/li>\n<li style=\"font-weight: 400\"><span style=\"font-weight: 400\">Auxiliar de Farm\u00e1cia &#8211; Banco de talentos;<\/span><\/li>\n<li style=\"font-weight: 400\"><span style=\"font-weight: 400\">Auxiliar de Servi\u00e7os Gerais &#8211; Maring\u00e1 &#8211; PR &#8211; Banco de talentos;<\/span><\/li>\n<li style=\"font-weight: 400\"><span style=\"font-weight: 400\">Auxiliar Operacional &#8211; Banco de talentos;<\/span><\/li>\n<li style=\"font-weight: 400\"><span style=\"font-weight: 400\">Auxiliar Operacional (vaga afirmativa para pessoas com defici\u00eancia) &#8211; Banco de talentos;<\/span><\/li>\n<li style=\"font-weight: 400\"><span style=\"font-weight: 400\">Auxiliar T\u00e9cnico(a) &#8211; Banco de talentos;<\/span><\/li>\n<li style=\"font-weight: 400\"><span style=\"font-weight: 400\">Auxiliar T\u00e9cnico(a) (vaga afirmativa para pessoas com defici\u00eancia) &#8211; Banco de talentos;<\/span><\/li>\n<li style=\"font-weight: 400\"><span style=\"font-weight: 400\">Biom\u00e9dico(a) &#8211; Banco de talentos;<\/span><\/li>\n<li style=\"font-weight: 400\"><span style=\"font-weight: 400\">Camareiro(a) &#8211; Banco de talentos;<\/span><\/li>\n<li style=\"font-weight: 400\"><span style=\"font-weight: 400\">Coordenador(a) de Enfermagem &#8211; Maring\u00e1 &#8211; PR &#8211; Banco de talentos;<\/span><\/li>\n<li style=\"font-weight: 400\"><span style=\"font-weight: 400\">Coordenador(a) de Manuten\u00e7\u00e3o &#8211; Maring\u00e1 &#8211; PR &#8211; Banco de talentos.<\/span><\/li>\n<\/ul>\n<figure id=\"attachment_40659\" aria-describedby=\"caption-attachment-40659\" style=\"width: 1200px\" class=\"wp-caption aligncenter\"><img decoding=\"async\" class=\"size-full wp-image-40659\" src=\"https:\/\/99empregos.com.br\/blog\/wp-content\/uploads\/2023\/07\/dasa-vagas-2023.jpg\" alt=\"A Dasa est\u00e1 com NOVAS VAGAS, confira as oportunidades aqui e candidate-se. Foto: Reprodu\u00e7\u00e3o\" width=\"1200\" height=\"675\" srcset=\"https:\/\/99empregos.com.br\/blog\/wp-content\/uploads\/2023\/07\/dasa-vagas-2023.jpg 1200w, https:\/\/99empregos.com.br\/blog\/wp-content\/uploads\/2023\/07\/dasa-vagas-2023-300x169.jpg 300w, https:\/\/99empregos.com.br\/blog\/wp-content\/uploads\/2023\/07\/dasa-vagas-2023-1024x576.jpg 1024w, https:\/\/99empregos.com.br\/blog\/wp-content\/uploads\/2023\/07\/dasa-vagas-2023-768x432.jpg 768w\" sizes=\"(max-width: 1200px) 100vw, 1200px\" \/><figcaption id=\"caption-attachment-40659\" class=\"wp-caption-text\">A Dasa est\u00e1 com NOVAS VAGAS, confira as oportunidades aqui e candidate-se. Foto: Reprodu\u00e7\u00e3o<\/figcaption><\/figure>\n<h3>Mais informa\u00e7\u00f5es sobre a Dasa<\/h3>\n<p class=\"ql-align-justify\">Somos a maior rede de sa\u00fade integrada no Brasil. Juntos, mais de 50 mil colaboradores(as) e 250 mil m\u00e9dicos(as) parceiros(as) est\u00e3o presentes em cada etapa da jornada de cuidado e da experi\u00eancia de mais de 20 milh\u00f5es de pessoas por ano.<\/p>\n<p class=\"ql-align-justify\">Contamos com mais de 59 marcas entre medicina diagn\u00f3stica e hospitais, distribu\u00eddas em mais de 900 unidades no Brasil, al\u00e9m de uma empresa reconhecida em gest\u00e3o em cuidados. Acolhemos a vida, a sa\u00fade e as rela\u00e7\u00f5es, de forma integral e apaixonada, unindo ci\u00eancia, alta tecnologia e inova\u00e7\u00e3o para vivermos nosso prop\u00f3sito de ser a sa\u00fade que as pessoas desejam e que o mundo precisa.<\/p>\n<h3>Como se candidatar?<\/h3>\n<p>Encontrou uma vaga de emprego que tanto procurava? Para se candidatar, <strong><a href=\"https:\/\/99empregos.com.br\/vaga\/dasa-abre-novas-vagas-de-emprego-candidate-se\/\">CLIQUE NESTE LINK AQUI<\/a> <\/strong>e envie o seu curr\u00edculo agora mesmo por l\u00e1. Antes de confirmar a sua candidatura, n\u00f3s recomendamos que fa\u00e7a uma revis\u00e3o completa de todos os pr\u00e9-requisitos solicitados pela companhia. A equipe do 123 Empregos te deseja uma boa sorte!<\/p>\n<\/div>\n<\/div>\n<\/div>\n<\/div>\n<\/div>\n<\/div>\n","protected":false},"excerpt":{"rendered":"<p>A Dasa Assistencial, empresa de refer\u00eancia no setor de sa\u00fade, anuncia a abertura de novas vagas de emprego e essa \u00e9 a sua chance de ter uma oportunidade por l\u00e1. Reconhecida pela qualidade e inova\u00e7\u00e3o em seus servi\u00e7os, a companhia oferece uma ampla gama de oportunidades de carreira. Os candidatos poder\u00e3o encontrar uma empresa comprometida [&hellip;]<\/p>\n","protected":false},"author":8,"featured_media":40660,"comment_status":"open","ping_status":"closed","sticky":false,"template":"","format":"standard","meta":{"footnotes":""},"categories":[7],"tags":[1544,897,5,734,3251,37],"class_list":["post-40657","post","type-post","status-publish","format-standard","has-post-thumbnail","hentry","category-noticias","tag-1544","tag-dasa","tag-empregos","tag-novas-vagas","tag-salarios","tag-vagas"],"_links":{"self":[{"href":"https:\/\/99empregos.com.br\/blog\/wp-json\/wp\/v2\/posts\/40657","targetHints":{"allow":["GET"]}}],"collection":[{"href":"https:\/\/99empregos.com.br\/blog\/wp-json\/wp\/v2\/posts"}],"about":[{"href":"https:\/\/99empregos.com.br\/blog\/wp-json\/wp\/v2\/types\/post"}],"author":[{"embeddable":true,"href":"https:\/\/99empregos.com.br\/blog\/wp-json\/wp\/v2\/users\/8"}],"replies":[{"embeddable":true,"href":"https:\/\/99empregos.com.br\/blog\/wp-json\/wp\/v2\/comments?post=40657"}],"version-history":[{"count":0,"href":"https:\/\/99empregos.com.br\/blog\/wp-json\/wp\/v2\/posts\/40657\/revisions"}],"wp:featuredmedia":[{"embeddable":true,"href":"https:\/\/99empregos.com.br\/blog\/wp-json\/wp\/v2\/media\/40660"}],"wp:attachment":[{"href":"https:\/\/99empregos.com.br\/blog\/wp-json\/wp\/v2\/media?parent=40657"}],"wp:term":[{"taxonomy":"category","embeddable":true,"href":"https:\/\/99empregos.com.br\/blog\/wp-json\/wp\/v2\/categories?post=40657"},{"taxonomy":"post_tag","embeddable":true,"href":"https:\/\/99empregos.com.br\/blog\/wp-json\/wp\/v2\/tags?post=40657"}],"curies":[{"name":"wp","href":"https:\/\/api.w.org\/{rel}","templated":true}]}}