{"id":40706,"date":"2023-07-17T12:12:21","date_gmt":"2023-07-17T15:12:21","guid":{"rendered":"https:\/\/123empregos.com.br\/?p=40706"},"modified":"2025-04-30T16:08:01","modified_gmt":"2025-04-30T19:08:01","slug":"grupo-boticario-abre-novas-vagas-de-emprego-canditate-se-aqui","status":"publish","type":"post","link":"https:\/\/99empregos.com.br\/blog\/grupo-boticario-abre-novas-vagas-de-emprego-canditate-se-aqui\/","title":{"rendered":"Grupo Botic\u00e1rio abre NOVAS VAGAS DE EMPREGO, canditate-se aqui!"},"content":{"rendered":"<div class=\"group w-full text-gray-800 dark:text-gray-100 border-b border-black\/10 dark:border-gray-900\/50 bg-gray-50 dark:bg-[#444654]\">\n<div class=\"flex p-4 gap-4 text-base md:gap-6 md:max-w-2xl lg:max-w-[38rem] xl:max-w-3xl md:py-6 lg:px-0 m-auto\">\n<div class=\"relative flex w-[calc(100%-50px)] flex-col gap-1 md:gap-3 lg:w-[calc(100%-115px)]\">\n<div class=\"flex flex-grow flex-col gap-3\">\n<div class=\"min-h-[20px] flex items-start overflow-x-auto whitespace-pre-wrap break-words flex-col gap-4\">\n<div class=\"markdown prose w-full break-words dark:prose-invert light\">\n<p>O <a href=\"https:\/\/www.grupoboticario.com.br\/\" target=\"_blank\" rel=\"noopener\">Grupo Botic\u00e1rio<\/a>, renomada empresa do setor de cosm\u00e9ticos e perfumaria, anunciou recentemente a abertura de <span style=\"text-decoration: underline\"><a href=\"https:\/\/99empregos.com.br\/vaga\/cbmm-abre-vagas-de-emprego-em-minas-gerais\/\">novas vagas de emprego<\/a><\/span> e essa \u00e9 a sua chance de se candidatar por l\u00e1. Reconhecida por sua qualidade e inova\u00e7\u00e3o em produtos de beleza, a companhia oferece uma variedade de oportunidades de carreira. Desde especialistas em marketing e vendas at\u00e9 profissionais em pesquisa e desenvolvimento de produtos, h\u00e1 cargos dispon\u00edveis para aqueles que desejam fazer parte de uma equipe criativa e comprometida com a excel\u00eancia. Confira abaixo a lista completa de vagas dispon\u00edveis por l\u00e1:<\/p>\n<ul>\n<li style=\"font-weight: 400\"><span style=\"font-weight: 400\">Analista de CRM ll &#8211; S\u00e3o Jos\u00e9 dos Pinhais &#8211; PR e Remoto;<\/span><\/li>\n<li style=\"font-weight: 400\"><span style=\"font-weight: 400\">Analista de CRM ll &#8211; O Botic\u00e1rio &#8211; S\u00e3o Jos\u00e9 dos Pinhais &#8211; PR e Remoto;<\/span><\/li>\n<li style=\"font-weight: 400\"><span style=\"font-weight: 400\">Analista de Dados de Marketing Digital II &#8211; S\u00e3o Paulo &#8211; SP;<\/span><\/li>\n<li style=\"font-weight: 400\"><span style=\"font-weight: 400\">Analista de Desenvolvimento de Neg\u00f3cios ll \u2013 Estrat\u00e9gia Comercial &#8211; S\u00e3o Paulo &#8211; SP e Remoto;<\/span><\/li>\n<li style=\"font-weight: 400\"><span style=\"font-weight: 400\">Analista de Excel\u00eancia Operacional II &#8211; Log\u00edstica (CD Cajamar) &#8211; Cajamar &#8211; SP;<\/span><\/li>\n<li style=\"font-weight: 400\"><span style=\"font-weight: 400\">Analista de FP&amp;A I Seguran\u00e7a Empresarial &#8211; Tempor\u00e1rio &#8211; Vaga Afirmativa para Talentos Diversos &#8211; S\u00e3o Jos\u00e9 dos Pinhais &#8211; PR e Remoto;<\/span><\/li>\n<li style=\"font-weight: 400\"><span style=\"font-weight: 400\">Analista de Inova\u00e7\u00e3o de Produto lll (Facial) &#8211; S\u00e3o Jos\u00e9 dos Pinhais &#8211; PR;<\/span><\/li>\n<li style=\"font-weight: 400\"><span style=\"font-weight: 400\">Analista de Martech II (M\u00eddia) &#8211; Vaga Afirmativa para Pessoa com Defici\u00eancia (PCD) &#8211; Trabalho Remoto;<\/span><\/li>\n<li style=\"font-weight: 400\"><span style=\"font-weight: 400\">Analista FP&amp;A I (Custos de Produ\u00e7\u00e3o e Controle Or\u00e7ament\u00e1rio) &#8211; S\u00e3o Jos\u00e9 dos Pinhais &#8211; PR;<\/span><\/li>\n<li style=\"font-weight: 400\"><span style=\"font-weight: 400\">Analista II de Treinamento CX | M\u00eddias Sociais &#8211; Vaga Afirmativa para Talentos Diversos &#8211; Curitiba &#8211; PR e Remoto;<\/span><\/li>\n<li style=\"font-weight: 400\"><span style=\"font-weight: 400\">Analista III de Implementa\u00e7\u00e3o Comercial de Venda Direta &#8211; S\u00e3o Paulo &#8211; SP e Remoto;<\/span><\/li>\n<li style=\"font-weight: 400\"><span style=\"font-weight: 400\">Analista III &#8211; Estrat\u00e9gia de Pedidos Omnichannel &#8211; S\u00e3o Jos\u00e9 dos Pinhais &#8211; PR e Remoto;<\/span><\/li>\n<li style=\"font-weight: 400\"><span style=\"font-weight: 400\">Analista III SAP S\/4 HANA SD\/OTC &#8211; Vaga Afirmativa para Pessoas Negras (Pretas e Pardas) &#8211; Trabalho Remoto;<\/span><\/li>\n<li style=\"font-weight: 400\"><span style=\"font-weight: 400\">Analista II &#8211; Log\u00edstica &#8211; S\u00e3o Gon\u00e7alo dos Campos &#8211; BA.<\/span><\/li>\n<\/ul>\n<figure id=\"attachment_40708\" aria-describedby=\"caption-attachment-40708\" style=\"width: 1200px\" class=\"wp-caption aligncenter\"><img decoding=\"async\" class=\"size-full wp-image-40708\" src=\"https:\/\/99empregos.com.br\/blog\/wp-content\/uploads\/2023\/07\/boticario-vagas-2023.jpg\" alt=\"O Grupo Botic\u00e1rio est\u00e1 com NOVAS VAGAS DE EMPREGO, confira agora mesmo. Foto: Reprodu\u00e7\u00e3o\" width=\"1200\" height=\"675\" srcset=\"https:\/\/99empregos.com.br\/blog\/wp-content\/uploads\/2023\/07\/boticario-vagas-2023.jpg 1200w, https:\/\/99empregos.com.br\/blog\/wp-content\/uploads\/2023\/07\/boticario-vagas-2023-300x169.jpg 300w, https:\/\/99empregos.com.br\/blog\/wp-content\/uploads\/2023\/07\/boticario-vagas-2023-1024x576.jpg 1024w, https:\/\/99empregos.com.br\/blog\/wp-content\/uploads\/2023\/07\/boticario-vagas-2023-768x432.jpg 768w\" sizes=\"(max-width: 1200px) 100vw, 1200px\" \/><figcaption id=\"caption-attachment-40708\" class=\"wp-caption-text\">O Grupo Botic\u00e1rio est\u00e1 com NOVAS VAGAS DE EMPREGO, confira agora mesmo. Foto: Reprodu\u00e7\u00e3o<\/figcaption><\/figure>\n<h3>Mais informa\u00e7\u00f5es sobre o Grupo Botic\u00e1rio<\/h3>\n<p>O Grupo Botic\u00e1rio tem o prop\u00f3sito de transformar a vida das pessoas, e assim, transformar o mundo ao redor delas. Nascemos h\u00e1 mais de 4 d\u00e9cadas, e hoje somos mais de 15 mil colaboradores e atuamos em mais de 50 pa\u00edses, por meio de O Botic\u00e1rio, Eudora, quem disse, berenice?, Vult, Beleza na Web, Dr. Jones, Truss, Mooz, O.U.I, Casa Magalh\u00e3es e GAVB.<\/p>\n<h3>Como se candidatar \u00e0s vagas de emprego no Grupo Botic\u00e1rio<\/h3>\n<p>Encontrou uma vaga de emprego que tanto procurava? Para se candidatar, <strong><span style=\"text-decoration: underline\"><a href=\"https:\/\/99empregos.com.br\/vaga\/grupo-boticario-abre-novas-vagas-de-emprego-envie-aqui-seu-curriculo\/\">CLIQUE NESTE LINK AQUI<\/a><\/span><\/strong> e envie o seu curr\u00edculo agora mesmo por l\u00e1. Antes de confirmar a sua candidatura, n\u00f3s recomendamos que fa\u00e7a uma revis\u00e3o completa de todos os pr\u00e9-requisitos solicitados pela companhia. A equipe do 123 Empregos te deseja uma boa sorte!<\/p>\n<\/div>\n<\/div>\n<\/div>\n<\/div>\n<\/div>\n<\/div>\n","protected":false},"excerpt":{"rendered":"<p>O Grupo Botic\u00e1rio, renomada empresa do setor de cosm\u00e9ticos e perfumaria, anunciou recentemente a abertura de novas vagas de emprego e essa \u00e9 a sua chance de se candidatar por l\u00e1. Reconhecida por sua qualidade e inova\u00e7\u00e3o em produtos de beleza, a companhia oferece uma variedade de oportunidades de carreira. Desde especialistas em marketing e [&hellip;]<\/p>\n","protected":false},"author":8,"featured_media":40709,"comment_status":"open","ping_status":"closed","sticky":false,"template":"","format":"standard","meta":{"footnotes":""},"categories":[7],"tags":[1544,1309,5,734,3251,37],"class_list":["post-40706","post","type-post","status-publish","format-standard","has-post-thumbnail","hentry","category-noticias","tag-1544","tag-boticario","tag-empregos","tag-novas-vagas","tag-salarios","tag-vagas"],"_links":{"self":[{"href":"https:\/\/99empregos.com.br\/blog\/wp-json\/wp\/v2\/posts\/40706","targetHints":{"allow":["GET"]}}],"collection":[{"href":"https:\/\/99empregos.com.br\/blog\/wp-json\/wp\/v2\/posts"}],"about":[{"href":"https:\/\/99empregos.com.br\/blog\/wp-json\/wp\/v2\/types\/post"}],"author":[{"embeddable":true,"href":"https:\/\/99empregos.com.br\/blog\/wp-json\/wp\/v2\/users\/8"}],"replies":[{"embeddable":true,"href":"https:\/\/99empregos.com.br\/blog\/wp-json\/wp\/v2\/comments?post=40706"}],"version-history":[{"count":0,"href":"https:\/\/99empregos.com.br\/blog\/wp-json\/wp\/v2\/posts\/40706\/revisions"}],"wp:featuredmedia":[{"embeddable":true,"href":"https:\/\/99empregos.com.br\/blog\/wp-json\/wp\/v2\/media\/40709"}],"wp:attachment":[{"href":"https:\/\/99empregos.com.br\/blog\/wp-json\/wp\/v2\/media?parent=40706"}],"wp:term":[{"taxonomy":"category","embeddable":true,"href":"https:\/\/99empregos.com.br\/blog\/wp-json\/wp\/v2\/categories?post=40706"},{"taxonomy":"post_tag","embeddable":true,"href":"https:\/\/99empregos.com.br\/blog\/wp-json\/wp\/v2\/tags?post=40706"}],"curies":[{"name":"wp","href":"https:\/\/api.w.org\/{rel}","templated":true}]}}