{"id":40998,"date":"2023-07-19T10:55:07","date_gmt":"2023-07-19T13:55:07","guid":{"rendered":"https:\/\/123empregos.com.br\/?p=40998"},"modified":"2025-04-30T16:07:47","modified_gmt":"2025-04-30T19:07:47","slug":"vagas-na-educacao-com-otimos-salarios-vitru-contrata-veja-aqui-a-lista-de-cidades","status":"publish","type":"post","link":"https:\/\/99empregos.com.br\/blog\/vagas-na-educacao-com-otimos-salarios-vitru-contrata-veja-aqui-a-lista-de-cidades\/","title":{"rendered":"VAGAS NA EDUCA\u00c7\u00c3O COM \u00d3TIMOS SAL\u00c1RIOS: Vitru contrata, veja aqui a lista de cidades!"},"content":{"rendered":"<div class=\"group w-full text-gray-800 dark:text-gray-100 border-b border-black\/10 dark:border-gray-900\/50 bg-gray-50 dark:bg-[#444654]\">\n<div class=\"flex p-4 gap-4 text-base md:gap-6 md:max-w-2xl lg:max-w-[38rem] xl:max-w-3xl md:py-6 lg:px-0 m-auto\">\n<div class=\"relative flex w-[calc(100%-50px)] flex-col gap-1 md:gap-3 lg:w-[calc(100%-115px)]\">\n<div class=\"flex flex-grow flex-col gap-3\">\n<div class=\"min-h-[20px] flex items-start overflow-x-auto whitespace-pre-wrap break-words flex-col gap-4\">\n<div class=\"markdown prose w-full break-words dark:prose-invert light\">\n<p>A <a href=\"https:\/\/www.vitru.com.br\/pt_BR\" target=\"_blank\" rel=\"noopener\">VITRU<\/a> Educa\u00e7\u00e3o, institui\u00e7\u00e3o de ensino renomada no setor da educa\u00e7\u00e3o a dist\u00e2ncia, est\u00e1 com novas <span style=\"text-decoration: underline\"><a href=\"https:\/\/99empregos.com.br\/vaga\/jt-express-divulga-598-vagas-de-emprego-em-todo-o-pais\/\">vagas de emprego<\/a> <\/span>abertas e voc\u00ea poder ser a pr\u00f3xima pessoa contratada por l\u00e1. As oportunidades abrangem diferentes \u00e1reas, desde doc\u00eancia e desenvolvimento de conte\u00fado at\u00e9 suporte t\u00e9cnico e atendimento ao aluno, oferecendo uma ampla gama de op\u00e7\u00f5es para profissionais talentosos e engajados no campo da educa\u00e7\u00e3o. Confira abaixo a lista completa de vagas:<\/p>\n<ul>\n<li style=\"font-weight: 400\"><span style=\"font-weight: 400\">Analista de Business Intelligence Pleno &#8211; Maring\u00e1, PR;<\/span><\/li>\n<li style=\"font-weight: 400\"><span style=\"font-weight: 400\">Analista de Ciberseguran\u00e7a S\u00eanior &#8211; Blumenau e Remoto;<\/span><\/li>\n<li style=\"font-weight: 400\"><span style=\"font-weight: 400\">Analista de Comunica\u00e7\u00e3o Interna e Eventos &#8211; Indaial, SC;<\/span><\/li>\n<li style=\"font-weight: 400\"><span style=\"font-weight: 400\">Analista de Dados (Web Analytics CRO) &#8211; Florian\u00f3polis;<\/span><\/li>\n<li style=\"font-weight: 400\"><span style=\"font-weight: 400\">Analista de Fus\u00f5es e Aquisi\u00e7\u00f5es S\u00eanior &#8211; Florian\u00f3polis;<\/span><\/li>\n<li style=\"font-weight: 400\"><span style=\"font-weight: 400\">Analista de Gest\u00e3o Or\u00e7ament\u00e1ria Senior &#8211; Maring\u00e1, PR;<\/span><\/li>\n<li style=\"font-weight: 400\"><span style=\"font-weight: 400\">Analista de Inova\u00e7\u00e3o &#8211; Florian\u00f3polis;<\/span><\/li>\n<li style=\"font-weight: 400\"><span style=\"font-weight: 400\">Analista de Intelig\u00eancia Competitiva Pleno &#8211; Florian\u00f3polis;<\/span><\/li>\n<li style=\"font-weight: 400\"><span style=\"font-weight: 400\">Analista de Performance Junior &#8211; Maring\u00e1, PR;<\/span><\/li>\n<li style=\"font-weight: 400\"><span style=\"font-weight: 400\">Analista de Performance Senior &#8211; Maring\u00e1, PR;<\/span><\/li>\n<li style=\"font-weight: 400\"><span style=\"font-weight: 400\">Analista de Perman\u00eancia &#8211; Maring\u00e1, PR;<\/span><\/li>\n<li style=\"font-weight: 400\"><span style=\"font-weight: 400\">Analista de Planejamento Acad\u00eamico &#8211; Maring\u00e1, PR;<\/span><\/li>\n<li style=\"font-weight: 400\"><span style=\"font-weight: 400\">Analista de Processos &#8211; Maring\u00e1, PR;<\/span><\/li>\n<li style=\"font-weight: 400\"><span style=\"font-weight: 400\">Analista de Projetos &#8211; Maring\u00e1, PR;<\/span><\/li>\n<li style=\"font-weight: 400\"><span style=\"font-weight: 400\">Analista de Rela\u00e7\u00f5es com Investidores Junior &#8211; Florian\u00f3polis;<\/span><\/li>\n<li style=\"font-weight: 400\"><span style=\"font-weight: 400\">Analista de Sistemas TOTVS (RM) &#8211; Maring\u00e1, PR e Remoto;<\/span><\/li>\n<li style=\"font-weight: 400\"><span style=\"font-weight: 400\">Analista Financeiro Junior &#8211; Florian\u00f3polis;<\/span><\/li>\n<li style=\"font-weight: 400\"><span style=\"font-weight: 400\">Assistente Acad\u00eamico &#8211; Maring\u00e1, PR.<\/span><\/li>\n<\/ul>\n<figure id=\"attachment_41002\" aria-describedby=\"caption-attachment-41002\" style=\"width: 1200px\" class=\"wp-caption aligncenter\"><img decoding=\"async\" class=\"size-full wp-image-41002\" src=\"https:\/\/99empregos.com.br\/blog\/wp-content\/uploads\/2023\/07\/vitru-vagas-2023.jpg\" alt=\"A Vitru Educa\u00e7\u00e3o est\u00e1 com novas vagas abertas, candidate-se aqui. Foto: Reprodu\u00e7\u00e3o\" width=\"1200\" height=\"675\" srcset=\"https:\/\/99empregos.com.br\/blog\/wp-content\/uploads\/2023\/07\/vitru-vagas-2023.jpg 1200w, https:\/\/99empregos.com.br\/blog\/wp-content\/uploads\/2023\/07\/vitru-vagas-2023-300x169.jpg 300w, https:\/\/99empregos.com.br\/blog\/wp-content\/uploads\/2023\/07\/vitru-vagas-2023-1024x576.jpg 1024w, https:\/\/99empregos.com.br\/blog\/wp-content\/uploads\/2023\/07\/vitru-vagas-2023-768x432.jpg 768w\" sizes=\"(max-width: 1200px) 100vw, 1200px\" \/><figcaption id=\"caption-attachment-41002\" class=\"wp-caption-text\">A Vitru Educa\u00e7\u00e3o est\u00e1 com novas vagas abertas, candidate-se aqui. Foto: Reprodu\u00e7\u00e3o<\/figcaption><\/figure>\n<h3>Mais informa\u00e7\u00f5es sobre a Vitru<\/h3>\n<p>Nossa miss\u00e3o \u00e9 democratizar o acesso a educa\u00e7\u00e3o no Brasil por meio de um ecossistema digital e capacitar cada aluno a criar sua pr\u00f3pria hist\u00f3ria de sucesso.\u00a0A melhor experi\u00eancia em EAD e refer\u00eancia em ensino presencial e medicina do Brasil, Holding das marcas UNIASSELVI e UNICESUMAR, com mais de 10 mil colaboradores, nosso foco \u00e9 transformar vidas por meio da educa\u00e7\u00e3o. Estimulamos aqui, quem faz a diferen\u00e7a, criando experi\u00eancias mais acolhedoras e poss\u00edveis de serem completadas.<\/p>\n<h3>Como se candidatar \u00e0s vagas de emprego por l\u00e1?<\/h3>\n<p>Encontrou aquela vaga que tanto procurava? Para se candidatar, <strong><span style=\"text-decoration: underline\"><a href=\"https:\/\/99empregos.com.br\/vaga\/vitru-educacao-abre-novas-vagas-de-emprego-confira-aqui-todas-as-oportunidades\/\">CLIQUE AQUI NESTE LINK<\/a> <\/span><\/strong>e envie o seu curr\u00edculo em menos de 5 minutos. Antes de confirmar a sua inscri\u00e7\u00e3o, n\u00e3o deixe de conferir se os seus dados pessoais e profissionais est\u00e3o devidamente atualizados. A equipe do 123 Empregos te deseja uma boa sorte!<\/p>\n<\/div>\n<\/div>\n<\/div>\n<\/div>\n<\/div>\n<\/div>\n","protected":false},"excerpt":{"rendered":"<p>A VITRU Educa\u00e7\u00e3o, institui\u00e7\u00e3o de ensino renomada no setor da educa\u00e7\u00e3o a dist\u00e2ncia, est\u00e1 com novas vagas de emprego abertas e voc\u00ea poder ser a pr\u00f3xima pessoa contratada por l\u00e1. As oportunidades abrangem diferentes \u00e1reas, desde doc\u00eancia e desenvolvimento de conte\u00fado at\u00e9 suporte t\u00e9cnico e atendimento ao aluno, oferecendo uma ampla gama de op\u00e7\u00f5es para [&hellip;]<\/p>\n","protected":false},"author":8,"featured_media":41003,"comment_status":"open","ping_status":"closed","sticky":false,"template":"","format":"standard","meta":{"footnotes":""},"categories":[7],"tags":[1544,560,5,734,37],"class_list":["post-40998","post","type-post","status-publish","format-standard","has-post-thumbnail","hentry","category-noticias","tag-1544","tag-educacao","tag-empregos","tag-novas-vagas","tag-vagas"],"_links":{"self":[{"href":"https:\/\/99empregos.com.br\/blog\/wp-json\/wp\/v2\/posts\/40998","targetHints":{"allow":["GET"]}}],"collection":[{"href":"https:\/\/99empregos.com.br\/blog\/wp-json\/wp\/v2\/posts"}],"about":[{"href":"https:\/\/99empregos.com.br\/blog\/wp-json\/wp\/v2\/types\/post"}],"author":[{"embeddable":true,"href":"https:\/\/99empregos.com.br\/blog\/wp-json\/wp\/v2\/users\/8"}],"replies":[{"embeddable":true,"href":"https:\/\/99empregos.com.br\/blog\/wp-json\/wp\/v2\/comments?post=40998"}],"version-history":[{"count":0,"href":"https:\/\/99empregos.com.br\/blog\/wp-json\/wp\/v2\/posts\/40998\/revisions"}],"wp:featuredmedia":[{"embeddable":true,"href":"https:\/\/99empregos.com.br\/blog\/wp-json\/wp\/v2\/media\/41003"}],"wp:attachment":[{"href":"https:\/\/99empregos.com.br\/blog\/wp-json\/wp\/v2\/media?parent=40998"}],"wp:term":[{"taxonomy":"category","embeddable":true,"href":"https:\/\/99empregos.com.br\/blog\/wp-json\/wp\/v2\/categories?post=40998"},{"taxonomy":"post_tag","embeddable":true,"href":"https:\/\/99empregos.com.br\/blog\/wp-json\/wp\/v2\/tags?post=40998"}],"curies":[{"name":"wp","href":"https:\/\/api.w.org\/{rel}","templated":true}]}}