{"id":41237,"date":"2023-07-21T12:49:43","date_gmt":"2023-07-21T15:49:43","guid":{"rendered":"https:\/\/123empregos.com.br\/?p=41237"},"modified":"2023-07-21T12:49:43","modified_gmt":"2023-07-21T15:49:43","slug":"grupo-dimensional-abre-novas-vagas-de-emprego-hoje-21-07-confira-aqui","status":"publish","type":"post","link":"https:\/\/99empregos.com.br\/blog\/grupo-dimensional-abre-novas-vagas-de-emprego-hoje-21-07-confira-aqui\/","title":{"rendered":"Grupo Dimensional abre NOVAS VAGAS DE EMPREGO HOJE (21\/07), confira aqui!"},"content":{"rendered":"<div class=\"group w-full text-gray-800 dark:text-gray-100 border-b border-black\/10 dark:border-gray-900\/50 bg-gray-50 dark:bg-[#444654]\">\n<div class=\"flex p-4 gap-4 text-base md:gap-6 md:max-w-2xl lg:max-w-[38rem] xl:max-w-3xl md:py-6 lg:px-0 m-auto\">\n<div class=\"relative flex w-[calc(100%-50px)] flex-col gap-1 md:gap-3 lg:w-[calc(100%-115px)]\">\n<div class=\"flex flex-grow flex-col gap-3\">\n<div class=\"min-h-[20px] flex items-start overflow-x-auto whitespace-pre-wrap break-words flex-col gap-4\">\n<div class=\"markdown prose w-full break-words dark:prose-invert light\">\n<p>A Dimensional acabou de anunciar a<span style=\"text-decoration: underline\"><a href=\"https:\/\/99empregos.com.br\/vaga\/cebrac-abre-novas-vagas-de-emprego-confira\/\"> abertura de novas vagas<\/a><\/span>, ampliando sua equipe em diversas \u00e1reas, e essa pode ser a sua chance por l\u00e1. Fundada h\u00e1 mais de quatro d\u00e9cadas, a Dimensional \u00e9 uma renomada empresa de investimentos, reconhecida mundialmente por sua abordagem \u00fanica baseada em pesquisa acad\u00eamica e s\u00f3lidos princ\u00edpios financeiros. Ao longo de sua hist\u00f3ria, a companhia tem proporcionado solu\u00e7\u00f5es inovadoras e estrat\u00e9gicas para investidores institucionais e individuais. Confira abaixo a lista completa de vagas:<\/p>\n<ul>\n<li style=\"font-weight: 400\"><span style=\"font-weight: 400\">Analista Comercial &#8211; Campinas, SP;<\/span><\/li>\n<li style=\"font-weight: 400\"><span style=\"font-weight: 400\">Assistente Administrativo &#8211; Serra, ES;<\/span><\/li>\n<li style=\"font-weight: 400\"><span style=\"font-weight: 400\">Assistente Administrativo &#8211; Limeira, SP;<\/span><\/li>\n<li style=\"font-weight: 400\"><span style=\"font-weight: 400\">Assistente Administrativo Log\u00edstica &#8211; Porto Alegre, RS;<\/span><\/li>\n<li style=\"font-weight: 400\"><span style=\"font-weight: 400\">Auxiliar Administrativo &#8211; Log\u00edstica &#8211; Porto Alegre, RS;<\/span><\/li>\n<li style=\"font-weight: 400\"><span style=\"font-weight: 400\">Auxiliar de Laborat\u00f3rio Service &#8211; Limeira, SP;<\/span><\/li>\n<li style=\"font-weight: 400\"><span style=\"font-weight: 400\">Auxiliar de Laborat\u00f3rio Service &#8211; Curitiba, PR;<\/span><\/li>\n<li style=\"font-weight: 400\"><span style=\"font-weight: 400\">Auxiliar de Vendas &#8211; Dimensional &#8211; Santo Andr\u00e9, SP;<\/span><\/li>\n<li style=\"font-weight: 400\"><span style=\"font-weight: 400\">Auxiliar de Vendas &#8211; Dimensional &#8211; Belo Horizonte, MG;<\/span><\/li>\n<li style=\"font-weight: 400\"><span style=\"font-weight: 400\">Auxiliar de Vendas &#8211; Dimensional &#8211; Campinas, SP;<\/span><\/li>\n<li style=\"font-weight: 400\"><span style=\"font-weight: 400\">Consultor (a) T\u00e9cnico de Servi\u00e7os &#8211; Porto Alegre, RS;<\/span><\/li>\n<li style=\"font-weight: 400\"><span style=\"font-weight: 400\">Consultor (a) T\u00e9cnico de Servi\u00e7os &#8211; Limeira, SP;<\/span><\/li>\n<li style=\"font-weight: 400\"><span style=\"font-weight: 400\">Consultor (a) T\u00e9cnico Ilumina\u00e7\u00e3o &#8211; Porto Alegre, RS;<\/span><\/li>\n<li style=\"font-weight: 400\"><span style=\"font-weight: 400\">Consultor Categorias E-Commerce \u2013 EPI\u2019s &#8211; Limeira, SP;<\/span><\/li>\n<li style=\"font-weight: 400\"><span style=\"font-weight: 400\">Consultor Categorias E-Commerce \u2013 Ilumina\u00e7\u00e3o &#8211; Limeira, SP;<\/span><\/li>\n<li style=\"font-weight: 400\"><span style=\"font-weight: 400\">Consultor Categorias E-Commerce \u2013 Material El\u00e9trico e Automa\u00e7\u00e3o &#8211; Limeira, SP;<\/span><\/li>\n<li style=\"font-weight: 400\"><span style=\"font-weight: 400\">Consultor T\u00e9cnico de Vendas &#8211; Campinas, SP.<\/span><\/li>\n<\/ul>\n<figure id=\"attachment_41239\" aria-describedby=\"caption-attachment-41239\" style=\"width: 1200px\" class=\"wp-caption aligncenter\"><img decoding=\"async\" class=\"size-full wp-image-41239\" src=\"https:\/\/99empregos.com.br\/blog\/wp-content\/uploads\/2023\/07\/dimensional-vagas-2023.jpg\" alt=\"A Dimensional acabou de abrir novas vagas de emprego e essa \u00e9 a sua chance de buscar a vaga dos sonhos. Foto: Reprodu\u00e7\u00e3o\" width=\"1200\" height=\"650\" srcset=\"https:\/\/99empregos.com.br\/blog\/wp-content\/uploads\/2023\/07\/dimensional-vagas-2023.jpg 1200w, https:\/\/99empregos.com.br\/blog\/wp-content\/uploads\/2023\/07\/dimensional-vagas-2023-300x163.jpg 300w, https:\/\/99empregos.com.br\/blog\/wp-content\/uploads\/2023\/07\/dimensional-vagas-2023-1024x555.jpg 1024w, https:\/\/99empregos.com.br\/blog\/wp-content\/uploads\/2023\/07\/dimensional-vagas-2023-768x416.jpg 768w\" sizes=\"(max-width: 1200px) 100vw, 1200px\" \/><figcaption id=\"caption-attachment-41239\" class=\"wp-caption-text\">A Dimensional acabou de abrir novas vagas de emprego e essa \u00e9 a sua chance de buscar a vaga dos sonhos. Foto: Reprodu\u00e7\u00e3o<\/figcaption><\/figure>\n<h3>Mais informa\u00f5es sobre a Dimensional<\/h3>\n<section id=\"about\" class=\"sc-c1003a30-0 bTlhYQ\" data-testid=\"company-description\">\n<div class=\"sc-c1003a30-1 cBNEfU\">\n<p>A Dimensional \u00e9 uma empresa que nasceu com a proposta de ser solu\u00e7\u00e3o para seus clientes e pertence ao Grupo Sonepar, multinacional francesa e l\u00edder mundial na distribui\u00e7\u00e3o\u00a0B2B de materiais el\u00e9tricos, solu\u00e7\u00f5es e servi\u00e7os relacionados. Sua tradi\u00e7\u00e3o vem da \u00e1rea de vendas e presta\u00e7\u00f5es de servi\u00e7os industriais e ao longo do seu crescimento, novas especialidades e filiais foram surgindo, tornando-a o que \u00e9 hoje, uma empresa de distribui\u00e7\u00e3o de Materiais El\u00e9tricos, Equipamento de Seguran\u00e7a, Datacom, CFTV, Servi\u00e7os Industriais, Automa\u00e7\u00e3o, Ilumina\u00e7\u00e3o, Cabos Especiais e com canais de vendas atrav\u00e9s de filiais, lojas, contratos e tamb\u00e9m dos canais digitais.<\/p>\n<h3>Como se candidatar por l\u00e1?<\/h3>\n<p>Se voc\u00ea encontrou aquela oportunidade de emprego que tanto sonhava, <strong><span style=\"text-decoration: underline\"><a href=\"https:\/\/99empregos.com.br\/vaga\/dimensional-abre-novas-vagas-candidate-se-aqui\/\">CLIQUE NESTE LINK AQUI<\/a> <\/span><\/strong>para se candidatar agora mesmo em menos de 5 minutos. Antes de confirmar a sua inscri\u00e7\u00e3o, recomandamos que fa\u00e7a uma revis\u00e3o completa de todos os seus dados cadastrais presentes no curr\u00edculo. A equipe do 123 Empregos torce junto com voc\u00ea e te deseja uma boa sorte!<\/p>\n<\/div>\n<\/section>\n<\/div>\n<\/div>\n<\/div>\n<\/div>\n<\/div>\n<\/div>\n","protected":false},"excerpt":{"rendered":"<p>A Dimensional acabou de anunciar a abertura de novas vagas, ampliando sua equipe em diversas \u00e1reas, e essa pode ser a sua chance por l\u00e1. Fundada h\u00e1 mais de quatro d\u00e9cadas, a Dimensional \u00e9 uma renomada empresa de investimentos, reconhecida mundialmente por sua abordagem \u00fanica baseada em pesquisa acad\u00eamica e s\u00f3lidos princ\u00edpios financeiros. Ao longo [&hellip;]<\/p>\n","protected":false},"author":8,"featured_media":41240,"comment_status":"open","ping_status":"closed","sticky":false,"template":"","format":"standard","meta":{"footnotes":""},"categories":[7],"tags":[1544,5,37,2831],"class_list":["post-41237","post","type-post","status-publish","format-standard","has-post-thumbnail","hentry","category-noticias","tag-1544","tag-empregos","tag-vagas","tag-vagas-de-emprego-hoje"],"_links":{"self":[{"href":"https:\/\/99empregos.com.br\/blog\/wp-json\/wp\/v2\/posts\/41237","targetHints":{"allow":["GET"]}}],"collection":[{"href":"https:\/\/99empregos.com.br\/blog\/wp-json\/wp\/v2\/posts"}],"about":[{"href":"https:\/\/99empregos.com.br\/blog\/wp-json\/wp\/v2\/types\/post"}],"author":[{"embeddable":true,"href":"https:\/\/99empregos.com.br\/blog\/wp-json\/wp\/v2\/users\/8"}],"replies":[{"embeddable":true,"href":"https:\/\/99empregos.com.br\/blog\/wp-json\/wp\/v2\/comments?post=41237"}],"version-history":[{"count":0,"href":"https:\/\/99empregos.com.br\/blog\/wp-json\/wp\/v2\/posts\/41237\/revisions"}],"wp:featuredmedia":[{"embeddable":true,"href":"https:\/\/99empregos.com.br\/blog\/wp-json\/wp\/v2\/media\/41240"}],"wp:attachment":[{"href":"https:\/\/99empregos.com.br\/blog\/wp-json\/wp\/v2\/media?parent=41237"}],"wp:term":[{"taxonomy":"category","embeddable":true,"href":"https:\/\/99empregos.com.br\/blog\/wp-json\/wp\/v2\/categories?post=41237"},{"taxonomy":"post_tag","embeddable":true,"href":"https:\/\/99empregos.com.br\/blog\/wp-json\/wp\/v2\/tags?post=41237"}],"curies":[{"name":"wp","href":"https:\/\/api.w.org\/{rel}","templated":true}]}}