{"id":41749,"date":"2023-07-26T11:49:44","date_gmt":"2023-07-26T14:49:44","guid":{"rendered":"https:\/\/123empregos.com.br\/?p=41749"},"modified":"2023-07-26T11:49:44","modified_gmt":"2023-07-26T14:49:44","slug":"embraer-abre-novas-vagas-de-emprego-salarios-impressionantes-confira","status":"publish","type":"post","link":"https:\/\/99empregos.com.br\/blog\/embraer-abre-novas-vagas-de-emprego-salarios-impressionantes-confira\/","title":{"rendered":"Embraer ABRE NOVAS VAGAS DE EMPREGO: sal\u00e1rios impressionantes, confira!"},"content":{"rendered":"<div class=\"group w-full text-gray-800 dark:text-gray-100 border-b border-black\/10 dark:border-gray-900\/50 bg-gray-50 dark:bg-[#444654]\">\n<div class=\"flex p-4 gap-4 text-base md:gap-6 md:max-w-2xl lg:max-w-[38rem] xl:max-w-3xl md:py-6 lg:px-0 m-auto\">\n<div class=\"relative flex w-[calc(100%-50px)] flex-col gap-1 md:gap-3 lg:w-[calc(100%-115px)]\">\n<div class=\"flex flex-grow flex-col gap-3\">\n<div class=\"min-h-[20px] flex items-start overflow-x-auto whitespace-pre-wrap break-words flex-col gap-4\">\n<div class=\"markdown prose w-full break-words dark:prose-invert light\">\n<p>A <a href=\"https:\/\/embraer.com\/\" target=\"_blank\" rel=\"noopener\">Embraer<\/a>, empresa aeroespacial brasileira com renome internacional, acabou de anunciar uma <span style=\"text-decoration: underline\"><a href=\"https:\/\/99empregos.com.br\/vaga\/grupo-apisul-oferece-empregos-em-seis-estados\/\">nova lista com vagas de emprego<\/a><\/span> para profissionais que desejam fazer parte de uma das principais l\u00edderes do setor aeron\u00e1utico. Com d\u00e9cadas de experi\u00eancia e inova\u00e7\u00e3o, a Embraer \u00e9 reconhecida mundialmente por sua excel\u00eancia em projetar e fabricar aeronaves comerciais, executivas e militares de alta performance. Confira abaixo a lista completa de vagas dispon\u00edveis:<\/p>\n<ul>\n<li style=\"font-weight: 400\"><span style=\"font-weight: 400\">Administrador(a) Contratos Vendas (foco em clientes externos) &#8211; S\u00e3o Jos\u00e9 dos Campos &#8211; SP;<\/span><\/li>\n<li style=\"font-weight: 400\"><span style=\"font-weight: 400\">Administrador(a) de Programas (foco em Gest\u00e3o de Projetos\/Portf\u00f3lio) &#8211; S\u00e3o Jos\u00e9 dos Campos &#8211; SP;<\/span><\/li>\n<li style=\"font-weight: 400\"><span style=\"font-weight: 400\">Administrador de Servi\u00e7os (Facilities) &#8211; S\u00e3o Jos\u00e9 dos Campos &#8211; SP;<\/span><\/li>\n<li style=\"font-weight: 400\"><span style=\"font-weight: 400\">Analista de Recursos Humanos (foco em Assist\u00eancia Social) &#8211; Gavi\u00e3o Peixoto &#8211; SP;<\/span><\/li>\n<li style=\"font-weight: 400\"><span style=\"font-weight: 400\">Analista de Recursos Humanos PL\/SR (HR Business Partner) &#8211; S\u00e3o Jos\u00e9 dos Campos &#8211; SP e Remoto;<\/span><\/li>\n<li style=\"font-weight: 400\"><span style=\"font-weight: 400\">Analista de Riscos e Controles Internos Pleno &#8211; S\u00e3o Jos\u00e9 dos Campos &#8211; SP e Remoto;<\/span><\/li>\n<li style=\"font-weight: 400\"><span style=\"font-weight: 400\">Analista de Tecnologia da Informa\u00e7\u00e3o (foco em Salesforce) PL\/SR &#8211; S\u00e3o Jos\u00e9 dos Campos &#8211; SP e Remoto;<\/span><\/li>\n<li style=\"font-weight: 400\"><span style=\"font-weight: 400\">Analista Financeiro Pleno &#8211; S\u00e3o Jos\u00e9 dos Campos &#8211; SP e Remoto;<\/span><\/li>\n<li style=\"font-weight: 400\"><span style=\"font-weight: 400\">Analista Suprimentos (Foco em Diretos e Indiretos) &#8211; S\u00e3o Jos\u00e9 dos Campos &#8211; SP;<\/span><\/li>\n<li style=\"font-weight: 400\"><span style=\"font-weight: 400\">Assessor(a) de Imprensa &#8211; S\u00e3o Paulo &#8211; SP e Remoto;<\/span><\/li>\n<li style=\"font-weight: 400\"><span style=\"font-weight: 400\">Banco de Talentos &#8211; Embraer GPX &#8211; Gavi\u00e3o Peixoto &#8211; SP;<\/span><\/li>\n<li style=\"font-weight: 400\"><span style=\"font-weight: 400\">Banco de Talentos &#8211; Engenheiro(a) da Qualidade &#8211; S\u00e3o Jos\u00e9 dos Campos &#8211; SP;<\/span><\/li>\n<li style=\"font-weight: 400\"><span style=\"font-weight: 400\">Banco de Talentos| Engenheiro(a) de Desenvolvimento de Produto (Vaga afirmativa para Pessoas com Defici\u00eancia) &#8211; S\u00e3o Jos\u00e9 dos Campos &#8211; SP;<\/span><\/li>\n<li style=\"font-weight: 400\"><span style=\"font-weight: 400\">Banco de Talentos: Log\u00edstica &#8211; Botucatu &#8211; Botucatu &#8211; SP;<\/span><\/li>\n<li style=\"font-weight: 400\"><span style=\"font-weight: 400\">Banco de Talentos: Montador(a) de Avi\u00f5es (Mec\u00e2nico ou Eletricista) &#8211; Gavi\u00e3o Peixoto\/SP &#8211; Gavi\u00e3o Peixoto &#8211; SP;<\/span><\/li>\n<li style=\"font-weight: 400\"><span style=\"font-weight: 400\">Banco de Talentos: Montador(a) de Interiores de Avi\u00f5es &#8211; Gavi\u00e3o Peixoto\/SP;<\/span><\/li>\n<li style=\"font-weight: 400\"><span style=\"font-weight: 400\">Banco de Talentos: Operador Log\u00edstica &#8211; Gavi\u00e3o Peixoto\/SP;<\/span><\/li>\n<li style=\"font-weight: 400\"><span style=\"font-weight: 400\">Banco de Talentos: Pessoas com Defici\u00eancia \u2013 Embraer &#8211; Gavi\u00e3o Peixoto &#8211; SP.<\/span><\/li>\n<\/ul>\n<figure id=\"attachment_41751\" aria-describedby=\"caption-attachment-41751\" style=\"width: 1200px\" class=\"wp-caption aligncenter\"><img decoding=\"async\" class=\"size-full wp-image-41751\" src=\"https:\/\/99empregos.com.br\/blog\/wp-content\/uploads\/2023\/07\/embraer-vagas-2023.jpg\" alt=\"A Embraer abriu recentemente novas vagas de emprego, confira as oportunidades e candidate-se por aqui. Foto: Reprodu\u00e7\u00e3o\" width=\"1200\" height=\"675\" srcset=\"https:\/\/99empregos.com.br\/blog\/wp-content\/uploads\/2023\/07\/embraer-vagas-2023.jpg 1200w, https:\/\/99empregos.com.br\/blog\/wp-content\/uploads\/2023\/07\/embraer-vagas-2023-300x169.jpg 300w, https:\/\/99empregos.com.br\/blog\/wp-content\/uploads\/2023\/07\/embraer-vagas-2023-1024x576.jpg 1024w, https:\/\/99empregos.com.br\/blog\/wp-content\/uploads\/2023\/07\/embraer-vagas-2023-768x432.jpg 768w\" sizes=\"(max-width: 1200px) 100vw, 1200px\" \/><figcaption id=\"caption-attachment-41751\" class=\"wp-caption-text\">A Embraer abriu recentemente novas vagas de emprego, confira as oportunidades e candidate-se por aqui. Foto: Reprodu\u00e7\u00e3o<\/figcaption><\/figure>\n<h3>Mais informa\u00e7\u00f5es sobre a Embraer<\/h3>\n<p>Somos uma das maiores empresas aeroespaciais do mundo gra\u00e7as \u00e0 dedica\u00e7\u00e3o de pessoas que possuem uma paix\u00e3o genu\u00edna por superar o imposs\u00edvel. Foi assim desde o in\u00edcio e seguimos norteados pelo desejo de encontrar pessoas que vivem pelo desafio. Nascemos do sonho de transformar o Brasil em um pa\u00eds com a mais alta tecnologia. Quando tudo parecia imposs\u00edvel, sonhamos alto e nossos profissionais fizeram a companhia alcan\u00e7ar novas altitudes.<\/p>\n<p>N\u00e3o h\u00e1 outra maneira de descrever o que nos impulsiona: Desafiar, Criar e Superar. O nosso sonho continua e acreditamos que todo mundo tem potencial para fazer a diferen\u00e7a. Por isso, cada vez mais, buscamos construir times diversos, que sejam representativos e valorizem a hist\u00f3ria e as singularidades de todas as pessoas, para que elas possam viver os seus sonhos junto com a gente.<\/p>\n<h3>Como se candidatar \u00e0s vagas de emprego?<\/h3>\n<p>Se voc\u00ea quer se candidatar \u00e0s vagas de emprego encontradas na lista que divulgamos, <strong><span style=\"text-decoration: underline\"><a href=\"https:\/\/99empregos.com.br\/vaga\/embraer-abre-novas-vagas-candidate-se-agora-por-aqui\/\">CLIQUE NESTE LINK AQUI<\/a><\/span><\/strong> e envie o seu curr\u00edculo agora mesmo para a companhia. N\u00e3o se esque\u00e7a de conferir se os dados cadastrais do seu perfil est\u00e3o atualizados. A equipe do 123 Empregos te deseja uma boa sorte!<\/p>\n<\/div>\n<\/div>\n<\/div>\n<\/div>\n<\/div>\n<\/div>\n","protected":false},"excerpt":{"rendered":"<p>A Embraer, empresa aeroespacial brasileira com renome internacional, acabou de anunciar uma nova lista com vagas de emprego para profissionais que desejam fazer parte de uma das principais l\u00edderes do setor aeron\u00e1utico. Com d\u00e9cadas de experi\u00eancia e inova\u00e7\u00e3o, a Embraer \u00e9 reconhecida mundialmente por sua excel\u00eancia em projetar e fabricar aeronaves comerciais, executivas e militares [&hellip;]<\/p>\n","protected":false},"author":8,"featured_media":41752,"comment_status":"open","ping_status":"closed","sticky":false,"template":"","format":"standard","meta":{"footnotes":""},"categories":[7],"tags":[1544,1347,5,734,37],"class_list":["post-41749","post","type-post","status-publish","format-standard","has-post-thumbnail","hentry","category-noticias","tag-1544","tag-embraer","tag-empregos","tag-novas-vagas","tag-vagas"],"_links":{"self":[{"href":"https:\/\/99empregos.com.br\/blog\/wp-json\/wp\/v2\/posts\/41749","targetHints":{"allow":["GET"]}}],"collection":[{"href":"https:\/\/99empregos.com.br\/blog\/wp-json\/wp\/v2\/posts"}],"about":[{"href":"https:\/\/99empregos.com.br\/blog\/wp-json\/wp\/v2\/types\/post"}],"author":[{"embeddable":true,"href":"https:\/\/99empregos.com.br\/blog\/wp-json\/wp\/v2\/users\/8"}],"replies":[{"embeddable":true,"href":"https:\/\/99empregos.com.br\/blog\/wp-json\/wp\/v2\/comments?post=41749"}],"version-history":[{"count":0,"href":"https:\/\/99empregos.com.br\/blog\/wp-json\/wp\/v2\/posts\/41749\/revisions"}],"wp:featuredmedia":[{"embeddable":true,"href":"https:\/\/99empregos.com.br\/blog\/wp-json\/wp\/v2\/media\/41752"}],"wp:attachment":[{"href":"https:\/\/99empregos.com.br\/blog\/wp-json\/wp\/v2\/media?parent=41749"}],"wp:term":[{"taxonomy":"category","embeddable":true,"href":"https:\/\/99empregos.com.br\/blog\/wp-json\/wp\/v2\/categories?post=41749"},{"taxonomy":"post_tag","embeddable":true,"href":"https:\/\/99empregos.com.br\/blog\/wp-json\/wp\/v2\/tags?post=41749"}],"curies":[{"name":"wp","href":"https:\/\/api.w.org\/{rel}","templated":true}]}}