{"id":41824,"date":"2023-07-27T10:18:59","date_gmt":"2023-07-27T13:18:59","guid":{"rendered":"https:\/\/123empregos.com.br\/?p=41824"},"modified":"2025-04-30T16:09:54","modified_gmt":"2025-04-30T19:09:54","slug":"grupo-dass-abre-novas-vagas-de-emprego-confira-os-salarios-aqui-e-candidate-se-em-menos-de-5-minutos","status":"publish","type":"post","link":"https:\/\/99empregos.com.br\/blog\/grupo-dass-abre-novas-vagas-de-emprego-confira-os-salarios-aqui-e-candidate-se-em-menos-de-5-minutos\/","title":{"rendered":"Grupo Dass abre NOVAS VAGAS DE EMPREGO, confira os sal\u00e1rios aqui e candidate-se em menos de 5 minutos!"},"content":{"rendered":"<div class=\"group w-full text-gray-800 dark:text-gray-100 border-b border-black\/10 dark:border-gray-900\/50 bg-gray-50 dark:bg-[#444654]\">\n<div class=\"flex p-4 gap-4 text-base md:gap-6 md:max-w-2xl lg:max-w-[38rem] xl:max-w-3xl md:py-6 lg:px-0 m-auto\">\n<div class=\"relative flex w-[calc(100%-50px)] flex-col gap-1 md:gap-3 lg:w-[calc(100%-115px)]\">\n<div class=\"flex flex-grow flex-col gap-3\">\n<div class=\"min-h-[20px] flex items-start overflow-x-auto whitespace-pre-wrap break-words flex-col gap-4\">\n<div class=\"markdown prose w-full break-words dark:prose-invert light\">\n<p>O Grupo <a href=\"https:\/\/grupodass.com\/\" target=\"_blank\" rel=\"noopener\">Dass<\/a> anunciou a abertura de <span style=\"text-decoration: underline\"><a href=\"https:\/\/99empregos.com.br\/vaga\/neugebauer-anunciou-20-vagas-de-emprego-abertas-pelo-brasil\/\">novas vagas de emprego<\/a> <\/span>em sua companhia e essa pode ser a sua chance. Com sua s\u00f3lida reputa\u00e7\u00e3o como empregador de destaque, a empresa oferece oportunidades aprofundadas em diversas \u00e1reas, atraindo talentos em busca de crescimento profissional. Os interessados agora t\u00eam a chance de integrar uma equipe din\u00e2mica e inovadora, contribuindo para o cont\u00ednuo sucesso e expans\u00e3o do grupo. Confira abaixo a lista completa de vagas:<\/p>\n<ul>\n<li style=\"font-weight: 400\"><span style=\"font-weight: 400\">FILA | Vendedor &#8211; Belo Horizonte &#8211; MG;<\/span><\/li>\n<li style=\"font-weight: 400\"><span style=\"font-weight: 400\">FILA | Visual Merchandising &#8211; Belo Horizonte &#8211; MG;<\/span><\/li>\n<li style=\"font-weight: 400\"><span style=\"font-weight: 400\">Promotor De Merchandising Com Foco Em VM &#8211; Chapec\u00f3 &#8211; SC;<\/span><\/li>\n<li style=\"font-weight: 400\"><span style=\"font-weight: 400\">FILA | Subgerente De Loja &#8211; S\u00e3o Roque &#8211; SP;<\/span><\/li>\n<li style=\"font-weight: 400\"><span style=\"font-weight: 400\">New Balance \/ Assistente De Performance &#8211; S\u00e3o Paulo &#8211; SP;<\/span><\/li>\n<li style=\"font-weight: 400\"><span style=\"font-weight: 400\">New Balance \/ Subgerente De Loja &#8211; S\u00e3o Paulo &#8211; SP;<\/span><\/li>\n<li style=\"font-weight: 400\"><span style=\"font-weight: 400\">New Balance \/ Gerente De Loja &#8211; S\u00e3o Paulo &#8211; SP;<\/span><\/li>\n<li style=\"font-weight: 400\"><span style=\"font-weight: 400\">FILA Assistente De Loja \/ LOJA BARRA &#8211; Rio de Janeiro &#8211; RJ;<\/span><\/li>\n<li style=\"font-weight: 400\"><span style=\"font-weight: 400\">FILA &#8211; Assistente De Vendas \/ LOJA BARRA &#8211; Rio de Janeiro &#8211; RJ;<\/span><\/li>\n<li style=\"font-weight: 400\"><span style=\"font-weight: 400\">FILA | Assistente De Vendas &#8211; Itupeva, Outlet Premium &#8211; Itupeva &#8211; SP.<\/span><\/li>\n<\/ul>\n<figure id=\"attachment_41826\" aria-describedby=\"caption-attachment-41826\" style=\"width: 1200px\" class=\"wp-caption aligncenter\"><img decoding=\"async\" class=\"size-full wp-image-41826\" src=\"https:\/\/99empregos.com.br\/blog\/wp-content\/uploads\/2023\/07\/dass-vagas-2023.jpg\" alt=\"O Grupo Dass est\u00e1 com NOVAS VAGAS DE EMPREGO, confira as oportunidades dispon\u00edveis e candidate-se por aqui. Foto: Reprodu\u00e7\u00e3o\" width=\"1200\" height=\"650\" srcset=\"https:\/\/99empregos.com.br\/blog\/wp-content\/uploads\/2023\/07\/dass-vagas-2023.jpg 1200w, https:\/\/99empregos.com.br\/blog\/wp-content\/uploads\/2023\/07\/dass-vagas-2023-300x163.jpg 300w, https:\/\/99empregos.com.br\/blog\/wp-content\/uploads\/2023\/07\/dass-vagas-2023-1024x555.jpg 1024w, https:\/\/99empregos.com.br\/blog\/wp-content\/uploads\/2023\/07\/dass-vagas-2023-768x416.jpg 768w\" sizes=\"(max-width: 1200px) 100vw, 1200px\" \/><figcaption id=\"caption-attachment-41826\" class=\"wp-caption-text\">O Grupo Dass est\u00e1 com NOVAS VAGAS DE EMPREGO, confira as oportunidades dispon\u00edveis e candidate-se por aqui. Foto: Reprodu\u00e7\u00e3o<\/figcaption><\/figure>\n<h3>Mais informa\u00e7\u00f5es sobre o Grupo Dass<\/h3>\n<p>O Grupo Dass desenvolve, h\u00e1 mais de 45 anos, solu\u00e7\u00f5es industriais e mercadol\u00f3gicas para marcas esportivas, segmento no qual \u00e9 uma dos maiores grupos industriais da Am\u00e9rica Latina, oferecendo um padr\u00e3o mundial de qualidade de servi\u00e7o para seus clientes e consumidores.<\/p>\n<p>Somos mais de 13 mil funcion\u00e1rios em nossas 16 unidades no Brasil e Argentina, atuando atrav\u00e9s da produ\u00e7\u00e3o e comercializa\u00e7\u00e3o das marcas pr\u00f3prias Fila, Umbro e Tryon e no desenvolvimento de solu\u00e7\u00f5es industriais para nossos clientes de private label.<\/p>\n<h3>Como se candidatar \u00e0s vagas de emprego no Grupo Dass<\/h3>\n<p>Se voc\u00ea encontrou aquela vaga de emprego que tanto esperava, n\u00e3o perca mais tempo e <strong><a href=\"https:\/\/99empregos.com.br\/vaga\/grupo-dass-abre-novas-vagas-de-emprego-envie-aqui-seu-curriculo\/\">CLIQUE NESTE LINK AGORA MESMO<\/a><\/strong> para enviar o seu curr\u00edculo para a empresa. Antes de confirmar a sua inscri\u00e7\u00e3o, recomendamos que fa\u00e7a uma revis\u00e3o completa de todos os pr\u00e9-requisitos solicitados por l\u00e1. A equipe do 123 Empregos te deseja uma boa sorte!<\/p>\n<\/div>\n<\/div>\n<\/div>\n<\/div>\n<\/div>\n<\/div>\n","protected":false},"excerpt":{"rendered":"<p>O Grupo Dass anunciou a abertura de novas vagas de emprego em sua companhia e essa pode ser a sua chance. Com sua s\u00f3lida reputa\u00e7\u00e3o como empregador de destaque, a empresa oferece oportunidades aprofundadas em diversas \u00e1reas, atraindo talentos em busca de crescimento profissional. Os interessados agora t\u00eam a chance de integrar uma equipe din\u00e2mica [&hellip;]<\/p>\n","protected":false},"author":8,"featured_media":41827,"comment_status":"open","ping_status":"closed","sticky":false,"template":"","format":"standard","meta":{"footnotes":""},"categories":[7],"tags":[1544,2500,734,3251,37],"class_list":["post-41824","post","type-post","status-publish","format-standard","has-post-thumbnail","hentry","category-noticias","tag-1544","tag-empregos-hoje","tag-novas-vagas","tag-salarios","tag-vagas"],"_links":{"self":[{"href":"https:\/\/99empregos.com.br\/blog\/wp-json\/wp\/v2\/posts\/41824","targetHints":{"allow":["GET"]}}],"collection":[{"href":"https:\/\/99empregos.com.br\/blog\/wp-json\/wp\/v2\/posts"}],"about":[{"href":"https:\/\/99empregos.com.br\/blog\/wp-json\/wp\/v2\/types\/post"}],"author":[{"embeddable":true,"href":"https:\/\/99empregos.com.br\/blog\/wp-json\/wp\/v2\/users\/8"}],"replies":[{"embeddable":true,"href":"https:\/\/99empregos.com.br\/blog\/wp-json\/wp\/v2\/comments?post=41824"}],"version-history":[{"count":0,"href":"https:\/\/99empregos.com.br\/blog\/wp-json\/wp\/v2\/posts\/41824\/revisions"}],"wp:featuredmedia":[{"embeddable":true,"href":"https:\/\/99empregos.com.br\/blog\/wp-json\/wp\/v2\/media\/41827"}],"wp:attachment":[{"href":"https:\/\/99empregos.com.br\/blog\/wp-json\/wp\/v2\/media?parent=41824"}],"wp:term":[{"taxonomy":"category","embeddable":true,"href":"https:\/\/99empregos.com.br\/blog\/wp-json\/wp\/v2\/categories?post=41824"},{"taxonomy":"post_tag","embeddable":true,"href":"https:\/\/99empregos.com.br\/blog\/wp-json\/wp\/v2\/tags?post=41824"}],"curies":[{"name":"wp","href":"https:\/\/api.w.org\/{rel}","templated":true}]}}