{"id":41866,"date":"2023-07-27T10:55:19","date_gmt":"2023-07-27T13:55:19","guid":{"rendered":"https:\/\/123empregos.com.br\/?p=41866"},"modified":"2025-04-30T16:09:58","modified_gmt":"2025-04-30T19:09:58","slug":"protemp-empresa-de-rh-abre-novas-vagas-salarios-a-partir-de-r28-mil-confira","status":"publish","type":"post","link":"https:\/\/99empregos.com.br\/blog\/protemp-empresa-de-rh-abre-novas-vagas-salarios-a-partir-de-r28-mil-confira\/","title":{"rendered":"Protemp, empresa de RH, abre NOVAS VAGAS, sal\u00e1rios a partir de R$2,8 mil, confira!"},"content":{"rendered":"<div class=\"group w-full text-gray-800 dark:text-gray-100 border-b border-black\/10 dark:border-gray-900\/50 bg-gray-50 dark:bg-[#444654]\">\n<div class=\"flex p-4 gap-4 text-base md:gap-6 md:max-w-2xl lg:max-w-[38rem] xl:max-w-3xl md:py-6 lg:px-0 m-auto\">\n<div class=\"relative flex w-[calc(100%-50px)] flex-col gap-1 md:gap-3 lg:w-[calc(100%-115px)]\">\n<div class=\"flex flex-grow flex-col gap-3\">\n<div class=\"min-h-[20px] flex items-start overflow-x-auto whitespace-pre-wrap break-words flex-col gap-4\">\n<div class=\"markdown prose w-full break-words dark:prose-invert light\">\n<p>A <a href=\"https:\/\/www.empregosevagasbr.com.br\/\" target=\"_blank\" rel=\"noopener\">Protemp<\/a>, reconhecida empresa de recrutamento e sele\u00e7\u00e3o, anunciou a <span style=\"text-decoration: underline\"><a href=\"https:\/\/99empregos.com.br\/adeste-abre-novas-vagas-de-emprego-confira-aqui-os-salarios-e-as-cidades-disponiveis\/\">abertura de novas vagas de emprego<\/a><\/span> em diversas \u00e1reas. Com sua expertise no mercado de recursos humanos e compromisso em conectar talentos \u00e0s melhores oportunidades, a Protemp busca por profissionais qualificados e motivados para integrar sua equipe. Confira abaixo a lista completa com todas as vagas dispon\u00edveis atualmente por l\u00e1:<\/p>\n<ul>\n<li style=\"font-weight: 400\"><span style=\"font-weight: 400\">Ajudante Geral &#8211; S\u00e3o Paulo &#8211; SP;<\/span><\/li>\n<li style=\"font-weight: 400\"><span style=\"font-weight: 400\">Analista De Log\u00edstica S\u00eanior &#8211; Santo Andr\u00e9 &#8211; SP;<\/span><\/li>\n<li style=\"font-weight: 400\"><span style=\"font-weight: 400\">T\u00e9cnico Eletr\u00f4nico De Manuten\u00e7\u00e3o &#8211; Mau\u00e1 &#8211; SP;<\/span><\/li>\n<li style=\"font-weight: 400\"><span style=\"font-weight: 400\">Porteiro &#8211; Diadema &#8211; SP;<\/span><\/li>\n<li style=\"font-weight: 400\"><span style=\"font-weight: 400\">Assistente De Vendas Internas &#8211; S\u00e3o Paulo &#8211; SP;<\/span><\/li>\n<li style=\"font-weight: 400\"><span style=\"font-weight: 400\">Assistente De Diretoria (Economia) &#8211; S\u00e3o Paulo &#8211; SP;<\/span><\/li>\n<li style=\"font-weight: 400\"><span style=\"font-weight: 400\">Operador De Loja &#8211; SBC &#8211; S\u00e3o Bernardo do Campo &#8211; SP;<\/span><\/li>\n<li style=\"font-weight: 400\"><span style=\"font-weight: 400\">Auxiliar De Estoque &#8211; S\u00e3o Bernardo do Campo &#8211; SP;<\/span><\/li>\n<li style=\"font-weight: 400\"><span style=\"font-weight: 400\">Oficial De Manuten\u00e7\u00e3o &#8211; Diadema &#8211; SP;<\/span><\/li>\n<li style=\"font-weight: 400\"><span style=\"font-weight: 400\">Analista De Sistemas ERP DATASUL &#8211; S\u00e3o Paulo &#8211; SP;<\/span><\/li>\n<li style=\"font-weight: 400\"><span style=\"font-weight: 400\">Marceneiro &#8211; Santo Andr\u00e9 &#8211; SP;<\/span><\/li>\n<li style=\"font-weight: 400\"><span style=\"font-weight: 400\">Torneiro Mec\u00e2nico &#8211; Santo Andr\u00e9 &#8211; SP;<\/span><\/li>\n<li style=\"font-weight: 400\"><span style=\"font-weight: 400\">Mec\u00e2nico De Autom\u00f3veis &#8211; Santo Andr\u00e9 &#8211; SP;<\/span><\/li>\n<li style=\"font-weight: 400\"><span style=\"font-weight: 400\">Comprador S\u00eanior &#8211; Santo Andr\u00e9 &#8211; SP;<\/span><\/li>\n<li style=\"font-weight: 400\"><span style=\"font-weight: 400\">Auxiliar Administrativo &#8211; S\u00e3o Paulo &#8211; SP.<\/span><\/li>\n<\/ul>\n<figure id=\"attachment_41868\" aria-describedby=\"caption-attachment-41868\" style=\"width: 1200px\" class=\"wp-caption aligncenter\"><img decoding=\"async\" class=\"size-full wp-image-41868\" src=\"https:\/\/99empregos.com.br\/blog\/wp-content\/uploads\/2023\/07\/protemp-vagas-2023.jpg\" alt=\"A Protemp est\u00e1 com NOVAS VAGAS DE EMPREGO, candidate-se por aqui. Foto: Reprodu\u00e7\u00e3o\" width=\"1200\" height=\"650\" srcset=\"https:\/\/99empregos.com.br\/blog\/wp-content\/uploads\/2023\/07\/protemp-vagas-2023.jpg 1200w, https:\/\/99empregos.com.br\/blog\/wp-content\/uploads\/2023\/07\/protemp-vagas-2023-300x163.jpg 300w, https:\/\/99empregos.com.br\/blog\/wp-content\/uploads\/2023\/07\/protemp-vagas-2023-1024x555.jpg 1024w, https:\/\/99empregos.com.br\/blog\/wp-content\/uploads\/2023\/07\/protemp-vagas-2023-768x416.jpg 768w\" sizes=\"(max-width: 1200px) 100vw, 1200px\" \/><figcaption id=\"caption-attachment-41868\" class=\"wp-caption-text\">A Protemp est\u00e1 com NOVAS VAGAS DE EMPREGO, candidate-se por aqui. Foto: Reprodu\u00e7\u00e3o<\/figcaption><\/figure>\n<h3>Mais informa\u00e7\u00f5es sobre a Protemp<\/h3>\n<p>Fundada em 1987, a Protemp se constituiu ao longo desses anos como sendo uma das principais empresas voltadas a \u00e1rea de Recursos Humanos. A busca constante pelo aperfei\u00e7oamento t\u00e9cnico e a seriedade na Gest\u00e3o de Contratos garantem o sucesso de mais de 35 Anos da PROTEMP no mercado de presta\u00e7\u00e3o de servi\u00e7os.<\/p>\n<p>Temos condi\u00e7\u00f5es de lhe proporcionar estudos de viabiliza\u00e7\u00e3o de redu\u00e7\u00e3o de custos em \u00e1reas de seu interesse ou \u00fateis \u00e0 sua atua\u00e7\u00e3o. Comprometida em alcan\u00e7ar a excel\u00eancia, a PROTEMP acompanha as constantes mudan\u00e7as do mercado e busca oferecer a seus clientes comodidade e praticidade na execu\u00e7\u00e3o de toda a burocracia que \u00e9 selecionar, recrutar, treinar, administrar e alocar Recursos Humanos.<\/p>\n<h3>Como se candidatar \u00e0s vagas da Protemp?<\/h3>\n<p>Se voc\u00ea encontrou aquela vaga de emprego que tanto esperava, n\u00e3o perca mais tempo e <strong><span style=\"text-decoration: underline\"><a href=\"https:\/\/99empregos.com.br\/vaga\/protemp-abre-novas-vagas-de-emprego-confira\/\">CLIQUE NESTE LINK AGORA MESMO<\/a> <\/span><\/strong>para enviar o seu curr\u00edculo para a empresa. Antes de confirmar a sua inscri\u00e7\u00e3o, recomendamos que fa\u00e7a uma revis\u00e3o completa de todos os pr\u00e9-requisitos solicitados por l\u00e1. A equipe do 123 Empregos te deseja uma boa sorte!<\/p>\n<\/div>\n<\/div>\n<\/div>\n<\/div>\n<\/div>\n<\/div>\n","protected":false},"excerpt":{"rendered":"<p>A Protemp, reconhecida empresa de recrutamento e sele\u00e7\u00e3o, anunciou a abertura de novas vagas de emprego em diversas \u00e1reas. Com sua expertise no mercado de recursos humanos e compromisso em conectar talentos \u00e0s melhores oportunidades, a Protemp busca por profissionais qualificados e motivados para integrar sua equipe. Confira abaixo a lista completa com todas as [&hellip;]<\/p>\n","protected":false},"author":8,"featured_media":41869,"comment_status":"open","ping_status":"closed","sticky":false,"template":"","format":"standard","meta":{"footnotes":""},"categories":[7],"tags":[1544,5,734,3336,37],"class_list":["post-41866","post","type-post","status-publish","format-standard","has-post-thumbnail","hentry","category-noticias","tag-1544","tag-empregos","tag-novas-vagas","tag-protemp","tag-vagas"],"_links":{"self":[{"href":"https:\/\/99empregos.com.br\/blog\/wp-json\/wp\/v2\/posts\/41866","targetHints":{"allow":["GET"]}}],"collection":[{"href":"https:\/\/99empregos.com.br\/blog\/wp-json\/wp\/v2\/posts"}],"about":[{"href":"https:\/\/99empregos.com.br\/blog\/wp-json\/wp\/v2\/types\/post"}],"author":[{"embeddable":true,"href":"https:\/\/99empregos.com.br\/blog\/wp-json\/wp\/v2\/users\/8"}],"replies":[{"embeddable":true,"href":"https:\/\/99empregos.com.br\/blog\/wp-json\/wp\/v2\/comments?post=41866"}],"version-history":[{"count":0,"href":"https:\/\/99empregos.com.br\/blog\/wp-json\/wp\/v2\/posts\/41866\/revisions"}],"wp:featuredmedia":[{"embeddable":true,"href":"https:\/\/99empregos.com.br\/blog\/wp-json\/wp\/v2\/media\/41869"}],"wp:attachment":[{"href":"https:\/\/99empregos.com.br\/blog\/wp-json\/wp\/v2\/media?parent=41866"}],"wp:term":[{"taxonomy":"category","embeddable":true,"href":"https:\/\/99empregos.com.br\/blog\/wp-json\/wp\/v2\/categories?post=41866"},{"taxonomy":"post_tag","embeddable":true,"href":"https:\/\/99empregos.com.br\/blog\/wp-json\/wp\/v2\/tags?post=41866"}],"curies":[{"name":"wp","href":"https:\/\/api.w.org\/{rel}","templated":true}]}}