{"id":42190,"date":"2023-08-01T11:29:52","date_gmt":"2023-08-01T14:29:52","guid":{"rendered":"https:\/\/123empregos.com.br\/?p=42190"},"modified":"2023-08-01T11:29:52","modified_gmt":"2023-08-01T14:29:52","slug":"fortbrasil-esta-com-novas-vagas-abertas-confira-a-lista-de-oportunidades-aqui","status":"publish","type":"post","link":"https:\/\/99empregos.com.br\/blog\/fortbrasil-esta-com-novas-vagas-abertas-confira-a-lista-de-oportunidades-aqui\/","title":{"rendered":"FortBrasil est\u00e1 com NOVAS VAGAS ABERTAS, confira a lista de oportunidades aqui!"},"content":{"rendered":"<div class=\"group w-full text-gray-800 dark:text-gray-100 border-b border-black\/10 dark:border-gray-900\/50 bg-gray-50 dark:bg-[#444654]\">\n<div class=\"flex p-4 gap-4 text-base md:gap-6 md:max-w-2xl lg:max-w-[38rem] xl:max-w-3xl md:py-6 lg:px-0 m-auto\">\n<div class=\"relative flex w-[calc(100%-50px)] flex-col gap-1 md:gap-3 lg:w-[calc(100%-115px)]\">\n<div class=\"flex flex-grow flex-col gap-3\">\n<div class=\"min-h-[20px] flex items-start overflow-x-auto whitespace-pre-wrap break-words\">\n<div class=\"markdown prose w-full break-words dark:prose-invert light\">\n<p>A <a href=\"https:\/\/www.fortbrasil.com.br\/\" target=\"_blank\" rel=\"noopener\">FortBrasil<\/a> acabou de anunciar a nova abertura de<span style=\"text-decoration: underline\"><a href=\"https:\/\/99empregos.com.br\/vaga\/eurochem-esta-com-novas-vagas-de-emprego-confira-aqui\/\"> vagas de emprego<\/a> <\/span>em sua equipe e essa pode ser a sua chance profissional para o segundo semestre de 2023. Como uma empresa l\u00edder no setor de servi\u00e7os financeiros, a FortBrasil est\u00e1 em busca de profissionais comprometidos e apaixonados por inova\u00e7\u00e3o e atendimento ao cliente. As oportunidades abrangem diversas \u00e1reas, confira abaixo a lista completa de vagas e localidades dispon\u00edveis:<\/p>\n<ul>\n<li style=\"font-weight: 400\"><span style=\"font-weight: 400\">Analista de Gente &amp; Gest\u00e3o JR (Foco em Desenvolvimento Humano) &#8211; Fortaleza &#8211; CE e Remoto;<\/span><\/li>\n<li style=\"font-weight: 400\"><span style=\"font-weight: 400\">Gerente de Filial &#8211; RJ &#8211; Rio de Janeiro &#8211; RJ;<\/span><\/li>\n<li style=\"font-weight: 400\"><span style=\"font-weight: 400\">Gerente de Neg\u00f3cios &#8211; Jo\u00e3o Pessoa\/PB &#8211; Jo\u00e3o Pessoa &#8211; PB;<\/span><\/li>\n<li style=\"font-weight: 400\"><span style=\"font-weight: 400\">Gerente de Neg\u00f3cios &#8211; Natal\/RN &#8211; Natal &#8211; RN;<\/span><\/li>\n<li style=\"font-weight: 400\"><span style=\"font-weight: 400\">Promotor(a) Comercial &#8211; \u00c1guas Lindas de Goi\u00e1s\/GO &#8211; Bras\u00edlia &#8211; DF;<\/span><\/li>\n<li style=\"font-weight: 400\"><span style=\"font-weight: 400\">Promotor(a) Comercial &#8211; Aparecida de Goi\u00e2nia\/GO &#8211; Goi\u00e2nia &#8211; GO;<\/span><\/li>\n<li style=\"font-weight: 400\"><span style=\"font-weight: 400\">Promotor(a) Comercial &#8211; Belo Horizonte\/MG &#8211; Belo Horizonte &#8211; MG;<\/span><\/li>\n<li style=\"font-weight: 400\"><span style=\"font-weight: 400\">Promotor(a) Comercial &#8211; Bocaiuva\/MG &#8211; Bocaiuva &#8211; MG;<\/span><\/li>\n<li style=\"font-weight: 400\"><span style=\"font-weight: 400\">Promotor(a) Comercial &#8211; Bras\u00edlia\/DF (Recanto das Emas) &#8211; Bras\u00edlia &#8211; DF;<\/span><\/li>\n<li style=\"font-weight: 400\"><span style=\"font-weight: 400\">Promotor(a) Comercial &#8211; Bras\u00edlia\/DF (Samambaia Sul) &#8211; Bras\u00edlia &#8211; DF;<\/span><\/li>\n<li style=\"font-weight: 400\"><span style=\"font-weight: 400\">Promotor(a) Comercial &#8211; Recanto das Emas\/DF &#8211; Recanto das Emas &#8211; DF;<\/span><\/li>\n<li style=\"font-weight: 400\"><span style=\"font-weight: 400\">Promotor(a) Comercial &#8211; Riacho Fundo I\/DF &#8211; Bras\u00edlia &#8211; DF;<\/span><\/li>\n<li style=\"font-weight: 400\"><span style=\"font-weight: 400\">Promotor(a) Comercial &#8211; Samambaia Norte\/DF &#8211; Bras\u00edlia &#8211; DF;<\/span><\/li>\n<li style=\"font-weight: 400\"><span style=\"font-weight: 400\">Promotor(a) Comercial &#8211; Samambaia Sul\/DF &#8211; Samambaia &#8211; DF;<\/span><\/li>\n<li style=\"font-weight: 400\"><span style=\"font-weight: 400\">Promotor(a) Comercial &#8211; Santa Maria\/DF &#8211; Bras\u00edlia &#8211; DF.<\/span><\/li>\n<\/ul>\n<figure id=\"attachment_42193\" aria-describedby=\"caption-attachment-42193\" style=\"width: 1200px\" class=\"wp-caption aligncenter\"><img decoding=\"async\" class=\"size-full wp-image-42193\" src=\"https:\/\/99empregos.com.br\/blog\/wp-content\/uploads\/2023\/08\/fortbrasil-vagas.jpg\" alt=\"A FortBrasil est\u00e1 com novas vagas de emprego, confira aqui as oportunidades dispon\u00edveis antes de se candidatar. Foto: Reprodu\u00e7\u00e3o\" width=\"1200\" height=\"650\" srcset=\"https:\/\/99empregos.com.br\/blog\/wp-content\/uploads\/2023\/08\/fortbrasil-vagas.jpg 1200w, https:\/\/99empregos.com.br\/blog\/wp-content\/uploads\/2023\/08\/fortbrasil-vagas-300x163.jpg 300w, https:\/\/99empregos.com.br\/blog\/wp-content\/uploads\/2023\/08\/fortbrasil-vagas-1024x555.jpg 1024w, https:\/\/99empregos.com.br\/blog\/wp-content\/uploads\/2023\/08\/fortbrasil-vagas-768x416.jpg 768w\" sizes=\"(max-width: 1200px) 100vw, 1200px\" \/><figcaption id=\"caption-attachment-42193\" class=\"wp-caption-text\">A FortBrasil est\u00e1 com novas vagas de emprego, confira aqui as oportunidades dispon\u00edveis antes de se candidatar. Foto: Reprodu\u00e7\u00e3o<\/figcaption><\/figure>\n<h3>Mais informa\u00e7\u00f5es sobre a FortBrasil<\/h3>\n<p>Proporcionar acesso a cr\u00e9dito e consumo para as pessoas viverem melhor. Levamos acesso \u00e0 cr\u00e9dito a quem nunca teve oportunidade de ter um cart\u00e3o de cr\u00e9dito, seja pra fazer uma feira no supermercado ou pra comprar sua primeira geladeira. Sem a FortBrasil, milhares de pessoas das classes C, D e E ainda estariam sem ter como realizar uma compra.<\/p>\n<p>Estamos h\u00e1 mais de 18 anos no mercado oferecendo acesso a cr\u00e9dito e consumo r\u00e1pido e consciente, sendo especialistas na administra\u00e7\u00e3o de cart\u00f5es Private Label co-branded, aqueles que levam a marca do estabelecimento com a bandeira FortBrasil. E desde 2019, nossos cart\u00f5es possuem tamb\u00e9m a bandeira Mastercard e s\u00e3o aceitos em todo o mundo.<\/p>\n<h3>Como se candidatar \u00e0s vagas de emprego na FortBrasil?<\/h3>\n<p>Se voc\u00ea encontrou uma oportunidade de emprego que se encaixa nas suas pretens\u00f5es, <strong><span style=\"text-decoration: underline\"><a href=\"https:\/\/99empregos.com.br\/vaga\/fortbrasil-abre-novas-vagas-confira-aqui-as-oportunidades\/\">CLIQUE AQUI NESTE LINK<\/a><\/span><\/strong> para enviar o seu curr\u00edculo agora mesmo. Antes de efetivar a sua inscri\u00e7\u00e3o, n\u00e3o se esque\u00e7a de conferir todos os dados cadastrais e informa\u00e7\u00f5es presentes no seu curr\u00edculo. A equipe do 123 Empregos deseja a voc\u00ea uma boa sorte!<\/p>\n<\/div>\n<\/div>\n<\/div>\n<\/div>\n<\/div>\n<\/div>\n","protected":false},"excerpt":{"rendered":"<p>A FortBrasil acabou de anunciar a nova abertura de vagas de emprego em sua equipe e essa pode ser a sua chance profissional para o segundo semestre de 2023. Como uma empresa l\u00edder no setor de servi\u00e7os financeiros, a FortBrasil est\u00e1 em busca de profissionais comprometidos e apaixonados por inova\u00e7\u00e3o e atendimento ao cliente. As [&hellip;]<\/p>\n","protected":false},"author":8,"featured_media":42193,"comment_status":"open","ping_status":"closed","sticky":false,"template":"","format":"standard","meta":{"footnotes":""},"categories":[7],"tags":[1544,17,3251,37,2503],"class_list":["post-42190","post","type-post","status-publish","format-standard","has-post-thumbnail","hentry","category-noticias","tag-1544","tag-oportunidades-de-emprego","tag-salarios","tag-vagas","tag-vagas-hoje"],"_links":{"self":[{"href":"https:\/\/99empregos.com.br\/blog\/wp-json\/wp\/v2\/posts\/42190","targetHints":{"allow":["GET"]}}],"collection":[{"href":"https:\/\/99empregos.com.br\/blog\/wp-json\/wp\/v2\/posts"}],"about":[{"href":"https:\/\/99empregos.com.br\/blog\/wp-json\/wp\/v2\/types\/post"}],"author":[{"embeddable":true,"href":"https:\/\/99empregos.com.br\/blog\/wp-json\/wp\/v2\/users\/8"}],"replies":[{"embeddable":true,"href":"https:\/\/99empregos.com.br\/blog\/wp-json\/wp\/v2\/comments?post=42190"}],"version-history":[{"count":0,"href":"https:\/\/99empregos.com.br\/blog\/wp-json\/wp\/v2\/posts\/42190\/revisions"}],"wp:featuredmedia":[{"embeddable":true,"href":"https:\/\/99empregos.com.br\/blog\/wp-json\/wp\/v2\/media\/42193"}],"wp:attachment":[{"href":"https:\/\/99empregos.com.br\/blog\/wp-json\/wp\/v2\/media?parent=42190"}],"wp:term":[{"taxonomy":"category","embeddable":true,"href":"https:\/\/99empregos.com.br\/blog\/wp-json\/wp\/v2\/categories?post=42190"},{"taxonomy":"post_tag","embeddable":true,"href":"https:\/\/99empregos.com.br\/blog\/wp-json\/wp\/v2\/tags?post=42190"}],"curies":[{"name":"wp","href":"https:\/\/api.w.org\/{rel}","templated":true}]}}