{"id":42201,"date":"2023-08-01T11:39:42","date_gmt":"2023-08-01T14:39:42","guid":{"rendered":"https:\/\/123empregos.com.br\/?p=42201"},"modified":"2023-08-01T11:39:42","modified_gmt":"2023-08-01T14:39:42","slug":"vagas-abertas-no-setor-de-educacao-unicesumar-contrata-em-agosto-confira-as-chances-aqui","status":"publish","type":"post","link":"https:\/\/99empregos.com.br\/blog\/vagas-abertas-no-setor-de-educacao-unicesumar-contrata-em-agosto-confira-as-chances-aqui\/","title":{"rendered":"Vagas ABERTAS no setor de educa\u00e7\u00e3o: Unicesumar contrata em agosto, confira as chances aqui!"},"content":{"rendered":"<div class=\"group w-full text-gray-800 dark:text-gray-100 border-b border-black\/10 dark:border-gray-900\/50 bg-gray-50 dark:bg-[#444654]\">\n<div class=\"flex p-4 gap-4 text-base md:gap-6 md:max-w-2xl lg:max-w-[38rem] xl:max-w-3xl md:py-6 lg:px-0 m-auto\">\n<div class=\"relative flex w-[calc(100%-50px)] flex-col gap-1 md:gap-3 lg:w-[calc(100%-115px)]\">\n<div class=\"flex flex-grow flex-col gap-3\">\n<div class=\"min-h-[20px] flex items-start overflow-x-auto whitespace-pre-wrap break-words\">\n<div class=\"markdown prose w-full break-words dark:prose-invert light\">\n<p>A <a href=\"https:\/\/www.unicesumar.edu.br\/\" target=\"_blank\" rel=\"noopener\">Unicesumar<\/a> tem o prazer de anunciar a nova abertura de <span style=\"text-decoration: underline\"><a href=\"https:\/\/99empregos.com.br\/vaga\/farmacia-indiana-oferece-empregos-no-sudeste\/\">vagas de emprego<\/a><\/span> em sua equipe para o m\u00eas de agosto de 2023. Reconhecida nacionalmente como uma institui\u00e7\u00e3o de ensino de alto n\u00edvel, a Unicesumar busca profissionais comprometidos para se juntarem ao seu grupo de colaboradores. As oportunidades abrangem diferentes \u00e1reas e setores, confira abaixo a lista completa com todas as vagas dispon\u00edveis e as suas respectivas localiza\u00e7\u00f5es:<\/p>\n<ul>\n<li style=\"font-weight: 400\"><span style=\"font-weight: 400\">Agente de Portaria &#8211; Curitiba &#8211; PR;<\/span><\/li>\n<li style=\"font-weight: 400\"><span style=\"font-weight: 400\">Agente de Portaria &#8211; Londrina &#8211; PR;<\/span><\/li>\n<li style=\"font-weight: 400\"><span style=\"font-weight: 400\">Agente de Portaria &#8211; Maring\u00e1 &#8211; PR;<\/span><\/li>\n<li style=\"font-weight: 400\"><span style=\"font-weight: 400\">Analista Comercial (Curitiba\/PR) &#8211; Curitiba &#8211; PR;<\/span><\/li>\n<li style=\"font-weight: 400\"><span style=\"font-weight: 400\">Analista Comercial (Londrina\/PR) &#8211; Londrina &#8211; PR;<\/span><\/li>\n<li style=\"font-weight: 400\"><span style=\"font-weight: 400\">Analista de Comercializa\u00e7\u00e3o (Maring\u00e1\/PR) &#8211; Maring\u00e1 &#8211; PR;<\/span><\/li>\n<li style=\"font-weight: 400\"><span style=\"font-weight: 400\">Analista de Comercializa\u00e7\u00e3o (Ponta Grossa\/PR) &#8211; Ponta Grossa &#8211; PR;<\/span><\/li>\n<li style=\"font-weight: 400\"><span style=\"font-weight: 400\">Analista de Controle e Qualidade &#8211; Maring\u00e1 &#8211; PR;<\/span><\/li>\n<li style=\"font-weight: 400\"><span style=\"font-weight: 400\">Assessor de Diretoria &#8211; Corumb\u00e1 &#8211; MS;<\/span><\/li>\n<li style=\"font-weight: 400\"><span style=\"font-weight: 400\">Assessor Pedag\u00f3gico J\u00fanior &#8211; Recursos Educacionais Inclusivos &#8211; Maring\u00e1 &#8211; PR;<\/span><\/li>\n<li style=\"font-weight: 400\"><span style=\"font-weight: 400\">Atendimento Comercial ao Aluno &#8211; Polo Sarandi\/PR &#8211; Sarandi &#8211; PR;<\/span><\/li>\n<li style=\"font-weight: 400\"><span style=\"font-weight: 400\">Atendimento Comercial ao Aluno &#8211; Ponta Grossa\/PR &#8211; Ponta Grossa &#8211; PR;<\/span><\/li>\n<li style=\"font-weight: 400\"><span style=\"font-weight: 400\">Auxiliar Administrativo (UBS) &#8211; Maring\u00e1 &#8211; PR;<\/span><\/li>\n<li style=\"font-weight: 400\"><span style=\"font-weight: 400\">Auxiliar de Biblioteca &#8211; Corumb\u00e1\/MS &#8211; Corumb\u00e1 &#8211; MS;<\/span><\/li>\n<li style=\"font-weight: 400\"><span style=\"font-weight: 400\">Auxiliar de Biblioteca &#8211; Curitiba\/PR (Vaga exclusiva PCD) &#8211; Curitiba &#8211; PR;<\/span><\/li>\n<li style=\"font-weight: 400\"><span style=\"font-weight: 400\">Auxiliar de Limpeza &#8211; Curitiba &#8211; PR.<\/span><\/li>\n<\/ul>\n<figure id=\"attachment_42203\" aria-describedby=\"caption-attachment-42203\" style=\"width: 1200px\" class=\"wp-caption aligncenter\"><img decoding=\"async\" class=\"size-full wp-image-42203\" src=\"https:\/\/99empregos.com.br\/blog\/wp-content\/uploads\/2023\/08\/unicesumar-vagas-2023.jpg\" alt=\"A Unicesumar est\u00e1 com novas vagas de emprego, confira as oportunidades. Foto: Reprodu\u00e7\u00e3o\" width=\"1200\" height=\"650\" srcset=\"https:\/\/99empregos.com.br\/blog\/wp-content\/uploads\/2023\/08\/unicesumar-vagas-2023.jpg 1200w, https:\/\/99empregos.com.br\/blog\/wp-content\/uploads\/2023\/08\/unicesumar-vagas-2023-300x163.jpg 300w, https:\/\/99empregos.com.br\/blog\/wp-content\/uploads\/2023\/08\/unicesumar-vagas-2023-1024x555.jpg 1024w, https:\/\/99empregos.com.br\/blog\/wp-content\/uploads\/2023\/08\/unicesumar-vagas-2023-768x416.jpg 768w\" sizes=\"(max-width: 1200px) 100vw, 1200px\" \/><figcaption id=\"caption-attachment-42203\" class=\"wp-caption-text\">A Unicesumar est\u00e1 com novas vagas de emprego, confira as oportunidades. Foto: Reprodu\u00e7\u00e3o<\/figcaption><\/figure>\n<h3>Mais informa\u00e7\u00f5es sobre a Unicesumar<\/h3>\n<p>Sendo uma institui\u00e7\u00e3o de ensino, temos o aprendizado como prioridade e o conhecimento como um estilo de vida. A educa\u00e7\u00e3o de excel\u00eancia \u00e9 a nossa marca, aquilo que nos move! Queremos dividir com voc\u00ea o nosso prop\u00f3sito, que \u00e9 a forma\u00e7\u00e3o integral de cada pessoa que faz parte da UniCesumar &#8211; tanto nossos alunos quanto os colaboradores do nosso time. E \u00e9 por meio da capacita\u00e7\u00e3o de profissionais com princ\u00edpios \u00e9ticos que promovemos a transforma\u00e7\u00e3o social.<\/p>\n<p>Ao longo de mais de 30 anos de hist\u00f3ria, nos consolidamos entre os 10 maiores grupos educacionais do Brasil. Em tr\u00eas d\u00e9cadas, formamos mais de 400 mil alunos; nossos campi de ensino presencial est\u00e3o em Maring\u00e1 (sede), Curitiba, Ponta Grossa, Londrina e Corumb\u00e1. Na educa\u00e7\u00e3o a dist\u00e2ncia, possu\u00edmos mais de 1.000 polos em todos os estados brasileiros e, tamb\u00e9m internacionais, em Genebra, Dubai e Miami.<\/p>\n<h3>Como se candidatar por l\u00e1?<\/h3>\n<p>Se voc\u00ea encontrou uma oportunidade de emprego que se encaixa nas suas pretens\u00f5es, <strong><span style=\"text-decoration: underline\"><a href=\"https:\/\/99empregos.com.br\/vaga\/unicesumar-abre-novas-vagas-de-emprego-confira-aqui-as-chances\/\">CLIQUE AQUI NESTE LINK<\/a><\/span><\/strong> para enviar o seu curr\u00edculo agora mesmo. Antes de efetivar a sua inscri\u00e7\u00e3o, n\u00e3o se esque\u00e7a de conferir todos os dados cadastrais e informa\u00e7\u00f5es presentes no seu curr\u00edculo. A equipe do 123 Empregos deseja a voc\u00ea uma boa sorte!<\/p>\n<\/div>\n<\/div>\n<\/div>\n<\/div>\n<\/div>\n<\/div>\n","protected":false},"excerpt":{"rendered":"<p>A Unicesumar tem o prazer de anunciar a nova abertura de vagas de emprego em sua equipe para o m\u00eas de agosto de 2023. Reconhecida nacionalmente como uma institui\u00e7\u00e3o de ensino de alto n\u00edvel, a Unicesumar busca profissionais comprometidos para se juntarem ao seu grupo de colaboradores. As oportunidades abrangem diferentes \u00e1reas e setores, confira [&hellip;]<\/p>\n","protected":false},"author":8,"featured_media":42204,"comment_status":"open","ping_status":"closed","sticky":false,"template":"","format":"standard","meta":{"footnotes":""},"categories":[7],"tags":[1544,5,778,37],"class_list":["post-42201","post","type-post","status-publish","format-standard","has-post-thumbnail","hentry","category-noticias","tag-1544","tag-empregos","tag-novas-oportunidades","tag-vagas"],"_links":{"self":[{"href":"https:\/\/99empregos.com.br\/blog\/wp-json\/wp\/v2\/posts\/42201","targetHints":{"allow":["GET"]}}],"collection":[{"href":"https:\/\/99empregos.com.br\/blog\/wp-json\/wp\/v2\/posts"}],"about":[{"href":"https:\/\/99empregos.com.br\/blog\/wp-json\/wp\/v2\/types\/post"}],"author":[{"embeddable":true,"href":"https:\/\/99empregos.com.br\/blog\/wp-json\/wp\/v2\/users\/8"}],"replies":[{"embeddable":true,"href":"https:\/\/99empregos.com.br\/blog\/wp-json\/wp\/v2\/comments?post=42201"}],"version-history":[{"count":0,"href":"https:\/\/99empregos.com.br\/blog\/wp-json\/wp\/v2\/posts\/42201\/revisions"}],"wp:featuredmedia":[{"embeddable":true,"href":"https:\/\/99empregos.com.br\/blog\/wp-json\/wp\/v2\/media\/42204"}],"wp:attachment":[{"href":"https:\/\/99empregos.com.br\/blog\/wp-json\/wp\/v2\/media?parent=42201"}],"wp:term":[{"taxonomy":"category","embeddable":true,"href":"https:\/\/99empregos.com.br\/blog\/wp-json\/wp\/v2\/categories?post=42201"},{"taxonomy":"post_tag","embeddable":true,"href":"https:\/\/99empregos.com.br\/blog\/wp-json\/wp\/v2\/tags?post=42201"}],"curies":[{"name":"wp","href":"https:\/\/api.w.org\/{rel}","templated":true}]}}