{"id":42206,"date":"2023-08-01T11:43:48","date_gmt":"2023-08-01T14:43:48","guid":{"rendered":"https:\/\/123empregos.com.br\/?p=42206"},"modified":"2023-08-01T11:43:48","modified_gmt":"2023-08-01T14:43:48","slug":"messer-gases-abre-novas-vagas-de-emprego-confira-aqui-as-oportunidades","status":"publish","type":"post","link":"https:\/\/99empregos.com.br\/blog\/messer-gases-abre-novas-vagas-de-emprego-confira-aqui-as-oportunidades\/","title":{"rendered":"Messer Gases abre NOVAS VAGAS DE EMPREGO, confira aqui as oportunidades"},"content":{"rendered":"<div class=\"group w-full text-gray-800 dark:text-gray-100 border-b border-black\/10 dark:border-gray-900\/50 bg-gray-50 dark:bg-[#444654]\">\n<div class=\"flex p-4 gap-4 text-base md:gap-6 md:max-w-2xl lg:max-w-[38rem] xl:max-w-3xl md:py-6 lg:px-0 m-auto\">\n<div class=\"relative flex w-[calc(100%-50px)] flex-col gap-1 md:gap-3 lg:w-[calc(100%-115px)]\">\n<div class=\"flex flex-grow flex-col gap-3\">\n<div class=\"min-h-[20px] flex items-start overflow-x-auto whitespace-pre-wrap break-words\">\n<div class=\"markdown prose w-full break-words dark:prose-invert light\">\n<p>A Messer Gases acabou de anunciar a nova abertura de <span style=\"text-decoration: underline\"><a href=\"https:\/\/99empregos.com.br\/konecta-call-center-tem-oportunidades-de-1o-emprego-confira\/\">vagas de emprego<\/a><\/span> em sua equipe para o m\u00eas de agosto de 2023. Conhecida como uma empresa l\u00edder no setor de gases industriais e medicinais, a Messer busca profissionais comprometidos e apaixonados por tecnologia e inova\u00e7\u00e3o. Esta \u00e9 uma chance \u00fanica para fazer parte de uma empresa com tradi\u00e7\u00e3o e excel\u00eancia no mercado, que valoriza o desenvolvimento profissional e oferece um ambiente de trabalho colaborativo e inspirador. Confira abaixo a lista completa de vagas:<\/p>\n<ul>\n<li style=\"font-weight: 400\"><span style=\"font-weight: 400\">Banco de Talentos &#8211; Barueri &#8211; SP;<\/span><\/li>\n<li style=\"font-weight: 400\"><span style=\"font-weight: 400\">Banco de Talentos &#8211; Pessoas com Defici\u00eancia &#8211; Barueri &#8211; SP;<\/span><\/li>\n<li style=\"font-weight: 400\"><span style=\"font-weight: 400\">Est\u00e1gio em Compras &#8211; Barueri &#8211; SP e Remoto;<\/span><\/li>\n<li style=\"font-weight: 400\"><span style=\"font-weight: 400\">Est\u00e1gio em Compras &#8211; Jundia\u00ed &#8211; SP e Remoto;<\/span><\/li>\n<li style=\"font-weight: 400\"><span style=\"font-weight: 400\">Est\u00e1gio em Engenharia &#8211; Jundia\u00ed &#8211; SP;<\/span><\/li>\n<li style=\"font-weight: 400\"><span style=\"font-weight: 400\">Est\u00e1gio em Faturamento &#8211; Jundia\u00ed &#8211; SP e Remoto;<\/span><\/li>\n<li style=\"font-weight: 400\"><span style=\"font-weight: 400\">Est\u00e1gio em Novos Neg\u00f3cios &#8211; Anchieta &#8211; S\u00e3o Paulo &#8211; SP;<\/span><\/li>\n<li style=\"font-weight: 400\"><span style=\"font-weight: 400\">Est\u00e1gio em Novos Neg\u00f3cios &#8211; Jundia\u00ed &#8211; SP;<\/span><\/li>\n<li style=\"font-weight: 400\"><span style=\"font-weight: 400\">Est\u00e1gio em Produ\u00e7\u00e3o &#8211; Len\u00e7\u00f3is Paulista &#8211; Len\u00e7\u00f3is Paulistas &#8211; SP;<\/span><\/li>\n<li style=\"font-weight: 400\"><span style=\"font-weight: 400\">Est\u00e1gio em Tribut\u00e1rio &#8211; Barueri &#8211; SP e Remoto;<\/span><\/li>\n<li style=\"font-weight: 400\"><span style=\"font-weight: 400\">Est\u00e1gio em Vendas &#8211; Blumenau &#8211; Blumenau &#8211; SC;<\/span><\/li>\n<li style=\"font-weight: 400\"><span style=\"font-weight: 400\">Est\u00e1gio em Vendas &#8211; Canoas &#8211; RS;<\/span><\/li>\n<li style=\"font-weight: 400\"><span style=\"font-weight: 400\">Qu\u00edmico &#8211; Cubat\u00e3o &#8211; SP;<\/span><\/li>\n<li style=\"font-weight: 400\"><span style=\"font-weight: 400\">Supervisor de Opera\u00e7\u00f5es &#8211; Cubat\u00e3o &#8211; SP.<\/span><\/li>\n<\/ul>\n<figure id=\"attachment_42208\" aria-describedby=\"caption-attachment-42208\" style=\"width: 1200px\" class=\"wp-caption aligncenter\"><img decoding=\"async\" class=\"size-full wp-image-42208\" src=\"https:\/\/99empregos.com.br\/blog\/wp-content\/uploads\/2023\/08\/messer-vagas-2023.jpg\" alt=\"A Messer Gases est\u00e1 com novas vagas de emprego, confira aqui. Foto: Reprodu\u00e7\u00e3o\" width=\"1200\" height=\"650\" srcset=\"https:\/\/99empregos.com.br\/blog\/wp-content\/uploads\/2023\/08\/messer-vagas-2023.jpg 1200w, https:\/\/99empregos.com.br\/blog\/wp-content\/uploads\/2023\/08\/messer-vagas-2023-300x163.jpg 300w, https:\/\/99empregos.com.br\/blog\/wp-content\/uploads\/2023\/08\/messer-vagas-2023-1024x555.jpg 1024w, https:\/\/99empregos.com.br\/blog\/wp-content\/uploads\/2023\/08\/messer-vagas-2023-768x416.jpg 768w\" sizes=\"(max-width: 1200px) 100vw, 1200px\" \/><figcaption id=\"caption-attachment-42208\" class=\"wp-caption-text\">A Messer Gases est\u00e1 com novas vagas de emprego, confira aqui. Foto: Reprodu\u00e7\u00e3o<\/figcaption><\/figure>\n<h3>Mais informa\u00e7\u00f5es sobre a Messer Gases Brasil<\/h3>\n<p>A Messer Gases \u00e9 a maior empresa de capital fechado do segmento de gases do mundo! Somos Tetracampe\u00e3 na certifica\u00e7\u00e3o Great Place to Work, melhor ind\u00fastria para se trabalhar em Barueri e regi\u00e3o, reconhecida pelo terceiro ano consecutivo como a mais inovadora do segmento de gases (Pr\u00eamio Valor Inova\u00e7\u00e3o), Pr\u00eamio Prata na categoria melhor opera\u00e7\u00e3o B2B em atendimento (Revista Clientes S.A.) e destaque no anu\u00e1rio \u00c9poca Neg\u00f3cios 360\u00ba.<\/p>\n<h3>Como se candidatar \u00e0s vagas de emprego na Messer Gases?<\/h3>\n<p>Se voc\u00ea encontrou uma oportunidade de emprego que se encaixa nas suas pretens\u00f5es, <strong><span style=\"text-decoration: underline\"><a href=\"https:\/\/99empregos.com.br\/vaga\/messes-gases-abre-novas-vagas-de-emprego-confira-aqui\/\">CLIQUE AQUI NESTE LINK<\/a><\/span><\/strong> para enviar o seu curr\u00edculo agora mesmo. Antes de efetivar a sua inscri\u00e7\u00e3o, n\u00e3o se esque\u00e7a de conferir todos os dados cadastrais e informa\u00e7\u00f5es presentes no seu curr\u00edculo. A equipe do 123 Empregos deseja a voc\u00ea uma boa sorte!<\/p>\n<\/div>\n<\/div>\n<\/div>\n<\/div>\n<\/div>\n<\/div>\n","protected":false},"excerpt":{"rendered":"<p>A Messer Gases acabou de anunciar a nova abertura de vagas de emprego em sua equipe para o m\u00eas de agosto de 2023. Conhecida como uma empresa l\u00edder no setor de gases industriais e medicinais, a Messer busca profissionais comprometidos e apaixonados por tecnologia e inova\u00e7\u00e3o. Esta \u00e9 uma chance \u00fanica para fazer parte de [&hellip;]<\/p>\n","protected":false},"author":8,"featured_media":42209,"comment_status":"open","ping_status":"closed","sticky":false,"template":"","format":"standard","meta":{"footnotes":""},"categories":[7],"tags":[1544,5,734,3255,37],"class_list":["post-42206","post","type-post","status-publish","format-standard","has-post-thumbnail","hentry","category-noticias","tag-1544","tag-empregos","tag-novas-vagas","tag-salarios-hoje","tag-vagas"],"_links":{"self":[{"href":"https:\/\/99empregos.com.br\/blog\/wp-json\/wp\/v2\/posts\/42206","targetHints":{"allow":["GET"]}}],"collection":[{"href":"https:\/\/99empregos.com.br\/blog\/wp-json\/wp\/v2\/posts"}],"about":[{"href":"https:\/\/99empregos.com.br\/blog\/wp-json\/wp\/v2\/types\/post"}],"author":[{"embeddable":true,"href":"https:\/\/99empregos.com.br\/blog\/wp-json\/wp\/v2\/users\/8"}],"replies":[{"embeddable":true,"href":"https:\/\/99empregos.com.br\/blog\/wp-json\/wp\/v2\/comments?post=42206"}],"version-history":[{"count":0,"href":"https:\/\/99empregos.com.br\/blog\/wp-json\/wp\/v2\/posts\/42206\/revisions"}],"wp:featuredmedia":[{"embeddable":true,"href":"https:\/\/99empregos.com.br\/blog\/wp-json\/wp\/v2\/media\/42209"}],"wp:attachment":[{"href":"https:\/\/99empregos.com.br\/blog\/wp-json\/wp\/v2\/media?parent=42206"}],"wp:term":[{"taxonomy":"category","embeddable":true,"href":"https:\/\/99empregos.com.br\/blog\/wp-json\/wp\/v2\/categories?post=42206"},{"taxonomy":"post_tag","embeddable":true,"href":"https:\/\/99empregos.com.br\/blog\/wp-json\/wp\/v2\/tags?post=42206"}],"curies":[{"name":"wp","href":"https:\/\/api.w.org\/{rel}","templated":true}]}}