{"id":42318,"date":"2023-08-02T10:58:24","date_gmt":"2023-08-02T13:58:24","guid":{"rendered":"https:\/\/123empregos.com.br\/?p=42318"},"modified":"2023-08-02T10:58:24","modified_gmt":"2023-08-02T13:58:24","slug":"empregos-no-setor-imobiliario-cyrela-abre-novas-vagas-confira-aqui","status":"publish","type":"post","link":"https:\/\/99empregos.com.br\/blog\/empregos-no-setor-imobiliario-cyrela-abre-novas-vagas-confira-aqui\/","title":{"rendered":"EMPREGOS NO SETOR IMOBILI\u00c1RIO: Cyrela abre novas vagas, confira aqui!"},"content":{"rendered":"<div class=\"group w-full text-gray-800 dark:text-gray-100 border-b border-black\/10 dark:border-gray-900\/50 bg-gray-50 dark:bg-[#444654]\">\n<div class=\"flex p-4 gap-4 text-base md:gap-6 md:max-w-2xl lg:max-w-[38rem] xl:max-w-3xl md:py-6 lg:px-0 m-auto\">\n<div class=\"relative flex w-[calc(100%-50px)] flex-col gap-1 md:gap-3 lg:w-[calc(100%-115px)]\">\n<div class=\"flex flex-grow flex-col gap-3\">\n<div class=\"min-h-[20px] flex items-start overflow-x-auto whitespace-pre-wrap break-words\">\n<div class=\"result-streaming markdown prose w-full break-words dark:prose-invert light\">\n<p>A Cyrela Plurall, uma das principais empresas do setor imobili\u00e1rio no pa\u00eds, acabou de anunciar a <span style=\"text-decoration: underline\"><a href=\"https:\/\/99empregos.com.br\/vaga\/grupo-seb-abre-novas-vagas-de-emprego-confira-as-chances\/\">abertura de novas oportunidades<\/a><\/span> de emprego para profissionais talentosos que buscam empregos na \u00e1rea. Com uma s\u00f3lida trajet\u00f3ria de sucesso, a Cyrela quer agregar novos membros \u00e0 sua equipe, que compartilhem dos valores de inova\u00e7\u00e3o, comprometimento e \u00e9tica que regem a empresa. As vagas abrangem diversas \u00e1reas, confira a lista completa de oportunidades logo abaixo:<\/p>\n<ul>\n<li style=\"font-weight: 400\"><span style=\"font-weight: 400\">Exclusiva para PCD &#8211; Banco de talentos | Vagas para Obra &#8211; S\u00e3o Paulo &#8211; SP;<\/span><\/li>\n<li style=\"font-weight: 400\"><span style=\"font-weight: 400\">Exclusiva para PCD &#8211; Banco de talentos | Vagas para o escrit\u00f3rio &#8211; S\u00e3o Paulo &#8211; SP;<\/span><\/li>\n<li style=\"font-weight: 400\"><span style=\"font-weight: 400\">Posi\u00e7\u00e3o afirmativa de PCD &#8211; Analista de PDV Jr. (Living) &#8211; S\u00e3o Paulo &#8211; SP;<\/span><\/li>\n<li style=\"font-weight: 400\"><span style=\"font-weight: 400\">Posi\u00e7\u00e3o afirmativa para PCD &#8211; Administrativo de Obra &#8211; Rio de Janeiro &#8211; RJ;<\/span><\/li>\n<li style=\"font-weight: 400\"><span style=\"font-weight: 400\">Posi\u00e7\u00e3o afirmativa para PCD &#8211; Analista de Assist\u00eancia T\u00e9cnica J\u00fanior &#8211; S\u00e3o Paulo &#8211; SP;<\/span><\/li>\n<li style=\"font-weight: 400\"><span style=\"font-weight: 400\">Posi\u00e7\u00e3o afirmativa para PCD &#8211; Analista de MIS Jr. | Relacionamento com o cliente &#8211; S\u00e3o Paulo &#8211; SP;<\/span><\/li>\n<li style=\"font-weight: 400\"><span style=\"font-weight: 400\">Posi\u00e7\u00e3o afirmativa para PCD &#8211; Assistente Administrativo &#8211; S\u00e3o Paulo &#8211; SP;<\/span><\/li>\n<li style=\"font-weight: 400\"><span style=\"font-weight: 400\">Posi\u00e7\u00e3o afirmativa para PCD &#8211; Assistente administrativo de Cobran\u00e7a &#8211; S\u00e3o Paulo &#8211; SP;<\/span><\/li>\n<li style=\"font-weight: 400\"><span style=\"font-weight: 400\">Posi\u00e7\u00e3o afirmativa para PCD &#8211; Assistente Administrativo de Repasse &#8211; S\u00e3o Paulo &#8211; SP;<\/span><\/li>\n<li style=\"font-weight: 400\"><span style=\"font-weight: 400\">Posi\u00e7\u00e3o afirmativa para PCD &#8211; Assistente de Relacionamento com o Cliente &#8211; S\u00e3o Paulo &#8211; SP;<\/span><\/li>\n<li style=\"font-weight: 400\"><span style=\"font-weight: 400\">Posi\u00e7\u00e3o afirmativa para PCD &#8211; Auxiliar Cont\u00e1bil &#8211; S\u00e3o Paulo &#8211; SP;<\/span><\/li>\n<li style=\"font-weight: 400\"><span style=\"font-weight: 400\">Posi\u00e7\u00e3o afirmativa para PCD &#8211; Auxiliar Financeiro &#8211; Rio de Janeiro &#8211; RJ;<\/span><\/li>\n<li style=\"font-weight: 400\"><span style=\"font-weight: 400\">Posi\u00e7\u00e3o afirmativa para PCD &#8211; Comprador(a) Jr. &#8211; Assist\u00eancia T\u00e9cnica &#8211; S\u00e3o Paulo &#8211; SP;<\/span><\/li>\n<li style=\"font-weight: 400\"><span style=\"font-weight: 400\">Posi\u00e7\u00e3o afirmativa para PCD &#8211; Engenheiro(a) de Instala\u00e7\u00f5es &#8211; S\u00e3o Paulo &#8211; SP;<\/span><\/li>\n<li style=\"font-weight: 400\"><span style=\"font-weight: 400\">Posi\u00e7\u00e3o afirmativa para PCD &#8211; Est\u00e1gio em projetos internos (El\u00e9trica) &#8211; S\u00e3o Paulo &#8211; SP;<\/span><\/li>\n<li style=\"font-weight: 400\"><span style=\"font-weight: 400\">Posi\u00e7\u00e3o afirmativa para PCD &#8211; Operacional de Obra &#8211; Rio de Janeiro &#8211; RJ;<\/span><\/li>\n<li style=\"font-weight: 400\"><span style=\"font-weight: 400\">Posi\u00e7\u00e3o Afirmativa para Pessoas com Defici\u00eancia | Assistente Administrativo de Obra &#8211; S\u00e3o Paulo &#8211; SP.<\/span><\/li>\n<\/ul>\n<figure id=\"attachment_42320\" aria-describedby=\"caption-attachment-42320\" style=\"width: 1200px\" class=\"wp-caption aligncenter\"><img decoding=\"async\" class=\"size-full wp-image-42320\" src=\"https:\/\/99empregos.com.br\/blog\/wp-content\/uploads\/2023\/08\/cyrela-vagas-2023.jpg\" alt=\"A Cyrela est\u00e1 com novas vagas de emprego, candidate-se aqui. Foto: Reprodu\u00e7\u00e3o\" width=\"1200\" height=\"675\" srcset=\"https:\/\/99empregos.com.br\/blog\/wp-content\/uploads\/2023\/08\/cyrela-vagas-2023.jpg 1200w, https:\/\/99empregos.com.br\/blog\/wp-content\/uploads\/2023\/08\/cyrela-vagas-2023-300x169.jpg 300w, https:\/\/99empregos.com.br\/blog\/wp-content\/uploads\/2023\/08\/cyrela-vagas-2023-1024x576.jpg 1024w, https:\/\/99empregos.com.br\/blog\/wp-content\/uploads\/2023\/08\/cyrela-vagas-2023-768x432.jpg 768w\" sizes=\"(max-width: 1200px) 100vw, 1200px\" \/><figcaption id=\"caption-attachment-42320\" class=\"wp-caption-text\">A Cyrela est\u00e1 com novas vagas de emprego, candidate-se aqui. Foto: Reprodu\u00e7\u00e3o<\/figcaption><\/figure>\n<h3>Mais informa\u00e7\u00f5es sobre a Cyrela<\/h3>\n<p>Somos uma das empresas mais admiradas do setor imobili\u00e1rio no Brasil. Aqui na Cyrela s\u00e3o as pessoas que fazem a plataforma de neg\u00f3cios acontecer. Somos colaborativos, inquietos, firmes e inovadores. Gostamos de contar hist\u00f3rias do bem e mostramos o lado humano de tudo que fazemos. Aqui temos vontade, coragem e curiosidade para ir al\u00e9m &#8211; em nossos neg\u00f3cios, projetos e rela\u00e7\u00f5es. Somos empenhados por transformar e fazer acontecer. Multiplicamos nossas conquistas, e ao mesmo tempo queremos e podemos evoluir sempre.<\/p>\n<h3>Como se candidatar \u00e0s vagas de emprego na Cyrela?<\/h3>\n<p>Se voc\u00ea encontrou aquela vaga de emprego que tanto procurava, <strong><span style=\"text-decoration: underline\"><a href=\"https:\/\/99empregos.com.br\/vaga\/cyrela-abre-novas-vagas-de-emprego-confira-aqui\/\">CLIQUE AQUI<\/a><\/span><\/strong> e envie o seu curr\u00edculo para participar agora mesmo do processo seletivo da empresa. Antes de confirmar a sua inscri\u00e7\u00e3o, confira se os dados apresentados no curr\u00edculos est\u00e3o atualizados, como e-mail, n\u00famero de telefone e endere\u00e7o residencial. A equipe do 123 Empregos deseja a voc\u00ea uma boa sorte!<\/p>\n<\/div>\n<\/div>\n<\/div>\n<\/div>\n<\/div>\n<\/div>\n","protected":false},"excerpt":{"rendered":"<p>A Cyrela Plurall, uma das principais empresas do setor imobili\u00e1rio no pa\u00eds, acabou de anunciar a abertura de novas oportunidades de emprego para profissionais talentosos que buscam empregos na \u00e1rea. Com uma s\u00f3lida trajet\u00f3ria de sucesso, a Cyrela quer agregar novos membros \u00e0 sua equipe, que compartilhem dos valores de inova\u00e7\u00e3o, comprometimento e \u00e9tica que [&hellip;]<\/p>\n","protected":false},"author":8,"featured_media":42322,"comment_status":"open","ping_status":"closed","sticky":false,"template":"","format":"standard","meta":{"footnotes":""},"categories":[7],"tags":[1544,5,734,3255,37],"class_list":["post-42318","post","type-post","status-publish","format-standard","has-post-thumbnail","hentry","category-noticias","tag-1544","tag-empregos","tag-novas-vagas","tag-salarios-hoje","tag-vagas"],"_links":{"self":[{"href":"https:\/\/99empregos.com.br\/blog\/wp-json\/wp\/v2\/posts\/42318","targetHints":{"allow":["GET"]}}],"collection":[{"href":"https:\/\/99empregos.com.br\/blog\/wp-json\/wp\/v2\/posts"}],"about":[{"href":"https:\/\/99empregos.com.br\/blog\/wp-json\/wp\/v2\/types\/post"}],"author":[{"embeddable":true,"href":"https:\/\/99empregos.com.br\/blog\/wp-json\/wp\/v2\/users\/8"}],"replies":[{"embeddable":true,"href":"https:\/\/99empregos.com.br\/blog\/wp-json\/wp\/v2\/comments?post=42318"}],"version-history":[{"count":0,"href":"https:\/\/99empregos.com.br\/blog\/wp-json\/wp\/v2\/posts\/42318\/revisions"}],"wp:featuredmedia":[{"embeddable":true,"href":"https:\/\/99empregos.com.br\/blog\/wp-json\/wp\/v2\/media\/42322"}],"wp:attachment":[{"href":"https:\/\/99empregos.com.br\/blog\/wp-json\/wp\/v2\/media?parent=42318"}],"wp:term":[{"taxonomy":"category","embeddable":true,"href":"https:\/\/99empregos.com.br\/blog\/wp-json\/wp\/v2\/categories?post=42318"},{"taxonomy":"post_tag","embeddable":true,"href":"https:\/\/99empregos.com.br\/blog\/wp-json\/wp\/v2\/tags?post=42318"}],"curies":[{"name":"wp","href":"https:\/\/api.w.org\/{rel}","templated":true}]}}