{"id":42324,"date":"2023-08-02T11:03:20","date_gmt":"2023-08-02T14:03:20","guid":{"rendered":"https:\/\/123empregos.com.br\/?p=42324"},"modified":"2023-08-02T11:03:20","modified_gmt":"2023-08-02T14:03:20","slug":"otimos-salarios-ate-r63-mil-por-mes-claretiano-abre-novas-vagas-de-emprego-confira-aqui","status":"publish","type":"post","link":"https:\/\/99empregos.com.br\/blog\/otimos-salarios-ate-r63-mil-por-mes-claretiano-abre-novas-vagas-de-emprego-confira-aqui\/","title":{"rendered":"\u00d3TIMOS SAL\u00c1RIOS, AT\u00c9 R$6,3 MIL POR M\u00caS: Claretiano abre novas vagas de emprego, confira aqui"},"content":{"rendered":"<div class=\"group w-full text-gray-800 dark:text-gray-100 border-b border-black\/10 dark:border-gray-900\/50 bg-gray-50 dark:bg-[#444654]\">\n<div class=\"flex p-4 gap-4 text-base md:gap-6 md:max-w-2xl lg:max-w-[38rem] xl:max-w-3xl md:py-6 lg:px-0 m-auto\">\n<div class=\"relative flex w-[calc(100%-50px)] flex-col gap-1 md:gap-3 lg:w-[calc(100%-115px)]\">\n<div class=\"flex flex-grow flex-col gap-3\">\n<div class=\"min-h-[20px] flex items-start overflow-x-auto whitespace-pre-wrap break-words\">\n<div class=\"markdown prose w-full break-words dark:prose-invert light\">\n<p>A <a href=\"https:\/\/www.claretiano.edu.br\/\" target=\"_blank\" rel=\"noopener\">Claretiano<\/a>, institui\u00e7\u00e3o de ensino superior reconhecida por sua excel\u00eancia acad\u00eamica, est\u00e1 anunciando a abertura de <span style=\"text-decoration: underline\"><a href=\"https:\/\/99empregos.com.br\/vaga\/grupo-bip-brasil-abre-novas-vagas-de-emprego-confira-aqui\/\">novas vagas de emprego<\/a><\/span>. As oportunidades abrangem diferentes \u00e1reas, como doc\u00eancia, coordena\u00e7\u00e3o acad\u00eamica, suporte administrativo e tecnologia educacional. Os candidatos ter\u00e3o a chance de fazer parte de uma institui\u00e7\u00e3o que valoriza a inova\u00e7\u00e3o, o desenvolvimento profissional e a dedica\u00e7\u00e3o ao ensino de qualidade. Antes de se candidatar, confira abaixo a lista completa de vagas:<\/p>\n<ul>\n<li style=\"font-weight: 400\"><span style=\"font-weight: 400\">Banco de Talentos Docentes \u2013 Gradua\u00e7\u00e3o &#8211; Centro Universit\u00e1rio de Rio Claro &#8211; Rio Claro;<\/span><\/li>\n<li style=\"font-weight: 400\"><span style=\"font-weight: 400\">Banco de Talentos Docentes \u2013 Gradua\u00e7\u00e3o &#8211; Centro Universit\u00e1rio &#8211; Educa\u00e7\u00e3o Digital &#8211; Batatais;<\/span><\/li>\n<li style=\"font-weight: 400\"><span style=\"font-weight: 400\">Banco de Talentos Docentes \u2013 Gradua\u00e7\u00e3o &#8211; Faculdade de Boa Vista &#8211; Boa Vista &#8211; RR;<\/span><\/li>\n<li style=\"font-weight: 400\"><span style=\"font-weight: 400\">Banco de Talentos &#8211; Exclusivo para Pessoas com Defici\u00eancia &#8211; Banco de talentos;<\/span><\/li>\n<li style=\"font-weight: 400\"><span style=\"font-weight: 400\">Banco de Talentos para atua\u00e7\u00e3o nas \u00e1reas administrativas de todo Brasil &#8211; Banco de talentos;<\/span><\/li>\n<li style=\"font-weight: 400\"><span style=\"font-weight: 400\">Banco de Talentos &#8211; Professor de 2\u00ba a 5\u00ba ano &#8211; Ensino Fundamental &#8211; Col\u00e9gio de Rio Claro &#8211; Rio Claro &#8211; SP;<\/span><\/li>\n<li style=\"font-weight: 400\"><span style=\"font-weight: 400\">Banco de Talentos &#8211; Professor de Biologia &#8211; Col\u00e9gio S\u00e3o Jos\u00e9 &#8211; Batatais &#8211; SP;<\/span><\/li>\n<li style=\"font-weight: 400\"><span style=\"font-weight: 400\">Banco de Talentos &#8211; Professor de F\u00edsica &#8211; Centro Educacional Stella Maris &#8211; Bras\u00edlia;<\/span><\/li>\n<li style=\"font-weight: 400\"><span style=\"font-weight: 400\">Banco de Talentos &#8211; Professor de F\u00edsica &#8211; Col\u00e9gio S\u00e3o Jos\u00e9 &#8211; Batatais &#8211; SP;<\/span><\/li>\n<li style=\"font-weight: 400\"><span style=\"font-weight: 400\">Banco de Talentos &#8211; Professor de Hist\u00f3ria &#8211; Col\u00e9gio S\u00e3o Jos\u00e9 &#8211; Batatais &#8211; SP;<\/span><\/li>\n<li style=\"font-weight: 400\"><span style=\"font-weight: 400\">Banco de Talentos &#8211; Professor de ingl\u00eas &#8211; Centro Educacional Stella Maris;<\/span><\/li>\n<li style=\"font-weight: 400\"><span style=\"font-weight: 400\">Banco de Talentos &#8211; Professor de Ingl\u00eas &#8211; Col\u00e9gio Boa Vista &#8211; Boa Vista &#8211; RR;<\/span><\/li>\n<li style=\"font-weight: 400\"><span style=\"font-weight: 400\">Banco de Talentos &#8211; Professor de L\u00edngua Portuguesa Centro Educacional Stella Maris &#8211; Bras\u00edlia;<\/span><\/li>\n<li style=\"font-weight: 400\"><span style=\"font-weight: 400\">Banco de Talentos &#8211; Professor de Qu\u00edmica &#8211; Col\u00e9gio S\u00e3o Jos\u00e9 &#8211; Batatais &#8211; SP;<\/span><\/li>\n<li style=\"font-weight: 400\"><span style=\"font-weight: 400\">Banco de Talentos &#8211; Supervisor de Polo (Polos) &#8211; Banco de talentos<\/span><\/li>\n<li style=\"font-weight: 400\"><span style=\"font-weight: 400\">Programa Jovem Aprendiz Claretiano &#8211; 2023 &#8211; Segundo Semestre &#8211; Batatais &#8211; Aprendiz;<\/span><\/li>\n<li style=\"font-weight: 400\"><span style=\"font-weight: 400\">Vaga &#8211; Administrador de Banco de Dados &#8211; Centro Universit\u00e1rio &#8211; Batatais &#8211; Banco de talentos;<\/span><\/li>\n<li style=\"font-weight: 400\"><span style=\"font-weight: 400\">Vaga &#8211; Assistente Administrativo &#8211; Col\u00e9gio de Belo Horizonte &#8211; Belo Horizonte &#8211; MG;<\/span><\/li>\n<li style=\"font-weight: 400\"><span style=\"font-weight: 400\">Vaga &#8211; Assistente de Atendimento e Relacionamento &#8211; Col\u00e9gio A Fazendinha &#8211; Marab\u00e1\/PA.<\/span><\/li>\n<\/ul>\n<figure id=\"attachment_42327\" aria-describedby=\"caption-attachment-42327\" style=\"width: 1200px\" class=\"wp-caption aligncenter\"><img decoding=\"async\" class=\"size-full wp-image-42327\" src=\"https:\/\/99empregos.com.br\/blog\/wp-content\/uploads\/2023\/08\/claretiano-vagas-2023.jpg\" alt=\"A Claretiano est\u00e1 com novas vagas de emprego, confira as oportunidades. Foto: Reprodu\u00e7\u00e3o\" width=\"1200\" height=\"675\" srcset=\"https:\/\/99empregos.com.br\/blog\/wp-content\/uploads\/2023\/08\/claretiano-vagas-2023.jpg 1200w, https:\/\/99empregos.com.br\/blog\/wp-content\/uploads\/2023\/08\/claretiano-vagas-2023-300x169.jpg 300w, https:\/\/99empregos.com.br\/blog\/wp-content\/uploads\/2023\/08\/claretiano-vagas-2023-1024x576.jpg 1024w, https:\/\/99empregos.com.br\/blog\/wp-content\/uploads\/2023\/08\/claretiano-vagas-2023-768x432.jpg 768w\" sizes=\"(max-width: 1200px) 100vw, 1200px\" \/><figcaption id=\"caption-attachment-42327\" class=\"wp-caption-text\">A Claretiano est\u00e1 com novas vagas de emprego, confira as oportunidades. Foto: Reprodu\u00e7\u00e3o<\/figcaption><\/figure>\n<h3>Mais informa\u00e7\u00f5es sobre a Claretiano<\/h3>\n<p>Somos o Claretiano \u2013 Rede de Educa\u00e7\u00e3o, uma institui\u00e7\u00e3o que valoriza o ser humano, a sociedade e sua cultura, e que transmite valores crist\u00e3os atrav\u00e9s da educa\u00e7\u00e3o, valores estes amparados pela investiga\u00e7\u00e3o da verdade, com ensino focado na pessoa, na \u00e9tica e na cidadania. Estamos presentes em todas as unidades federativas do pa\u00eds, ofertando educa\u00e7\u00e3o de qualidade na Educa\u00e7\u00e3o B\u00e1sica e no Ensino Superior.<\/p>\n<h3>Como enviar o meu curr\u00edculo para a Claretiano?<\/h3>\n<p>Se voc\u00ea encontrou aquela vaga de emprego que tanto procurava, <strong><span style=\"text-decoration: underline\"><a href=\"https:\/\/99empregos.com.br\/vaga\/claretiano-abre-novas-vagas-de-emprego-confira\/\">CLIQUE AQUI<\/a><\/span><\/strong> e envie o seu curr\u00edculo para participar agora mesmo do processo seletivo da empresa. Antes de confirmar a sua inscri\u00e7\u00e3o, confira se os dados apresentados no curr\u00edculos est\u00e3o atualizados, como e-mail, n\u00famero de telefone e endere\u00e7o residencial. A equipe do 123 Empregos deseja a voc\u00ea uma boa sorte!<\/p>\n<\/div>\n<\/div>\n<\/div>\n<\/div>\n<\/div>\n<\/div>\n","protected":false},"excerpt":{"rendered":"<p>A Claretiano, institui\u00e7\u00e3o de ensino superior reconhecida por sua excel\u00eancia acad\u00eamica, est\u00e1 anunciando a abertura de novas vagas de emprego. As oportunidades abrangem diferentes \u00e1reas, como doc\u00eancia, coordena\u00e7\u00e3o acad\u00eamica, suporte administrativo e tecnologia educacional. Os candidatos ter\u00e3o a chance de fazer parte de uma institui\u00e7\u00e3o que valoriza a inova\u00e7\u00e3o, o desenvolvimento profissional e a dedica\u00e7\u00e3o [&hellip;]<\/p>\n","protected":false},"author":8,"featured_media":42328,"comment_status":"open","ping_status":"closed","sticky":false,"template":"","format":"standard","meta":{"footnotes":""},"categories":[7],"tags":[1544,5,2500,3251,37],"class_list":["post-42324","post","type-post","status-publish","format-standard","has-post-thumbnail","hentry","category-noticias","tag-1544","tag-empregos","tag-empregos-hoje","tag-salarios","tag-vagas"],"_links":{"self":[{"href":"https:\/\/99empregos.com.br\/blog\/wp-json\/wp\/v2\/posts\/42324","targetHints":{"allow":["GET"]}}],"collection":[{"href":"https:\/\/99empregos.com.br\/blog\/wp-json\/wp\/v2\/posts"}],"about":[{"href":"https:\/\/99empregos.com.br\/blog\/wp-json\/wp\/v2\/types\/post"}],"author":[{"embeddable":true,"href":"https:\/\/99empregos.com.br\/blog\/wp-json\/wp\/v2\/users\/8"}],"replies":[{"embeddable":true,"href":"https:\/\/99empregos.com.br\/blog\/wp-json\/wp\/v2\/comments?post=42324"}],"version-history":[{"count":0,"href":"https:\/\/99empregos.com.br\/blog\/wp-json\/wp\/v2\/posts\/42324\/revisions"}],"wp:featuredmedia":[{"embeddable":true,"href":"https:\/\/99empregos.com.br\/blog\/wp-json\/wp\/v2\/media\/42328"}],"wp:attachment":[{"href":"https:\/\/99empregos.com.br\/blog\/wp-json\/wp\/v2\/media?parent=42324"}],"wp:term":[{"taxonomy":"category","embeddable":true,"href":"https:\/\/99empregos.com.br\/blog\/wp-json\/wp\/v2\/categories?post=42324"},{"taxonomy":"post_tag","embeddable":true,"href":"https:\/\/99empregos.com.br\/blog\/wp-json\/wp\/v2\/tags?post=42324"}],"curies":[{"name":"wp","href":"https:\/\/api.w.org\/{rel}","templated":true}]}}