{"id":42330,"date":"2023-08-02T11:09:39","date_gmt":"2023-08-02T14:09:39","guid":{"rendered":"https:\/\/123empregos.com.br\/?p=42330"},"modified":"2025-04-30T16:10:04","modified_gmt":"2025-04-30T19:10:04","slug":"vagas-em-marketing-analise-de-credito-e-muito-mais-bild-abre-lista-com-oportunidades-de-emprego-confira-aqui","status":"publish","type":"post","link":"https:\/\/99empregos.com.br\/blog\/vagas-em-marketing-analise-de-credito-e-muito-mais-bild-abre-lista-com-oportunidades-de-emprego-confira-aqui\/","title":{"rendered":"Vagas em marketing, an\u00e1lise de cr\u00e9dito e muito mais: Bild abre lista com oportunidades de emprego, confira aqui!"},"content":{"rendered":"<div class=\"group w-full text-gray-800 dark:text-gray-100 border-b border-black\/10 dark:border-gray-900\/50 bg-gray-50 dark:bg-[#444654]\">\n<div class=\"flex p-4 gap-4 text-base md:gap-6 md:max-w-2xl lg:max-w-[38rem] xl:max-w-3xl md:py-6 lg:px-0 m-auto\">\n<div class=\"relative flex w-[calc(100%-50px)] flex-col gap-1 md:gap-3 lg:w-[calc(100%-115px)]\">\n<div class=\"flex flex-grow flex-col gap-3\">\n<div class=\"min-h-[20px] flex items-start overflow-x-auto whitespace-pre-wrap break-words\">\n<div class=\"markdown prose w-full break-words dark:prose-invert light\">\n<p>A <a href=\"https:\/\/bild.com.br\/\" target=\"_blank\" rel=\"noopener\">Bild<\/a>, uma das mais conceituadas empresas do ramo da constru\u00e7\u00e3o civil e incorpora\u00e7\u00e3o, tem o prazer de anunciar a abertura de<span style=\"text-decoration: underline\"><a href=\"https:\/\/99empregos.com.br\/vaga\/tam-abre-novas-vagas-de-emprego-confira-aqui\/\"> novas vagas de emprego<\/a><\/span> para compor a sua equipe. As oportunidades abrangem diferentes \u00e1reas, desde engenharia e arquitetura at\u00e9 marketing e atendimento ao cliente, oferecendo um ambiente de trabalho estimulante e com oportunidades de crescimento profissional. Os interessados podem conferir abaixo a lista completa de vagas:<\/p>\n<ul>\n<li style=\"font-weight: 400\"><span style=\"font-weight: 400\">Almoxarife &#8211; Franca &#8211; SP;<\/span><\/li>\n<li style=\"font-weight: 400\"><span style=\"font-weight: 400\">Analista Administrativo SAE &#8211; Ribeir\u00e3o Preto &#8211; SP;<\/span><\/li>\n<li style=\"font-weight: 400\"><span style=\"font-weight: 400\">Analista Assist\u00eancia T\u00e9cnica &#8211; Ribeir\u00e3o Preto &#8211; SP;<\/span><\/li>\n<li style=\"font-weight: 400\"><span style=\"font-weight: 400\">Analista Cont\u00e1bil &#8211; Ribeir\u00e3o Preto &#8211; SP;<\/span><\/li>\n<li style=\"font-weight: 400\"><span style=\"font-weight: 400\">Analista Cr\u00e9dito Imobili\u00e1rio &#8211; Ribeir\u00e3o Preto &#8211; SP;<\/span><\/li>\n<li style=\"font-weight: 400\"><span style=\"font-weight: 400\">Analista de Incorpora\u00e7\u00e3o &#8211; Londrina;<\/span><\/li>\n<li style=\"font-weight: 400\"><span style=\"font-weight: 400\">Analista de Suprimentos &#8211; Uberl\u00e2ndia &#8211; MG;<\/span><\/li>\n<li style=\"font-weight: 400\"><span style=\"font-weight: 400\">Analista Fiscal &#8211; Ribeir\u00e3o Preto &#8211; SP;<\/span><\/li>\n<li style=\"font-weight: 400\"><span style=\"font-weight: 400\">Analista Fiscal &#8211; Ribeir\u00e3o Preto &#8211; SP;<\/span><\/li>\n<li style=\"font-weight: 400\"><span style=\"font-weight: 400\">Analista Suprimentos &#8211; Ribeir\u00e3o Preto &#8211; SP;<\/span><\/li>\n<li style=\"font-weight: 400\"><span style=\"font-weight: 400\">Analista Trade Marketing &#8211; Ribeir\u00e3o Preto &#8211; SP;<\/span><\/li>\n<li style=\"font-weight: 400\"><span style=\"font-weight: 400\">Assistente Administrativo &#8211; Uberl\u00e2ndia &#8211; MG;<\/span><\/li>\n<li style=\"font-weight: 400\"><span style=\"font-weight: 400\">Assistente Comercial &#8211; Piracicaba &#8211; SP;<\/span><\/li>\n<li style=\"font-weight: 400\"><span style=\"font-weight: 400\">Assistente de Cr\u00e9dito Imobili\u00e1rio Mar\u00edlia &#8211; Mar\u00edlia &#8211; SP;<\/span><\/li>\n<li style=\"font-weight: 400\"><span style=\"font-weight: 400\">Assistente Fiscal &#8211; Ribeir\u00e3o Preto &#8211; SP;<\/span><\/li>\n<li style=\"font-weight: 400\"><span style=\"font-weight: 400\">Assistente Suprimentos &#8211; Ribeir\u00e3o Preto &#8211; SP;<\/span><\/li>\n<li style=\"font-weight: 400\"><span style=\"font-weight: 400\">Assistente T\u00e9cnico Elevador &#8211; Ribeir\u00e3o Preto &#8211; SP;<\/span><\/li>\n<li style=\"font-weight: 400\"><span style=\"font-weight: 400\">Banco de Talentos &#8211; Ribeir\u00e3o Preto &#8211; SP;<\/span><\/li>\n<li style=\"font-weight: 400\"><span style=\"font-weight: 400\">Banco de Talentos &#8211; Engenharia Bild Sorocaba &#8211; Sorocaba &#8211; SP.<\/span><\/li>\n<\/ul>\n<p>&nbsp;<\/p>\n<h3>Mais informa\u00e7\u00f5es sobre a Bild<\/h3>\n<p>O momento de olhar para o novo. O novo jeito de morar, novo jeito de nos relacionar, o novo jeito de viver. N\u00e3o temos medo de tentar, de arriscar e, se erramos, n\u00e3o nos deixamos abalar mas aproveitamos para aprender, assim nos tornamos quem somos. N\u00e3o nos limitamos, a cimento, vidro e a\u00e7o! Temos a honra de acompanhar as transforma\u00e7\u00f5es nas vidas de nossos clientes, de v\u00ea-los conquistando, formando fam\u00edlias, realizando sonhos e evoluindo sempre!<\/p>\n<p>Nossos produtos s\u00e3o o cen\u00e1rio, o ch\u00e3o, o teto para todos esses movimentos, para toda esta vida. Somos orgulhosos de todos que vestem a camisa laranja, adoramos ver nossos colaboradores, crescendo, aprendendo, empreendendo e tendo a felicidade como um valor. Assistimos orgulhosos o crescimento e comprometimento de cada um.<\/p>\n<h3>Como se candidatar \u00e0s vagas de emprego na Bild?<\/h3>\n<p>Se voc\u00ea encontrou aquela vaga de emprego que tanto procurava,<strong><span style=\"text-decoration: underline\"><a href=\"https:\/\/99empregos.com.br\/vaga\/bild-desenvolvimentos-contrata-veja-as-vagas-para-agosto-de-2023\/\"> CLIQUE AQUI<\/a> <\/span><\/strong>e envie o seu curr\u00edculo para participar agora mesmo do processo seletivo da empresa. Antes de confirmar a sua inscri\u00e7\u00e3o, confira se os dados apresentados no curr\u00edculos est\u00e3o atualizados, como e-mail, n\u00famero de telefone e endere\u00e7o residencial. A equipe do 123 Empregos deseja a voc\u00ea uma boa sorte!<\/p>\n<\/div>\n<\/div>\n<\/div>\n<\/div>\n<\/div>\n<\/div>\n","protected":false},"excerpt":{"rendered":"<p>A Bild, uma das mais conceituadas empresas do ramo da constru\u00e7\u00e3o civil e incorpora\u00e7\u00e3o, tem o prazer de anunciar a abertura de novas vagas de emprego para compor a sua equipe. As oportunidades abrangem diferentes \u00e1reas, desde engenharia e arquitetura at\u00e9 marketing e atendimento ao cliente, oferecendo um ambiente de trabalho estimulante e com oportunidades [&hellip;]<\/p>\n","protected":false},"author":8,"featured_media":42333,"comment_status":"open","ping_status":"closed","sticky":false,"template":"","format":"standard","meta":{"footnotes":""},"categories":[7],"tags":[1544,5,734,3255,37],"class_list":["post-42330","post","type-post","status-publish","format-standard","has-post-thumbnail","hentry","category-noticias","tag-1544","tag-empregos","tag-novas-vagas","tag-salarios-hoje","tag-vagas"],"_links":{"self":[{"href":"https:\/\/99empregos.com.br\/blog\/wp-json\/wp\/v2\/posts\/42330","targetHints":{"allow":["GET"]}}],"collection":[{"href":"https:\/\/99empregos.com.br\/blog\/wp-json\/wp\/v2\/posts"}],"about":[{"href":"https:\/\/99empregos.com.br\/blog\/wp-json\/wp\/v2\/types\/post"}],"author":[{"embeddable":true,"href":"https:\/\/99empregos.com.br\/blog\/wp-json\/wp\/v2\/users\/8"}],"replies":[{"embeddable":true,"href":"https:\/\/99empregos.com.br\/blog\/wp-json\/wp\/v2\/comments?post=42330"}],"version-history":[{"count":0,"href":"https:\/\/99empregos.com.br\/blog\/wp-json\/wp\/v2\/posts\/42330\/revisions"}],"wp:featuredmedia":[{"embeddable":true,"href":"https:\/\/99empregos.com.br\/blog\/wp-json\/wp\/v2\/media\/42333"}],"wp:attachment":[{"href":"https:\/\/99empregos.com.br\/blog\/wp-json\/wp\/v2\/media?parent=42330"}],"wp:term":[{"taxonomy":"category","embeddable":true,"href":"https:\/\/99empregos.com.br\/blog\/wp-json\/wp\/v2\/categories?post=42330"},{"taxonomy":"post_tag","embeddable":true,"href":"https:\/\/99empregos.com.br\/blog\/wp-json\/wp\/v2\/tags?post=42330"}],"curies":[{"name":"wp","href":"https:\/\/api.w.org\/{rel}","templated":true}]}}