{"id":42342,"date":"2023-08-02T11:22:27","date_gmt":"2023-08-02T14:22:27","guid":{"rendered":"https:\/\/123empregos.com.br\/?p=42342"},"modified":"2023-08-02T11:22:27","modified_gmt":"2023-08-02T14:22:27","slug":"vagas-abertas-no-setor-de-varejo-amno-contrata-para-o-mes-de-agosto-confira-a-lista","status":"publish","type":"post","link":"https:\/\/99empregos.com.br\/blog\/vagas-abertas-no-setor-de-varejo-amno-contrata-para-o-mes-de-agosto-confira-a-lista\/","title":{"rendered":"VAGAS ABERTAS NO SETOR DE VAREJO: Amno contrata para o m\u00eas de agosto, confira a lista!"},"content":{"rendered":"<div class=\"group w-full text-gray-800 dark:text-gray-100 border-b border-black\/10 dark:border-gray-900\/50 bg-gray-50 dark:bg-[#444654]\">\n<div class=\"flex p-4 gap-4 text-base md:gap-6 md:max-w-2xl lg:max-w-[38rem] xl:max-w-3xl md:py-6 lg:px-0 m-auto\">\n<div class=\"relative flex w-[calc(100%-50px)] flex-col gap-1 md:gap-3 lg:w-[calc(100%-115px)]\">\n<div class=\"flex flex-grow flex-col gap-3\">\n<div class=\"min-h-[20px] flex items-start overflow-x-auto whitespace-pre-wrap break-words\">\n<div class=\"markdown prose w-full break-words dark:prose-invert light\">\n<p>A Amno, conceituada empresa varejista com presen\u00e7a nacional, acabou de anunciar a abertura de <span style=\"text-decoration: underline\"><a href=\"https:\/\/99empregos.com.br\/vaga\/unicesumar-abre-novas-vagas-de-emprego-confira-aqui-as-chances\/\">novas vagas de emprego<\/a><\/span>. Com uma extensa rede de lojas e um portf\u00f3lio diversificado de produtos, a Amno busca atrair talentos que desejam crescer e se desenvolver no setor varejista e t\u00eaxtil. As vagas contemplam diferentes \u00e1reas, confira abaixo a lista completa com todas as oportunidades dispon\u00edveis e as suas respectivas localidades:<\/p>\n<ul>\n<li style=\"font-weight: 400\"><span style=\"font-weight: 400\">Abastecedor (Blumenau\/SC) &#8211; Blumenau &#8211; SC;<\/span><\/li>\n<li style=\"font-weight: 400\"><span style=\"font-weight: 400\">Analista de Customer Service \/ Transportes J\u00fanior &#8211; Vinhedo &#8211; SP;<\/span><\/li>\n<li style=\"font-weight: 400\"><span style=\"font-weight: 400\">Analista de Opera\u00e7\u00f5es do Varejo S\u00eanior &#8211; S\u00e3o Paulo &#8211; SP;<\/span><\/li>\n<li style=\"font-weight: 400\"><span style=\"font-weight: 400\">Assistente de Compras (Vaga afirmativa para Pessoa com Defici\u00eancia &#8211; PcD) &#8211; Vinhedo &#8211; SP;<\/span><\/li>\n<li style=\"font-weight: 400\"><span style=\"font-weight: 400\">Assistente de Escrita Fiscal &#8211; Vinhedo &#8211; SP;<\/span><\/li>\n<li style=\"font-weight: 400\"><span style=\"font-weight: 400\">Assistente Executivo(a) de Opera\u00e7\u00f5es &#8211; S\u00e3o Paulo &#8211; SP;<\/span><\/li>\n<li style=\"font-weight: 400\"><span style=\"font-weight: 400\">Auxiliar de Loja (ARTEX &#8211; BH Shopping) &#8211; Belo Horizonte &#8211; MG;<\/span><\/li>\n<li style=\"font-weight: 400\"><span style=\"font-weight: 400\">Auxiliar de Loja (ARTEX &#8211; Outlet I Fashion Novo Hamburgo) &#8211; Novo Hamburgo &#8211; RS;<\/span><\/li>\n<li style=\"font-weight: 400\"><span style=\"font-weight: 400\">Auxiliar de Loja (ARTEX Shopping P\u00e1tio Paulista) &#8211; S\u00e3o Paulo &#8211; SP;<\/span><\/li>\n<li style=\"font-weight: 400\"><span style=\"font-weight: 400\">Auxiliar de Loja Por Prazo Determinado (Shopping An\u00e1lia Franco) &#8211; S\u00e3o Paulo &#8211; SP;<\/span><\/li>\n<li style=\"font-weight: 400\"><span style=\"font-weight: 400\">Banco de Talentos Tecnologia &#8211; Trabalho Remoto;<\/span><\/li>\n<li style=\"font-weight: 400\"><span style=\"font-weight: 400\">Designer Gr\u00e1fico S\u00eanior &#8211; S\u00e3o Paulo &#8211; SP;<\/span><\/li>\n<li style=\"font-weight: 400\"><span style=\"font-weight: 400\">Gerente de Loja (ARTEX &#8211; Barra Shopping) &#8211; Rio de Janeiro &#8211; RJ;<\/span><\/li>\n<li style=\"font-weight: 400\"><span style=\"font-weight: 400\">Gerente de Loja (ARTEX Shopping P\u00e1tio Paulista) &#8211; S\u00e3o Paulo &#8211; SP;<\/span><\/li>\n<li style=\"font-weight: 400\"><span style=\"font-weight: 400\">Gerente de Loja (mmartan &#8211; City Center Outlet Premium &#8211; Campo Largo) &#8211; Campo Largo &#8211; PR;<\/span><\/li>\n<li style=\"font-weight: 400\"><span style=\"font-weight: 400\">Gerente de Loja (mmartan Joinville Garten Shopping) &#8211; Joinville &#8211; SC;<\/span><\/li>\n<li style=\"font-weight: 400\"><span style=\"font-weight: 400\">Vendedor de Loja (ARTEX Barra Shopping) &#8211; Rio de Janeiro &#8211; RJ.<\/span><\/li>\n<\/ul>\n<figure id=\"attachment_42346\" aria-describedby=\"caption-attachment-42346\" style=\"width: 1200px\" class=\"wp-caption aligncenter\"><img decoding=\"async\" class=\"size-full wp-image-42346\" src=\"https:\/\/99empregos.com.br\/blog\/wp-content\/uploads\/2023\/08\/amno-vagas-2023.jpg\" alt=\"A Amno est\u00e1 com novas vagas de emprego abertas, confira as oportunidades dispon\u00edveis por aqui. Foto: Reprodu\u00e7\u00e3o\" width=\"1200\" height=\"675\" srcset=\"https:\/\/99empregos.com.br\/blog\/wp-content\/uploads\/2023\/08\/amno-vagas-2023.jpg 1200w, https:\/\/99empregos.com.br\/blog\/wp-content\/uploads\/2023\/08\/amno-vagas-2023-300x169.jpg 300w, https:\/\/99empregos.com.br\/blog\/wp-content\/uploads\/2023\/08\/amno-vagas-2023-1024x576.jpg 1024w, https:\/\/99empregos.com.br\/blog\/wp-content\/uploads\/2023\/08\/amno-vagas-2023-768x432.jpg 768w\" sizes=\"(max-width: 1200px) 100vw, 1200px\" \/><figcaption id=\"caption-attachment-42346\" class=\"wp-caption-text\">A Amno est\u00e1 com novas vagas de emprego abertas, confira as oportunidades dispon\u00edveis por aqui. Foto: Reprodu\u00e7\u00e3o<\/figcaption><\/figure>\n<h3>Mais informa\u00e7\u00f5es sobre a Amno<\/h3>\n<p>Somos uma empresa varejista que nasceu da maior ind\u00fastria t\u00eaxtil das Am\u00e9ricas. Nossa miss\u00e3o \u00e9 ser a maior, melhor e mais digital empresa verticalizada, no segmento Lar &amp; Decora\u00e7\u00e3o das Am\u00e9ricas. A ammo \u00e9 formada pela jun\u00e7\u00e3o das marcas: mmartan, ARTEX, casa moys\u00e9s, Santista e Persono, uma marca lan\u00e7ada em 2020 com iniciativas para melhorar a vida das pessoas a partir de um sono de melhor qualidade.<\/p>\n<p>Possu\u00edmos um ecossistema de vendas diversificado, com canais digitais, centros de distribui\u00e7\u00e3o e rede de lojas f\u00edsicas (pr\u00f3prias e franqueadas). Nossas marcas ocupam, pelo 8\u00ba ano consecutivo, as primeiras posi\u00e7\u00f5es do Pr\u00eamio \u00c9poca ReclameAqui, na categoria Cama, Mesa e Banho.<\/p>\n<h3>Como se candidatar \u00e0s vagas na Amno?<\/h3>\n<p>Se voc\u00ea encontrou aquela vaga de emprego que tanto procurava, <strong><span style=\"text-decoration: underline\"><a href=\"https:\/\/99empregos.com.br\/vaga\/amno-abre-novas-vagas-de-emprego-confira-a-lista-completa\/\">CLIQUE AQUI<\/a><\/span><\/strong> e envie o seu curr\u00edculo para participar agora mesmo do processo seletivo da empresa. Antes de confirmar a sua inscri\u00e7\u00e3o, confira se os dados apresentados no curr\u00edculos est\u00e3o atualizados, como e-mail, n\u00famero de telefone e endere\u00e7o residencial. A equipe do 123 Empregos deseja a voc\u00ea uma boa sorte!<\/p>\n<\/div>\n<\/div>\n<\/div>\n<\/div>\n<\/div>\n<\/div>\n","protected":false},"excerpt":{"rendered":"<p>A Amno, conceituada empresa varejista com presen\u00e7a nacional, acabou de anunciar a abertura de novas vagas de emprego. Com uma extensa rede de lojas e um portf\u00f3lio diversificado de produtos, a Amno busca atrair talentos que desejam crescer e se desenvolver no setor varejista e t\u00eaxtil. As vagas contemplam diferentes \u00e1reas, confira abaixo a lista [&hellip;]<\/p>\n","protected":false},"author":8,"featured_media":42347,"comment_status":"open","ping_status":"closed","sticky":false,"template":"","format":"standard","meta":{"footnotes":""},"categories":[7],"tags":[1544,5,2500,734,3251,37],"class_list":["post-42342","post","type-post","status-publish","format-standard","has-post-thumbnail","hentry","category-noticias","tag-1544","tag-empregos","tag-empregos-hoje","tag-novas-vagas","tag-salarios","tag-vagas"],"_links":{"self":[{"href":"https:\/\/99empregos.com.br\/blog\/wp-json\/wp\/v2\/posts\/42342","targetHints":{"allow":["GET"]}}],"collection":[{"href":"https:\/\/99empregos.com.br\/blog\/wp-json\/wp\/v2\/posts"}],"about":[{"href":"https:\/\/99empregos.com.br\/blog\/wp-json\/wp\/v2\/types\/post"}],"author":[{"embeddable":true,"href":"https:\/\/99empregos.com.br\/blog\/wp-json\/wp\/v2\/users\/8"}],"replies":[{"embeddable":true,"href":"https:\/\/99empregos.com.br\/blog\/wp-json\/wp\/v2\/comments?post=42342"}],"version-history":[{"count":0,"href":"https:\/\/99empregos.com.br\/blog\/wp-json\/wp\/v2\/posts\/42342\/revisions"}],"wp:featuredmedia":[{"embeddable":true,"href":"https:\/\/99empregos.com.br\/blog\/wp-json\/wp\/v2\/media\/42347"}],"wp:attachment":[{"href":"https:\/\/99empregos.com.br\/blog\/wp-json\/wp\/v2\/media?parent=42342"}],"wp:term":[{"taxonomy":"category","embeddable":true,"href":"https:\/\/99empregos.com.br\/blog\/wp-json\/wp\/v2\/categories?post=42342"},{"taxonomy":"post_tag","embeddable":true,"href":"https:\/\/99empregos.com.br\/blog\/wp-json\/wp\/v2\/tags?post=42342"}],"curies":[{"name":"wp","href":"https:\/\/api.w.org\/{rel}","templated":true}]}}