{"id":42349,"date":"2023-08-02T11:27:09","date_gmt":"2023-08-02T14:27:09","guid":{"rendered":"https:\/\/123empregos.com.br\/?p=42349"},"modified":"2025-04-30T16:07:36","modified_gmt":"2025-04-30T19:07:36","slug":"sua-chance-de-trabalhar-em-agosto-piracanjuba-abre-novas-vagas-de-emprego-confira-aqui-com-exclusividade","status":"publish","type":"post","link":"https:\/\/99empregos.com.br\/blog\/sua-chance-de-trabalhar-em-agosto-piracanjuba-abre-novas-vagas-de-emprego-confira-aqui-com-exclusividade\/","title":{"rendered":"SUA CHANCE DE TRABALHAR EM AGOSTO: Piracanjuba abre novas vagas de emprego, confira aqui com exclusividade!"},"content":{"rendered":"<div class=\"group w-full text-gray-800 dark:text-gray-100 border-b border-black\/10 dark:border-gray-900\/50 bg-gray-50 dark:bg-[#444654]\">\n<div class=\"flex p-4 gap-4 text-base md:gap-6 md:max-w-2xl lg:max-w-[38rem] xl:max-w-3xl md:py-6 lg:px-0 m-auto\">\n<div class=\"relative flex w-[calc(100%-50px)] flex-col gap-1 md:gap-3 lg:w-[calc(100%-115px)]\">\n<div class=\"flex flex-grow flex-col gap-3\">\n<div class=\"min-h-[20px] flex items-start overflow-x-auto whitespace-pre-wrap break-words\">\n<div class=\"markdown prose w-full break-words dark:prose-invert light\">\n<p>A <a href=\"https:\/\/www.piracanjuba.com.br:443\/\" target=\"_blank\" rel=\"noopener\">Piracanjuba<\/a>, renomada empresa varejista do setor de alimentos e latic\u00ednios, anunciou recentemente a abertura de <span style=\"text-decoration: underline\"><a href=\"https:\/\/99empregos.com.br\/dux-nutrition-abre-novas-vagas-de-emprego-confira-aqui-a-lista-completa\/\">novas vagas de emprego<\/a><\/span> na sua equipe. Com uma hist\u00f3ria de sucesso e qualidade reconhecida em seus produtos, a Piracanjuba busca atrair talentos que desejam fazer parte de uma empresa que valoriza a inova\u00e7\u00e3o, a sustentabilidade e o bem-estar dos consumidores. As vagas abrangem diversas \u00e1reas, confira abaixo a lista completa:<\/p>\n<ul>\n<li style=\"font-weight: 400\"><span style=\"font-weight: 400\">Analista Administrativo Pleno &#8211; Almoxarifado &#8211; Bela Vista de Goi\u00e1s &#8211; GO;<\/span><\/li>\n<li style=\"font-weight: 400\"><span style=\"font-weight: 400\">Analista Auditoria S\u00eanior &#8211; Goi\u00e2nia &#8211; GO;<\/span><\/li>\n<li style=\"font-weight: 400\"><span style=\"font-weight: 400\">Analista Cont\u00e1bil J\u00fanior &#8211; Goi\u00e2nia &#8211; GO;<\/span><\/li>\n<li style=\"font-weight: 400\"><span style=\"font-weight: 400\">Analista de M\u00eddias Junior &#8211; Goi\u00e2nia &#8211; GO;<\/span><\/li>\n<li style=\"font-weight: 400\"><span style=\"font-weight: 400\">Analista de TI S\u00eanior &#8211; Seguran\u00e7a da Informa\u00e7\u00e3o &#8211; Goi\u00e2nia &#8211; GO e Remoto;<\/span><\/li>\n<li style=\"font-weight: 400\"><span style=\"font-weight: 400\">Analista de Trade Marketing &#8211; An\u00e1lise de Dados &#8211; Goi\u00e2nia &#8211; GO;<\/span><\/li>\n<li style=\"font-weight: 400\"><span style=\"font-weight: 400\">Analista Laboratorio Junior &#8211; Maravilha &#8211; SC;<\/span><\/li>\n<li style=\"font-weight: 400\"><span style=\"font-weight: 400\">Analista Projetos T.I. Senior &#8211; Goi\u00e2nia &#8211; GO;<\/span><\/li>\n<li style=\"font-weight: 400\"><span style=\"font-weight: 400\">Assistente Administrativo &#8211; Te\u00f3filo Otoni &#8211; MG;<\/span><\/li>\n<li style=\"font-weight: 400\"><span style=\"font-weight: 400\">Assistente Administrativo &#8211; Transp. Lte Cru &#8211; Ira\u00ed &#8211; Ira\u00ed de Minas &#8211; MG;<\/span><\/li>\n<li style=\"font-weight: 400\"><span style=\"font-weight: 400\">Auxiliar Administrativo &#8211; PCM &#8211; Governador Valadares &#8211; MG;<\/span><\/li>\n<li style=\"font-weight: 400\"><span style=\"font-weight: 400\">Auxiliar de Almoxarifado (Vaga exclusiva para PCD) &#8211; Maravilha &#8211; SC;<\/span><\/li>\n<li style=\"font-weight: 400\"><span style=\"font-weight: 400\">Auxiliar de Expedi\u00e7\u00e3o &#8211; Governador Valadares &#8211; MG;<\/span><\/li>\n<li style=\"font-weight: 400\"><span style=\"font-weight: 400\">Auxiliar de Expedi\u00e7\u00e3o &#8211; Bela Vista de Goi\u00e1s &#8211; GO;<\/span><\/li>\n<li style=\"font-weight: 400\"><span style=\"font-weight: 400\">Auxiliar de Produ\u00e7\u00e3o &#8211; Bela Vista de Goi\u00e1s &#8211; GO;<\/span><\/li>\n<li style=\"font-weight: 400\"><span style=\"font-weight: 400\">Auxiliar de Produ\u00e7\u00e3o &#8211; SLN &#8211; Sulina &#8211; PR.<\/span><\/li>\n<\/ul>\n<figure id=\"attachment_42351\" aria-describedby=\"caption-attachment-42351\" style=\"width: 1200px\" class=\"wp-caption aligncenter\"><img decoding=\"async\" class=\"size-full wp-image-42351\" src=\"https:\/\/99empregos.com.br\/blog\/wp-content\/uploads\/2023\/08\/piracanjuba-vagas-2023.jpg\" alt=\"A Piracanjuba est\u00e1 com novas vagas de emprego, confira aqui as oportunidades. Foto: Reprodu\u00e7\u00e3o\" width=\"1200\" height=\"675\" srcset=\"https:\/\/99empregos.com.br\/blog\/wp-content\/uploads\/2023\/08\/piracanjuba-vagas-2023.jpg 1200w, https:\/\/99empregos.com.br\/blog\/wp-content\/uploads\/2023\/08\/piracanjuba-vagas-2023-300x169.jpg 300w, https:\/\/99empregos.com.br\/blog\/wp-content\/uploads\/2023\/08\/piracanjuba-vagas-2023-1024x576.jpg 1024w, https:\/\/99empregos.com.br\/blog\/wp-content\/uploads\/2023\/08\/piracanjuba-vagas-2023-768x432.jpg 768w\" sizes=\"(max-width: 1200px) 100vw, 1200px\" \/><figcaption id=\"caption-attachment-42351\" class=\"wp-caption-text\">A Piracanjuba est\u00e1 com novas vagas de emprego, confira aqui as oportunidades. Foto: Reprodu\u00e7\u00e3o<\/figcaption><\/figure>\n<h3>Mais informa\u00e7\u00f5es sobre a Piracanjuba<\/h3>\n<p>H\u00e1 67 anos no mercado, nascemos com a miss\u00e3o de fazer parte da mesa dos brasileiros, nutrindo e cuidando das pessoas. Hoje, contamos com uma trajet\u00f3ria repleta de realiza\u00e7\u00f5es e paix\u00e3o pelo que fazemos. O compromisso, a qualidade e o amor em fazer bem o que te faz bem, nos destaca como uma das maiores do segmento, ocupando, atualmente, a 4\u00aa posi\u00e7\u00e3o no ranking nacional de latic\u00ednios e o 6\u00ba lugar no ranking das marcas mais escolhida nos lares brasileiros, de acordo com estudos de mercado. #OrgulhoDeSerPIRA Para alcan\u00e7ar todo esse sucesso, contamos com o trabalho di\u00e1rio dos nossos mais de 3,5 mil colaboradores que, com muita dedica\u00e7\u00e3o e crit\u00e9rio, s\u00e3o respons\u00e1veis pela fabrica\u00e7\u00e3o de mais de 180 produtos do portf\u00f3lio.<\/p>\n<h3>Como se candidatar \u00e0s vagas de emprego na Piracanjuba?<\/h3>\n<p>Se voc\u00ea encontrou aquela vaga de emprego que tanto procurava, <strong><span style=\"text-decoration: underline\"><a href=\"https:\/\/99empregos.com.br\/vaga\/piracanjuba-abre-novas-vagas-de-emprego-confira-aqui-as-chances-disponiveis\/\">CLIQUE AQUI<\/a> <\/span><\/strong>e envie o seu curr\u00edculo para participar agora mesmo do processo seletivo da empresa. Antes de confirmar a sua inscri\u00e7\u00e3o, confira se os dados apresentados no curr\u00edculos est\u00e3o atualizados, como e-mail, n\u00famero de telefone e endere\u00e7o residencial. A equipe do 123 Empregos deseja a voc\u00ea uma boa sorte!<\/p>\n<\/div>\n<\/div>\n<\/div>\n<\/div>\n<\/div>\n<\/div>\n","protected":false},"excerpt":{"rendered":"<p>A Piracanjuba, renomada empresa varejista do setor de alimentos e latic\u00ednios, anunciou recentemente a abertura de novas vagas de emprego na sua equipe. Com uma hist\u00f3ria de sucesso e qualidade reconhecida em seus produtos, a Piracanjuba busca atrair talentos que desejam fazer parte de uma empresa que valoriza a inova\u00e7\u00e3o, a sustentabilidade e o bem-estar [&hellip;]<\/p>\n","protected":false},"author":8,"featured_media":42352,"comment_status":"open","ping_status":"closed","sticky":false,"template":"","format":"standard","meta":{"footnotes":""},"categories":[7],"tags":[1544,5,2500,1091,3251,37],"class_list":["post-42349","post","type-post","status-publish","format-standard","has-post-thumbnail","hentry","category-noticias","tag-1544","tag-empregos","tag-empregos-hoje","tag-piracanjuba","tag-salarios","tag-vagas"],"_links":{"self":[{"href":"https:\/\/99empregos.com.br\/blog\/wp-json\/wp\/v2\/posts\/42349","targetHints":{"allow":["GET"]}}],"collection":[{"href":"https:\/\/99empregos.com.br\/blog\/wp-json\/wp\/v2\/posts"}],"about":[{"href":"https:\/\/99empregos.com.br\/blog\/wp-json\/wp\/v2\/types\/post"}],"author":[{"embeddable":true,"href":"https:\/\/99empregos.com.br\/blog\/wp-json\/wp\/v2\/users\/8"}],"replies":[{"embeddable":true,"href":"https:\/\/99empregos.com.br\/blog\/wp-json\/wp\/v2\/comments?post=42349"}],"version-history":[{"count":0,"href":"https:\/\/99empregos.com.br\/blog\/wp-json\/wp\/v2\/posts\/42349\/revisions"}],"wp:featuredmedia":[{"embeddable":true,"href":"https:\/\/99empregos.com.br\/blog\/wp-json\/wp\/v2\/media\/42352"}],"wp:attachment":[{"href":"https:\/\/99empregos.com.br\/blog\/wp-json\/wp\/v2\/media?parent=42349"}],"wp:term":[{"taxonomy":"category","embeddable":true,"href":"https:\/\/99empregos.com.br\/blog\/wp-json\/wp\/v2\/categories?post=42349"},{"taxonomy":"post_tag","embeddable":true,"href":"https:\/\/99empregos.com.br\/blog\/wp-json\/wp\/v2\/tags?post=42349"}],"curies":[{"name":"wp","href":"https:\/\/api.w.org\/{rel}","templated":true}]}}