{"id":42429,"date":"2023-08-03T14:23:35","date_gmt":"2023-08-03T17:23:35","guid":{"rendered":"https:\/\/123empregos.com.br\/?p=42429"},"modified":"2025-04-30T16:10:05","modified_gmt":"2025-04-30T19:10:05","slug":"vagas-para-analista-arquiteto-e-mais-grupo-afonso-franca-contrata-veja-a-lista-aqui","status":"publish","type":"post","link":"https:\/\/99empregos.com.br\/blog\/vagas-para-analista-arquiteto-e-mais-grupo-afonso-franca-contrata-veja-a-lista-aqui\/","title":{"rendered":"Vagas para analista, arquiteto e mais: Grupo Afonso Fran\u00e7a contrata, veja a lista aqui!"},"content":{"rendered":"<div class=\"group w-full text-token-text-primary border-b border-black\/10 dark:border-gray-900\/50 bg-gray-50 dark:bg-[#444654]\">\n<div class=\"flex p-4 gap-4 text-base md:gap-6 md:max-w-2xl lg:max-w-[38rem] xl:max-w-3xl md:py-6 lg:px-0 m-auto\">\n<div class=\"relative flex w-[calc(100%-50px)] flex-col gap-1 md:gap-3 lg:w-[calc(100%-115px)]\">\n<div class=\"flex flex-grow flex-col gap-3\">\n<div class=\"min-h-[20px] flex flex-col items-start gap-3 overflow-x-auto whitespace-pre-wrap break-words\">\n<div class=\"markdown prose w-full break-words dark:prose-invert light\">\n<p>O <a href=\"https:\/\/afonsofranca.com.br\/\" target=\"_blank\" rel=\"noopener\">Grupo Afonso Fran\u00e7a<\/a> tem o prazer de comunicar a abertura de <span style=\"text-decoration: underline\"><a href=\"https:\/\/99empregos.com.br\/dominos-pizza-abre-novas-vagas-de-emprego-confira-aqui-a-lista-completa\/\">novas vagas profissionais<\/a><\/span> em sua equipe. Como uma empresa consolidada e reconhecida em diversos setores, a companhia abrange \u00e1reas como com\u00e9rcio, ind\u00fastria, servi\u00e7os e tecnologia. Sua trajet\u00f3ria de sucesso e sua cultura empresarial voltada para a valoriza\u00e7\u00e3o de seus colaboradores faz om que a organiza\u00e7\u00e3o seja refer\u00eancia no mercado. Se voc\u00ea deseja fazer parte de um grupo que investe no desenvolvimento pessoal e profissional de seus funcion\u00e1rios, confira as chances logo abaixo:<\/p>\n<ul>\n<li style=\"font-weight: 400\"><span style=\"font-weight: 400\">Administrativo de Obras &#8211; Rio de Janeiro, RJ;<\/span><\/li>\n<li style=\"font-weight: 400\"><span style=\"font-weight: 400\">Almoxarife &#8211; Rio de Janeiro, RJ;<\/span><\/li>\n<li style=\"font-weight: 400\"><span style=\"font-weight: 400\">Analista de Incorpora\u00e7\u00e3o &#8211; S\u00e3o Paulo, SP;<\/span><\/li>\n<li style=\"font-weight: 400\"><span style=\"font-weight: 400\">Analista de Qualidade &#8211; Campinas, SP;<\/span><\/li>\n<li style=\"font-weight: 400\"><span style=\"font-weight: 400\">Analista KPI &#8211; Hortol\u00e2ndia, SP;<\/span><\/li>\n<li style=\"font-weight: 400\"><span style=\"font-weight: 400\">Arquiteto &#8211; Santana de Parna\u00edba, SP;<\/span><\/li>\n<li style=\"font-weight: 400\"><span style=\"font-weight: 400\">Arquiteto &#8211; S\u00e3o Paulo, SP;<\/span><\/li>\n<li style=\"font-weight: 400\"><span style=\"font-weight: 400\">Assistente Administrativo &#8211; Franco da Rocha, SP;<\/span><\/li>\n<li style=\"font-weight: 400\"><span style=\"font-weight: 400\">Assistente Administrativo &#8211; Hortol\u00e2ndia, SP;<\/span><\/li>\n<li style=\"font-weight: 400\"><span style=\"font-weight: 400\">Assistente Cont\u00e1bil (PCD) &#8211; S\u00e3o Paulo, SP;<\/span><\/li>\n<li style=\"font-weight: 400\"><span style=\"font-weight: 400\">Assistente de Qualidade &#8211; Franco da Rocha, SP;<\/span><\/li>\n<li style=\"font-weight: 400\"><span style=\"font-weight: 400\">Assistente de Qualidade &#8211; Hortol\u00e2ndia, SP;<\/span><\/li>\n<li style=\"font-weight: 400\"><span style=\"font-weight: 400\">Auxiliar Administrativo &#8211; Belo Horizonte, MG;<\/span><\/li>\n<li style=\"font-weight: 400\"><span style=\"font-weight: 400\">Auxiliar de Almoxarife &#8211; Belo Horizonte, MG;<\/span><\/li>\n<li style=\"font-weight: 400\"><span style=\"font-weight: 400\">Auxiliar de Almoxarife &#8211; Cotia, SP;<\/span><\/li>\n<li style=\"font-weight: 400\"><span style=\"font-weight: 400\">Auxiliar de Almoxarife &#8211; Rio de Janeiro, RJ;<\/span><\/li>\n<li style=\"font-weight: 400\"><span style=\"font-weight: 400\">Auxiliar em Mec\u00e2nica &#8211; S\u00e3o Paulo, SP;<\/span><\/li>\n<li style=\"font-weight: 400\"><span style=\"font-weight: 400\">Comprador &#8211; S\u00e3o Paulo, SP.<\/span><\/li>\n<\/ul>\n<figure id=\"attachment_22688\" aria-describedby=\"caption-attachment-22688\" style=\"width: 800px\" class=\"wp-caption aligncenter\"><img decoding=\"async\" class=\"size-full wp-image-22688\" src=\"https:\/\/99empregos.com.br\/blog\/wp-content\/uploads\/2023\/02\/afonso-vagas.jpg\" alt=\"Grupo Afonso Fran\u00e7a abre novas vagas de emprego, confira. Foto: Divulga\u00e7\u00e3o\" width=\"800\" height=\"450\" srcset=\"https:\/\/99empregos.com.br\/blog\/wp-content\/uploads\/2023\/02\/afonso-vagas.jpg 800w, https:\/\/99empregos.com.br\/blog\/wp-content\/uploads\/2023\/02\/afonso-vagas-300x169.jpg 300w, https:\/\/99empregos.com.br\/blog\/wp-content\/uploads\/2023\/02\/afonso-vagas-768x432.jpg 768w\" sizes=\"(max-width: 800px) 100vw, 800px\" \/><figcaption id=\"caption-attachment-22688\" class=\"wp-caption-text\">Grupo Afonso Fran\u00e7a abre novas vagas de emprego, confira. Foto: Divulga\u00e7\u00e3o<\/figcaption><\/figure>\n<h3>Mais informa\u00e7\u00f5es sobre o Grupo Afonso Fran\u00e7a<\/h3>\n<p>O Grupo Afonso Fran\u00e7a surgiu a partir da necessidade do mercado em contar com empresas especializadas em diferentes \u00e1reas de atua\u00e7\u00e3o. Neste sentido, as empresas que comp\u00f5em o grupo possuem equipes preparadas para entregar com qualidade e seguran\u00e7a solu\u00e7\u00f5es inteligentes aos nossos clientes.<\/p>\n<h3>Como se candidatar?<\/h3>\n<p>Se voc\u00ea encontrou uma oportunidade de emprego que se encaixa naquilo que voc\u00ea tanto busca no mercado de trabalho, n\u00e3o perca mais tempo e <strong><span style=\"text-decoration: underline\"><a href=\"https:\/\/99empregos.com.br\/vaga\/grupo-afonso-franca-abre-novas-vagas-candidate-se-agora\/\">CLIQUE AQUI NESTE LINK<\/a> <\/span><\/strong>para se candidatar e enviar o seu curr\u00edculo agora mesmo para a empresa. A equipe do 123 Empregos deseja uma boa sorte no processo seletivo!<\/p>\n<\/div>\n<\/div>\n<\/div>\n<\/div>\n<\/div>\n<\/div>\n","protected":false},"excerpt":{"rendered":"<p>O Grupo Afonso Fran\u00e7a tem o prazer de comunicar a abertura de novas vagas profissionais em sua equipe. Como uma empresa consolidada e reconhecida em diversos setores, a companhia abrange \u00e1reas como com\u00e9rcio, ind\u00fastria, servi\u00e7os e tecnologia. Sua trajet\u00f3ria de sucesso e sua cultura empresarial voltada para a valoriza\u00e7\u00e3o de seus colaboradores faz om que [&hellip;]<\/p>\n","protected":false},"author":8,"featured_media":22687,"comment_status":"open","ping_status":"closed","sticky":false,"template":"","format":"standard","meta":{"footnotes":""},"categories":[7],"tags":[1544,5,778,37],"class_list":["post-42429","post","type-post","status-publish","format-standard","has-post-thumbnail","hentry","category-noticias","tag-1544","tag-empregos","tag-novas-oportunidades","tag-vagas"],"_links":{"self":[{"href":"https:\/\/99empregos.com.br\/blog\/wp-json\/wp\/v2\/posts\/42429","targetHints":{"allow":["GET"]}}],"collection":[{"href":"https:\/\/99empregos.com.br\/blog\/wp-json\/wp\/v2\/posts"}],"about":[{"href":"https:\/\/99empregos.com.br\/blog\/wp-json\/wp\/v2\/types\/post"}],"author":[{"embeddable":true,"href":"https:\/\/99empregos.com.br\/blog\/wp-json\/wp\/v2\/users\/8"}],"replies":[{"embeddable":true,"href":"https:\/\/99empregos.com.br\/blog\/wp-json\/wp\/v2\/comments?post=42429"}],"version-history":[{"count":0,"href":"https:\/\/99empregos.com.br\/blog\/wp-json\/wp\/v2\/posts\/42429\/revisions"}],"wp:featuredmedia":[{"embeddable":true,"href":"https:\/\/99empregos.com.br\/blog\/wp-json\/wp\/v2\/media\/22687"}],"wp:attachment":[{"href":"https:\/\/99empregos.com.br\/blog\/wp-json\/wp\/v2\/media?parent=42429"}],"wp:term":[{"taxonomy":"category","embeddable":true,"href":"https:\/\/99empregos.com.br\/blog\/wp-json\/wp\/v2\/categories?post=42429"},{"taxonomy":"post_tag","embeddable":true,"href":"https:\/\/99empregos.com.br\/blog\/wp-json\/wp\/v2\/tags?post=42429"}],"curies":[{"name":"wp","href":"https:\/\/api.w.org\/{rel}","templated":true}]}}