{"id":42432,"date":"2023-08-03T14:28:07","date_gmt":"2023-08-03T17:28:07","guid":{"rendered":"https:\/\/123empregos.com.br\/?p=42432"},"modified":"2023-08-03T14:28:07","modified_gmt":"2023-08-03T17:28:07","slug":"envie-seu-curriculo-em-4-minutos-valenet-abre-novas-vagas-de-emprego-veja-aqui","status":"publish","type":"post","link":"https:\/\/99empregos.com.br\/blog\/envie-seu-curriculo-em-4-minutos-valenet-abre-novas-vagas-de-emprego-veja-aqui\/","title":{"rendered":"ENVIE SEU CURR\u00cdCULO EM 4 MINUTOS: Valenet abre novas vagas de emprego, veja aqui!"},"content":{"rendered":"<div class=\"group w-full text-token-text-primary border-b border-black\/10 dark:border-gray-900\/50 bg-gray-50 dark:bg-[#444654]\">\n<div class=\"flex p-4 gap-4 text-base md:gap-6 md:max-w-2xl lg:max-w-[38rem] xl:max-w-3xl md:py-6 lg:px-0 m-auto\">\n<div class=\"relative flex w-[calc(100%-50px)] flex-col gap-1 md:gap-3 lg:w-[calc(100%-115px)]\">\n<div class=\"flex flex-grow flex-col gap-3\">\n<div class=\"min-h-[20px] flex flex-col items-start gap-3 overflow-x-auto whitespace-pre-wrap break-words\">\n<div class=\"markdown prose w-full break-words dark:prose-invert light\">\n<p>A <a href=\"https:\/\/valenet.com.br\/\" target=\"_blank\" rel=\"noopener\">Valenet<\/a> acabou de anunciar a abertura de novas <span style=\"text-decoration: underline\"><a href=\"https:\/\/99empregos.com.br\/vaga\/dominos-pizza-abre-novas-vagas-de-emprego-candidate-se\/\">vagas de emprego<\/a> <\/span>em sua equipe e essa poder\u00e1 ser a sua chance de trabalhar no m\u00eas de agosto. Com um hist\u00f3rico de excel\u00eancia e compromisso com seus clientes, a Valenet busca por talentos motivados e dedicados, que desejam fazer parte de uma equipe din\u00e2mica e apaixonada por desafios. Se voc\u00ea busca uma carreira promissora em uma grande empresa, confira abaixo a lista completa de vagas e veja se alguma oportunidade se encaixa com o seu perfil:<\/p>\n<ul>\n<li style=\"font-weight: 400\"><span style=\"font-weight: 400\">[B2B &#8211; PME] Consultor de Relacionamento &#8211; Itabira, MG;<\/span><\/li>\n<li style=\"font-weight: 400\"><span style=\"font-weight: 400\">[Banco de Talentos] Banco de Talentos &#8211; Pessoa com Defici\u00eancia (PCD) &#8211; Itabira, MG;<\/span><\/li>\n<li style=\"font-weight: 400\"><span style=\"font-weight: 400\">[Contact Center] Coordenador de Service Desk &#8211; Itabira, MG;<\/span><\/li>\n<li style=\"font-weight: 400\"><span style=\"font-weight: 400\">[Controladoria] Supervisor de Compras &#8211; Itabira, MG;<\/span><\/li>\n<li style=\"font-weight: 400\"><span style=\"font-weight: 400\">[Field Service] Assistente Operacional &#8211; Jo\u00e3o Monlevade, MG;<\/span><\/li>\n<li style=\"font-weight: 400\"><span style=\"font-weight: 400\">[Field Service] Auxiliar de Instala\u00e7\u00e3o e Reparo &#8211; Santa B\u00e1rbara, MG;<\/span><\/li>\n<li style=\"font-weight: 400\"><span style=\"font-weight: 400\">[Field Service] Auxiliar de Instala\u00e7\u00e3o e Reparo &#8211; Bom Jesus do Amparo, MG;<\/span><\/li>\n<li style=\"font-weight: 400\"><span style=\"font-weight: 400\">[Field Service] Auxiliar de Instala\u00e7\u00e3o e Reparo &#8211; Bar\u00e3o de Cocais, MG;<\/span><\/li>\n<li style=\"font-weight: 400\"><span style=\"font-weight: 400\">[Field Service] Auxiliar de Instala\u00e7\u00e3o e Reparo &#8211; Santa Luzia, MG;<\/span><\/li>\n<li style=\"font-weight: 400\"><span style=\"font-weight: 400\">[Field Service] Auxiliar de Instala\u00e7\u00e3o e Reparo &#8211; Ribeir\u00e3o das Neves, MG;<\/span><\/li>\n<li style=\"font-weight: 400\"><span style=\"font-weight: 400\">[Field Service] Auxiliar de Instala\u00e7\u00e3o e Reparo &#8211; Ibirit\u00e9, MG;<\/span><\/li>\n<li style=\"font-weight: 400\"><span style=\"font-weight: 400\">[Field Service] Instalador Reparador de Linhas de Assinantes &#8211; Ibirit\u00e9, MG;<\/span><\/li>\n<li style=\"font-weight: 400\"><span style=\"font-weight: 400\">[Field Service] Instalador Reparador de Linhas de Assinantes &#8211; Belo Horizonte, MG;<\/span><\/li>\n<li style=\"font-weight: 400\"><span style=\"font-weight: 400\">[Field Service] Instalador Reparador de Linhas de Assinantes &#8211; Ouro Preto, MG;<\/span><\/li>\n<li style=\"font-weight: 400\"><span style=\"font-weight: 400\">[Field Service] Instalador Reparador de Linhas de Assinantes &#8211; Mariana, MG;<\/span><\/li>\n<li style=\"font-weight: 400\"><span style=\"font-weight: 400\">[Field Service] Instalador Reparador de Linhas de Assinantes &#8211; Itabirito, MG;<\/span><\/li>\n<li style=\"font-weight: 400\"><span style=\"font-weight: 400\">[Infraestrutura] Analista de Telecomunica\u00e7\u00f5es &#8211; Itabira, MG;<\/span><\/li>\n<li style=\"font-weight: 400\"><span style=\"font-weight: 400\">[Infraestrutura] T\u00e9cnico de Eletrot\u00e9cnica &#8211; Itabira, MG;<\/span><\/li>\n<li style=\"font-weight: 400\"><span style=\"font-weight: 400\">[Investimentos] Assistente de Ativos &#8211; Itabira, MG.<\/span><\/li>\n<\/ul>\n<figure id=\"attachment_42434\" aria-describedby=\"caption-attachment-42434\" style=\"width: 1200px\" class=\"wp-caption aligncenter\"><img decoding=\"async\" class=\"size-full wp-image-42434\" src=\"https:\/\/99empregos.com.br\/blog\/wp-content\/uploads\/2023\/08\/valenet-vagas-2023.jpg\" alt=\"A Valenet abriu recentemente novas vagas de emprego, confira as oportunidades aqui. Foto: Reprodu\u00e7\u00e3o\" width=\"1200\" height=\"650\" srcset=\"https:\/\/99empregos.com.br\/blog\/wp-content\/uploads\/2023\/08\/valenet-vagas-2023.jpg 1200w, https:\/\/99empregos.com.br\/blog\/wp-content\/uploads\/2023\/08\/valenet-vagas-2023-300x163.jpg 300w, https:\/\/99empregos.com.br\/blog\/wp-content\/uploads\/2023\/08\/valenet-vagas-2023-1024x555.jpg 1024w, https:\/\/99empregos.com.br\/blog\/wp-content\/uploads\/2023\/08\/valenet-vagas-2023-768x416.jpg 768w\" sizes=\"(max-width: 1200px) 100vw, 1200px\" \/><figcaption id=\"caption-attachment-42434\" class=\"wp-caption-text\">A Valenet abriu recentemente novas vagas de emprego, confira as oportunidades aqui. Foto: Reprodu\u00e7\u00e3o<\/figcaption><\/figure>\n<h3>Mais informa\u00e7\u00f5es sobre a Valenet<\/h3>\n<p>Somos refer\u00eancia no mercado de telecomunica\u00e7\u00f5es h\u00e1 mais de 20 anos. Possu\u00edmos solu\u00e7\u00f5es exclusivas em internet 100% Fibra \u00d3ptica, telefonia fixa e TV por assinatura. Apontada no ranking da Anatel como o 4\u00b0 maior provedor de internet do estado de Minas Gerais, estamos presentes em mais de 90 localidades mineiras, com mais de 800 colaboradores e com mais de 8 mil km de rede pr\u00f3pria. Por isso, temos compromisso com a inova\u00e7\u00e3o, a qualidade e o atendimento. Para al\u00e9m do que entregamos para nossos clientes, aqui voc\u00ea encontra um ambiente guiado por valores, que estimula o desenvolvimento dos colaboradores enquanto pessoa e profissional.<\/p>\n<h3>Como se candidatar \u00e0s vagas de emprego na Valenet?<\/h3>\n<p>Se voc\u00ea encontrou uma oportunidade de emprego que se encaixa naquilo que voc\u00ea tanto busca no mercado de trabalho, n\u00e3o perca mais tempo e <strong><span style=\"text-decoration: underline\"><a href=\"https:\/\/99empregos.com.br\/vaga\/valenet-abre-novas-vagas-veja-as-oportunidades-e-candidate-se\/\">CLIQUE AQUI NESTE LINK<\/a><\/span><\/strong> para se candidatar e enviar o seu curr\u00edculo agora mesmo para a empresa. A equipe do 123 Empregos deseja uma boa sorte no processo seletivo!<\/p>\n<\/div>\n<\/div>\n<\/div>\n<\/div>\n<\/div>\n<\/div>\n","protected":false},"excerpt":{"rendered":"<p>A Valenet acabou de anunciar a abertura de novas vagas de emprego em sua equipe e essa poder\u00e1 ser a sua chance de trabalhar no m\u00eas de agosto. Com um hist\u00f3rico de excel\u00eancia e compromisso com seus clientes, a Valenet busca por talentos motivados e dedicados, que desejam fazer parte de uma equipe din\u00e2mica e [&hellip;]<\/p>\n","protected":false},"author":8,"featured_media":42435,"comment_status":"open","ping_status":"closed","sticky":false,"template":"","format":"standard","meta":{"footnotes":""},"categories":[7],"tags":[1544,734,3251,37],"class_list":["post-42432","post","type-post","status-publish","format-standard","has-post-thumbnail","hentry","category-noticias","tag-1544","tag-novas-vagas","tag-salarios","tag-vagas"],"_links":{"self":[{"href":"https:\/\/99empregos.com.br\/blog\/wp-json\/wp\/v2\/posts\/42432","targetHints":{"allow":["GET"]}}],"collection":[{"href":"https:\/\/99empregos.com.br\/blog\/wp-json\/wp\/v2\/posts"}],"about":[{"href":"https:\/\/99empregos.com.br\/blog\/wp-json\/wp\/v2\/types\/post"}],"author":[{"embeddable":true,"href":"https:\/\/99empregos.com.br\/blog\/wp-json\/wp\/v2\/users\/8"}],"replies":[{"embeddable":true,"href":"https:\/\/99empregos.com.br\/blog\/wp-json\/wp\/v2\/comments?post=42432"}],"version-history":[{"count":0,"href":"https:\/\/99empregos.com.br\/blog\/wp-json\/wp\/v2\/posts\/42432\/revisions"}],"wp:featuredmedia":[{"embeddable":true,"href":"https:\/\/99empregos.com.br\/blog\/wp-json\/wp\/v2\/media\/42435"}],"wp:attachment":[{"href":"https:\/\/99empregos.com.br\/blog\/wp-json\/wp\/v2\/media?parent=42432"}],"wp:term":[{"taxonomy":"category","embeddable":true,"href":"https:\/\/99empregos.com.br\/blog\/wp-json\/wp\/v2\/categories?post=42432"},{"taxonomy":"post_tag","embeddable":true,"href":"https:\/\/99empregos.com.br\/blog\/wp-json\/wp\/v2\/tags?post=42432"}],"curies":[{"name":"wp","href":"https:\/\/api.w.org\/{rel}","templated":true}]}}