{"id":42437,"date":"2023-08-03T14:33:12","date_gmt":"2023-08-03T17:33:12","guid":{"rendered":"https:\/\/123empregos.com.br\/?p=42437"},"modified":"2023-08-03T14:33:12","modified_gmt":"2023-08-03T17:33:12","slug":"ultimas-vagas-de-emprego-no-assai-em-2023-rede-de-atacado-segue-contratando-confira-a-nova-lista","status":"publish","type":"post","link":"https:\/\/99empregos.com.br\/blog\/ultimas-vagas-de-emprego-no-assai-em-2023-rede-de-atacado-segue-contratando-confira-a-nova-lista\/","title":{"rendered":"\u00daLTIMAS VAGAS DE EMPREGO NO ASSA\u00cd EM 2023: rede de atacado segue contratando, confira a nova lista!"},"content":{"rendered":"<div class=\"group w-full text-token-text-primary border-b border-black\/10 dark:border-gray-900\/50 bg-gray-50 dark:bg-[#444654]\">\n<div class=\"flex p-4 gap-4 text-base md:gap-6 md:max-w-2xl lg:max-w-[38rem] xl:max-w-3xl md:py-6 lg:px-0 m-auto\">\n<div class=\"relative flex w-[calc(100%-50px)] flex-col gap-1 md:gap-3 lg:w-[calc(100%-115px)]\">\n<div class=\"flex flex-grow flex-col gap-3\">\n<div class=\"min-h-[20px] flex flex-col items-start gap-3 overflow-x-auto whitespace-pre-wrap break-words\">\n<div class=\"markdown prose w-full break-words dark:prose-invert light\">\n<p>Quer trabalhar no <a href=\"https:\/\/www.assai.com.br\/\" target=\"_blank\" rel=\"noopener\">Assa\u00ed<\/a> Atacadista? A empresa acabou de anunciar a abertura de mais <span style=\"text-decoration: underline\"><a href=\"https:\/\/99empregos.com.br\/vaga\/cyrela-abre-novas-vagas-de-emprego-confira-aqui\/\">vagas de emprego<\/a> <\/span>em sua equipe. Como uma das maiores redes de atacado do Brasil, o Assa\u00ed segue expandindo e agora busca talentos engajados e dedicados para integrar suas diversas unidades espalhadas pelo pa\u00eds. Confira abaixo a lista completa de vagas dispon\u00edveis e as suas respectivas localidades:<\/p>\n<ul>\n<li style=\"font-weight: 400\"><span style=\"font-weight: 400\">A\u00e7ougueiro(a) &#8211; Salvador, BA;<\/span><\/li>\n<li style=\"font-weight: 400\"><span style=\"font-weight: 400\">Assistente de TI &#8211; Salvador, BA;<\/span><\/li>\n<li style=\"font-weight: 400\"><span style=\"font-weight: 400\">Atendente de Loja &#8211; Cart\u00f5es &#8211; Salvador, BA;<\/span><\/li>\n<li style=\"font-weight: 400\"><span style=\"font-weight: 400\">Atendente e Operador(a) de Caixa &#8211; Cafeteria e Padaria &#8211; Salvador, BA;<\/span><\/li>\n<li style=\"font-weight: 400\"><span style=\"font-weight: 400\">Auxiliar de A\u00e7ougue &#8211; Salvador, BA;<\/span><\/li>\n<li style=\"font-weight: 400\"><span style=\"font-weight: 400\">Auxiliar de Cozinha &#8211; Salvador, BA;<\/span><\/li>\n<li style=\"font-weight: 400\"><span style=\"font-weight: 400\">Auxiliar de Dep\u00f3sito &#8211; Salvador, BA;<\/span><\/li>\n<li style=\"font-weight: 400\"><span style=\"font-weight: 400\">Auxiliar de Manuten\u00e7\u00e3o &#8211; Salvador, BA;<\/span><\/li>\n<li style=\"font-weight: 400\"><span style=\"font-weight: 400\">Auxiliar de Recebimento de Notas Fiscais &#8211; Salvador, BA;<\/span><\/li>\n<li style=\"font-weight: 400\"><span style=\"font-weight: 400\">Auxiliar de RH (Departamento Pessoal) &#8211; Salvador, BA;<\/span><\/li>\n<li style=\"font-weight: 400\"><span style=\"font-weight: 400\">Cartazista &#8211; Salvador, BA;<\/span><\/li>\n<li style=\"font-weight: 400\"><span style=\"font-weight: 400\">Chefe de Cafeteria e Padaria &#8211; Salvador, BA;<\/span><\/li>\n<li style=\"font-weight: 400\"><span style=\"font-weight: 400\">Chefe de Dep\u00f3sito &#8211; Salvador, BA;<\/span><\/li>\n<li style=\"font-weight: 400\"><span style=\"font-weight: 400\">Chefe de Manuten\u00e7\u00e3o &#8211; Salvador, BA;<\/span><\/li>\n<li style=\"font-weight: 400\"><span style=\"font-weight: 400\">Chefe de Recebimento de Notas Fiscais &#8211; Salvador, BA;<\/span><\/li>\n<li style=\"font-weight: 400\"><span style=\"font-weight: 400\">Chefe de Se\u00e7\u00e3o A\u00e7ougue &#8211; Salvador, BA.<\/span><\/li>\n<\/ul>\n<figure id=\"attachment_42439\" aria-describedby=\"caption-attachment-42439\" style=\"width: 1200px\" class=\"wp-caption aligncenter\"><img decoding=\"async\" class=\"size-full wp-image-42439\" src=\"https:\/\/99empregos.com.br\/blog\/wp-content\/uploads\/2023\/08\/assai-vagas-2023.jpg\" alt=\"O Assa\u00ed Atacadista abriu novas vagas de emprego, confira as oportunidades. Foto: Reprodu\u00e7\u00e3o\" width=\"1200\" height=\"650\" srcset=\"https:\/\/99empregos.com.br\/blog\/wp-content\/uploads\/2023\/08\/assai-vagas-2023.jpg 1200w, https:\/\/99empregos.com.br\/blog\/wp-content\/uploads\/2023\/08\/assai-vagas-2023-300x163.jpg 300w, https:\/\/99empregos.com.br\/blog\/wp-content\/uploads\/2023\/08\/assai-vagas-2023-1024x555.jpg 1024w, https:\/\/99empregos.com.br\/blog\/wp-content\/uploads\/2023\/08\/assai-vagas-2023-768x416.jpg 768w\" sizes=\"(max-width: 1200px) 100vw, 1200px\" \/><figcaption id=\"caption-attachment-42439\" class=\"wp-caption-text\">O Assa\u00ed Atacadista abriu novas vagas de emprego, confira as oportunidades. Foto: Reprodu\u00e7\u00e3o<\/figcaption><\/figure>\n<h3>Mais informa\u00e7\u00f5es sobre o Assa\u00ed Atacadista<\/h3>\n<p>Hoje, temos mais de 260 lojas, com mais de 70 mil colaboradores(as) que atuam com M-U-I-T-A paix\u00e3o por atender nossos(as) clientes, desde pequenos e m\u00e9dios comerciantes e transformadores(as), at\u00e9 consumidores(as) finais que buscam por variedade e economia, cumprindo a nossa miss\u00e3o de abastecer os lares de milhares de brasileiros com alimentos e itens b\u00e1sicos.<\/p>\n<h3>Como se candidatar \u00e0s vagas no Assa\u00ed?<\/h3>\n<p>Se voc\u00ea encontrou uma oportunidade de emprego que se encaixa naquilo que voc\u00ea tanto busca no mercado de trabalho, n\u00e3o perca mais tempo e <strong><span style=\"text-decoration: underline\"><a href=\"https:\/\/99empregos.com.br\/vaga\/assai-atacadista-abre-novas-vagas-de-emprego-confira-aqui\/\">CLIQUE AQUI NESTE LINK<\/a> <\/span><\/strong>para se candidatar e enviar o seu curr\u00edculo agora mesmo para a empresa. A equipe do 123 Empregos deseja uma boa sorte no processo seletivo!<\/p>\n<\/div>\n<\/div>\n<\/div>\n<\/div>\n<\/div>\n<\/div>\n","protected":false},"excerpt":{"rendered":"<p>Quer trabalhar no Assa\u00ed Atacadista? A empresa acabou de anunciar a abertura de mais vagas de emprego em sua equipe. Como uma das maiores redes de atacado do Brasil, o Assa\u00ed segue expandindo e agora busca talentos engajados e dedicados para integrar suas diversas unidades espalhadas pelo pa\u00eds. Confira abaixo a lista completa de vagas [&hellip;]<\/p>\n","protected":false},"author":8,"featured_media":42440,"comment_status":"open","ping_status":"closed","sticky":false,"template":"","format":"standard","meta":{"footnotes":""},"categories":[7],"tags":[1544,3248,5,734,3255,37],"class_list":["post-42437","post","type-post","status-publish","format-standard","has-post-thumbnail","hentry","category-noticias","tag-1544","tag-assai","tag-empregos","tag-novas-vagas","tag-salarios-hoje","tag-vagas"],"_links":{"self":[{"href":"https:\/\/99empregos.com.br\/blog\/wp-json\/wp\/v2\/posts\/42437","targetHints":{"allow":["GET"]}}],"collection":[{"href":"https:\/\/99empregos.com.br\/blog\/wp-json\/wp\/v2\/posts"}],"about":[{"href":"https:\/\/99empregos.com.br\/blog\/wp-json\/wp\/v2\/types\/post"}],"author":[{"embeddable":true,"href":"https:\/\/99empregos.com.br\/blog\/wp-json\/wp\/v2\/users\/8"}],"replies":[{"embeddable":true,"href":"https:\/\/99empregos.com.br\/blog\/wp-json\/wp\/v2\/comments?post=42437"}],"version-history":[{"count":0,"href":"https:\/\/99empregos.com.br\/blog\/wp-json\/wp\/v2\/posts\/42437\/revisions"}],"wp:featuredmedia":[{"embeddable":true,"href":"https:\/\/99empregos.com.br\/blog\/wp-json\/wp\/v2\/media\/42440"}],"wp:attachment":[{"href":"https:\/\/99empregos.com.br\/blog\/wp-json\/wp\/v2\/media?parent=42437"}],"wp:term":[{"taxonomy":"category","embeddable":true,"href":"https:\/\/99empregos.com.br\/blog\/wp-json\/wp\/v2\/categories?post=42437"},{"taxonomy":"post_tag","embeddable":true,"href":"https:\/\/99empregos.com.br\/blog\/wp-json\/wp\/v2\/tags?post=42437"}],"curies":[{"name":"wp","href":"https:\/\/api.w.org\/{rel}","templated":true}]}}