{"id":42442,"date":"2023-08-03T14:37:22","date_gmt":"2023-08-03T17:37:22","guid":{"rendered":"https:\/\/123empregos.com.br\/?p=42442"},"modified":"2023-08-03T14:37:22","modified_gmt":"2023-08-03T17:37:22","slug":"vagas-abertas-grupo-bbf-abre-novas-oportunidades-confira-as-chances-de-emprego-aqui","status":"publish","type":"post","link":"https:\/\/99empregos.com.br\/blog\/vagas-abertas-grupo-bbf-abre-novas-oportunidades-confira-as-chances-de-emprego-aqui\/","title":{"rendered":"VAGAS ABERTAS: Grupo BBF abre novas oportunidades, confira as chances de emprego aqui"},"content":{"rendered":"<div class=\"group w-full text-token-text-primary border-b border-black\/10 dark:border-gray-900\/50 bg-gray-50 dark:bg-[#444654]\">\n<div class=\"flex p-4 gap-4 text-base md:gap-6 md:max-w-2xl lg:max-w-[38rem] xl:max-w-3xl md:py-6 lg:px-0 m-auto\">\n<div class=\"relative flex w-[calc(100%-50px)] flex-col gap-1 md:gap-3 lg:w-[calc(100%-115px)]\">\n<div class=\"flex flex-grow flex-col gap-3\">\n<div class=\"min-h-[20px] flex flex-col items-start gap-3 overflow-x-auto whitespace-pre-wrap break-words\">\n<div class=\"markdown prose w-full break-words dark:prose-invert light\">\n<p>O Grupo BBF acabou abrir<span style=\"text-decoration: underline\"><a href=\"https:\/\/99empregos.com.br\/otimos-salarios-ate-r63-mil-por-mes-claretiano-abre-novas-vagas-de-emprego-confira-aqui\/\"> novas vagas de emprego<\/a> <\/span>em sua equipe e essa poder\u00e1 ser a sua chance especial. Como uma empresa s\u00f3lida e diversificada, o grupo atua em diversos segmentos, como constru\u00e7\u00e3o civil, incorpora\u00e7\u00e3o imobili\u00e1ria, agroneg\u00f3cio e energia. Com uma hist\u00f3ria de sucesso e uma cultura empresarial voltada para o crescimento sustent\u00e1vel, a organiza\u00e7\u00e3o busca por talentos comprometidos e entusiasmados, dispostos a contribuir com sua expertise e inova\u00e7\u00e3o. Se voc\u00ea quer fazer parte da empresa, n\u00e3o deixe de conferir a lista de vagas dispon\u00edveis por l\u00e1:<\/p>\n<ul>\n<li style=\"font-weight: 400\"><span style=\"font-weight: 400\">Analista Cont\u00e1bil II &#8211; S\u00e3o Paulo, SP;<\/span><\/li>\n<li style=\"font-weight: 400\"><span style=\"font-weight: 400\">Analista de Infraestrutura III &#8211; S\u00e3o Paulo, SP;<\/span><\/li>\n<li style=\"font-weight: 400\"><span style=\"font-weight: 400\">Analista de Infraestrutura TI II &#8211; S\u00e3o Paulo, SP;<\/span><\/li>\n<li style=\"font-weight: 400\"><span style=\"font-weight: 400\">Analista de Patrim\u00f4nio &#8211; Moju;<\/span><\/li>\n<li style=\"font-weight: 400\"><span style=\"font-weight: 400\">Analista de Processos &#8211; Tempor\u00e1rio &#8211; S\u00e3o Paulo, SP;<\/span><\/li>\n<li style=\"font-weight: 400\"><span style=\"font-weight: 400\">Analista de RH &#8211; Moju;<\/span><\/li>\n<li style=\"font-weight: 400\"><span style=\"font-weight: 400\">Analista de Seguran\u00e7a da Informa\u00e7\u00e3o Pleno &#8211; S\u00e3o Paulo, SP;<\/span><\/li>\n<li style=\"font-weight: 400\"><span style=\"font-weight: 400\">Assistente Administrativo &#8211; Exclusivo PCD &#8211; S\u00e3o Paulo, SP;<\/span><\/li>\n<li style=\"font-weight: 400\"><span style=\"font-weight: 400\">Auxiliar Agron\u00f4mico &#8211; Conc\u00f3rdia do Par\u00e1, PA;<\/span><\/li>\n<li style=\"font-weight: 400\"><span style=\"font-weight: 400\">Auxiliar Agron\u00f4mico &#8211; Moju;<\/span><\/li>\n<li style=\"font-weight: 400\"><span style=\"font-weight: 400\">Auxiliar de Conserva\u00e7\u00e3o &#8211; Moju;<\/span><\/li>\n<li style=\"font-weight: 400\"><span style=\"font-weight: 400\">Auxiliar de Log\u00edstica &#8211; Moju;<\/span><\/li>\n<li style=\"font-weight: 400\"><span style=\"font-weight: 400\">Auxiliar de Mec\u00e2nico &#8211; Conc\u00f3rdia do Par\u00e1, PA;<\/span><\/li>\n<li style=\"font-weight: 400\"><span style=\"font-weight: 400\">Comprador III &#8211; S\u00e3o Paulo, SP;<\/span><\/li>\n<li style=\"font-weight: 400\"><span style=\"font-weight: 400\">Coordenador Agr\u00edcola &#8211; Conc\u00f3rdia do Par\u00e1, PA (Banco de talentos);<\/span><\/li>\n<li style=\"font-weight: 400\"><span style=\"font-weight: 400\">Coordenador Geral de Frota &#8211; Moju;<\/span><\/li>\n<li style=\"font-weight: 400\"><span style=\"font-weight: 400\">Coordenador T\u00e9cnico Automotivo &#8211; Moju.<\/span><\/li>\n<\/ul>\n<figure id=\"attachment_42444\" aria-describedby=\"caption-attachment-42444\" style=\"width: 1200px\" class=\"wp-caption aligncenter\"><img decoding=\"async\" class=\"size-full wp-image-42444\" src=\"https:\/\/99empregos.com.br\/blog\/wp-content\/uploads\/2023\/08\/bbf-vagas-2023.jpg\" alt=\"O Grupo BBF est\u00e1 com novas vagas de emprego, confira as oportunidades dispon\u00edveis antes de se candidatar. Foto: Reprodu\u00e7\u00e3o\" width=\"1200\" height=\"650\" srcset=\"https:\/\/99empregos.com.br\/blog\/wp-content\/uploads\/2023\/08\/bbf-vagas-2023.jpg 1200w, https:\/\/99empregos.com.br\/blog\/wp-content\/uploads\/2023\/08\/bbf-vagas-2023-300x163.jpg 300w, https:\/\/99empregos.com.br\/blog\/wp-content\/uploads\/2023\/08\/bbf-vagas-2023-1024x555.jpg 1024w, https:\/\/99empregos.com.br\/blog\/wp-content\/uploads\/2023\/08\/bbf-vagas-2023-768x416.jpg 768w\" sizes=\"(max-width: 1200px) 100vw, 1200px\" \/><figcaption id=\"caption-attachment-42444\" class=\"wp-caption-text\">O Grupo BBF est\u00e1 com novas vagas de emprego, confira as oportunidades dispon\u00edveis antes de se candidatar. Foto: Reprodu\u00e7\u00e3o<\/figcaption><\/figure>\n<h3>Mais informa\u00e7\u00f5es sobre o Grupo BBF<\/h3>\n<p>A BBF foi fundada em 2008, com objetivo de mudar a matriz energ\u00e9tica da regi\u00e3o Norte, criando empregos, gerando renda e reduzindo o custo da energia el\u00e9trica para a popula\u00e7\u00e3o. Tudo isso a partir de uma matriz sustent\u00e1vel e limpa, substituindo o uso de \u00f3leo diesel f\u00f3ssil por biodiesel feito a partir de \u00f3leo de palma. Ao longo do tempo, nos consolidamos como uma das maiores geradoras de energia nos Sistemas Isolados da regi\u00e3o Norte e tamb\u00e9m como a maior produtora de \u00f3leo de palma da Am\u00e9rica Latina. Nossos neg\u00f3cios s\u00e3o ativos de longo prazo e refor\u00e7am nosso compromisso com as melhores pr\u00e1ticas ambientais, sociais e de governan\u00e7a.<\/p>\n<h3>Como se candidatar \u00e0s vagas no Grupo BBF<\/h3>\n<p>Se voc\u00ea encontrou uma oportunidade de emprego que se encaixa naquilo que voc\u00ea tanto busca no mercado de trabalho, n\u00e3o perca mais tempo e <strong><span style=\"text-decoration: underline\"><a href=\"https:\/\/99empregos.com.br\/vaga\/grupo-bbf-abre-novas-vagas-de-emprego-confira-aqui\/\">CLIQUE AQUI NESTE LINK<\/a><\/span><\/strong> para se candidatar e enviar o seu curr\u00edculo agora mesmo para a empresa. A equipe do 123 Empregos deseja uma boa sorte no processo seletivo!<\/p>\n<\/div>\n<\/div>\n<\/div>\n<\/div>\n<\/div>\n<\/div>\n","protected":false},"excerpt":{"rendered":"<p>O Grupo BBF acabou abrir novas vagas de emprego em sua equipe e essa poder\u00e1 ser a sua chance especial. Como uma empresa s\u00f3lida e diversificada, o grupo atua em diversos segmentos, como constru\u00e7\u00e3o civil, incorpora\u00e7\u00e3o imobili\u00e1ria, agroneg\u00f3cio e energia. Com uma hist\u00f3ria de sucesso e uma cultura empresarial voltada para o crescimento sustent\u00e1vel, a [&hellip;]<\/p>\n","protected":false},"author":8,"featured_media":42445,"comment_status":"open","ping_status":"closed","sticky":false,"template":"","format":"standard","meta":{"footnotes":""},"categories":[7],"tags":[1544,734,3251,37],"class_list":["post-42442","post","type-post","status-publish","format-standard","has-post-thumbnail","hentry","category-noticias","tag-1544","tag-novas-vagas","tag-salarios","tag-vagas"],"_links":{"self":[{"href":"https:\/\/99empregos.com.br\/blog\/wp-json\/wp\/v2\/posts\/42442","targetHints":{"allow":["GET"]}}],"collection":[{"href":"https:\/\/99empregos.com.br\/blog\/wp-json\/wp\/v2\/posts"}],"about":[{"href":"https:\/\/99empregos.com.br\/blog\/wp-json\/wp\/v2\/types\/post"}],"author":[{"embeddable":true,"href":"https:\/\/99empregos.com.br\/blog\/wp-json\/wp\/v2\/users\/8"}],"replies":[{"embeddable":true,"href":"https:\/\/99empregos.com.br\/blog\/wp-json\/wp\/v2\/comments?post=42442"}],"version-history":[{"count":0,"href":"https:\/\/99empregos.com.br\/blog\/wp-json\/wp\/v2\/posts\/42442\/revisions"}],"wp:featuredmedia":[{"embeddable":true,"href":"https:\/\/99empregos.com.br\/blog\/wp-json\/wp\/v2\/media\/42445"}],"wp:attachment":[{"href":"https:\/\/99empregos.com.br\/blog\/wp-json\/wp\/v2\/media?parent=42442"}],"wp:term":[{"taxonomy":"category","embeddable":true,"href":"https:\/\/99empregos.com.br\/blog\/wp-json\/wp\/v2\/categories?post=42442"},{"taxonomy":"post_tag","embeddable":true,"href":"https:\/\/99empregos.com.br\/blog\/wp-json\/wp\/v2\/tags?post=42442"}],"curies":[{"name":"wp","href":"https:\/\/api.w.org\/{rel}","templated":true}]}}