{"id":42467,"date":"2023-08-03T15:01:06","date_gmt":"2023-08-03T18:01:06","guid":{"rendered":"https:\/\/123empregos.com.br\/?p=42467"},"modified":"2023-08-03T15:01:06","modified_gmt":"2023-08-03T18:01:06","slug":"vagas-de-emprego-para-agosto-rede-moura-abre-nova-lista-de-oportunidades-veja-os-salarios-e-as-cidades-disponiveis","status":"publish","type":"post","link":"https:\/\/99empregos.com.br\/blog\/vagas-de-emprego-para-agosto-rede-moura-abre-nova-lista-de-oportunidades-veja-os-salarios-e-as-cidades-disponiveis\/","title":{"rendered":"VAGAS DE EMPREGO PARA AGOSTO: Rede Moura abre nova lista de oportunidades, veja os sal\u00e1rios e as cidades dispon\u00edveis"},"content":{"rendered":"<div class=\"group w-full text-token-text-primary border-b border-black\/10 dark:border-gray-900\/50 bg-gray-50 dark:bg-[#444654]\">\n<div class=\"flex p-4 gap-4 text-base md:gap-6 md:max-w-2xl lg:max-w-[38rem] xl:max-w-3xl md:py-6 lg:px-0 m-auto\">\n<div class=\"relative flex w-[calc(100%-50px)] flex-col gap-1 md:gap-3 lg:w-[calc(100%-115px)]\">\n<div class=\"flex flex-grow flex-col gap-3\">\n<div class=\"min-h-[20px] flex flex-col items-start gap-3 overflow-x-auto whitespace-pre-wrap break-words\">\n<div class=\"markdown prose w-full break-words dark:prose-invert light\">\n<p>A <a href=\"https:\/\/www.moura.com.br\/\" target=\"_blank\" rel=\"noopener\">Rede Moura<\/a> anunciou nas \u00faltimas horas a abertura de <span style=\"text-decoration: underline\"><a href=\"https:\/\/99empregos.com.br\/vaga\/microcamp-rede-de-escolas-tem-otimas-vagas-de-emprego\/\">novas oportunidades profissionais<\/a> <\/span>para candidatos que desejam integrar a sua equipe. A empresa conta com uma cultura empresarial focada na qualidade dos produtos e servi\u00e7os oferecidos e proporciona um ambiente de trabalho colaborativo e acolhedor, onde os colaboradores t\u00eam a chance de crescer e se desenvolver profissionalmente. Se voc\u00ea deseja fazer parte da Rede Moura, confira a lista de vagas dispon\u00edveis por l\u00e1:<\/p>\n<ul>\n<li style=\"font-weight: 400\"><span style=\"font-weight: 400\">Analista Comercial | Lauro de Freitas &#8211; BA;<\/span><\/li>\n<li style=\"font-weight: 400\"><span style=\"font-weight: 400\">Analista de Implementa\u00e7\u00e3o de ERP | Boa Viagem &#8211; PE;<\/span><\/li>\n<li style=\"font-weight: 400\"><span style=\"font-weight: 400\">Assistente Administrativo | Volta Redonda &#8211; RJ;<\/span><\/li>\n<li style=\"font-weight: 400\"><span style=\"font-weight: 400\">Assistente Administrativo | Cachoeiro de Itapemirim &#8211; ES;<\/span><\/li>\n<li style=\"font-weight: 400\"><span style=\"font-weight: 400\">Assistente Administrativo | Caxias do Sul\/RS;<\/span><\/li>\n<li style=\"font-weight: 400\"><span style=\"font-weight: 400\">Assistente Administrativo (Faturamento) | Passo Fundo\/RS;<\/span><\/li>\n<li style=\"font-weight: 400\"><span style=\"font-weight: 400\">Assistente Administrativo | Financeiro Guarapuava &#8211; PR;<\/span><\/li>\n<li style=\"font-weight: 400\"><span style=\"font-weight: 400\">Assistente Administrativo Financeiro | Cuiab\u00e1 (\u00canfase em Cobran\u00e7a) | Cuiab\u00e1 &#8211; MT;<\/span><\/li>\n<li style=\"font-weight: 400\"><span style=\"font-weight: 400\">Assistente Administrativo (Foco em Faturamento) | Belo Horizonte | Belo Horizonte &#8211; MG;<\/span><\/li>\n<li style=\"font-weight: 400\"><span style=\"font-weight: 400\">Assistente Administrativo | Santa Maria \/ RS;<\/span><\/li>\n<li style=\"font-weight: 400\"><span style=\"font-weight: 400\">Assistente Comercial | Cuiab\u00e1 | Cuiab\u00e1 &#8211; MT;<\/span><\/li>\n<li style=\"font-weight: 400\"><span style=\"font-weight: 400\">Assistente de Log\u00edstica | Pelotas | Pelotas &#8211; RS;<\/span><\/li>\n<li style=\"font-weight: 400\"><span style=\"font-weight: 400\">Assistente de Log\u00edstica | Pelotas\/RS | Pelotas &#8211; RS;<\/span><\/li>\n<li style=\"font-weight: 400\"><span style=\"font-weight: 400\">Assistente de Log\u00edstica | Banco de Talentos | Sinop &#8211; MT;<\/span><\/li>\n<li style=\"font-weight: 400\"><span style=\"font-weight: 400\">Assistente T\u00e9cnico &#8211; Blumenau\/SC | Blumenau &#8211; SC;<\/span><\/li>\n<li style=\"font-weight: 400\"><span style=\"font-weight: 400\">Assistente T\u00e9cnico &#8211; Campos dos Goytacazes | Campos dos Goytacazes &#8211; RJ;<\/span><\/li>\n<li style=\"font-weight: 400\"><span style=\"font-weight: 400\">Assistente T\u00e9cnico &#8211; Goi\u00e2nia (Godal) | Goi\u00e2nia &#8211; GO;<\/span><\/li>\n<li style=\"font-weight: 400\"><span style=\"font-weight: 400\">Auxiliar Operacional de Log\u00edstica | Linhares &#8211; ES;<\/span><\/li>\n<li style=\"font-weight: 400\"><span style=\"font-weight: 400\">Auxiliar Operacional de Log\u00edstica | Piracicaba &#8211; SP;<\/span><\/li>\n<li style=\"font-weight: 400\"><span style=\"font-weight: 400\">Auxiliar Operacional de Log\u00edstica | Diadema &#8211; SP.<\/span><\/li>\n<\/ul>\n<figure id=\"attachment_42469\" aria-describedby=\"caption-attachment-42469\" style=\"width: 1200px\" class=\"wp-caption aligncenter\"><img decoding=\"async\" class=\"size-full wp-image-42469\" src=\"https:\/\/99empregos.com.br\/blog\/wp-content\/uploads\/2023\/08\/moura-vagas-2023.jpg\" alt=\"A Rede Moura est\u00e1 com novas vagas de emprego, confira aqui. Foto: Reprodu\u00e7\u00e3o\" width=\"1200\" height=\"650\" srcset=\"https:\/\/99empregos.com.br\/blog\/wp-content\/uploads\/2023\/08\/moura-vagas-2023.jpg 1200w, https:\/\/99empregos.com.br\/blog\/wp-content\/uploads\/2023\/08\/moura-vagas-2023-300x163.jpg 300w, https:\/\/99empregos.com.br\/blog\/wp-content\/uploads\/2023\/08\/moura-vagas-2023-1024x555.jpg 1024w, https:\/\/99empregos.com.br\/blog\/wp-content\/uploads\/2023\/08\/moura-vagas-2023-768x416.jpg 768w\" sizes=\"(max-width: 1200px) 100vw, 1200px\" \/><figcaption id=\"caption-attachment-42469\" class=\"wp-caption-text\">A Rede Moura est\u00e1 com novas vagas de emprego, confira aqui. Foto: Reprodu\u00e7\u00e3o<\/figcaption><\/figure>\n<h3>Mais informa\u00e7\u00f5es sobre a Rede Moura<\/h3>\n<p>Continuamente as empresas da Moura buscam novos talentos para compor suas equipes. Se voc\u00ea tem perfil din\u00e2mico, trabalha com foco em resultados, apresenta bom relacionamento interpessoal, trabalho em equipe e busca constante pela melhoria cont\u00ednua, venha fazer parte de nosso Time.<\/p>\n<p>Nossa hist\u00f3ria \u00e9 uma prova de que relacionamentos de confian\u00e7a s\u00e3o essenciais para crescer e superar situa\u00e7\u00f5es de dificuldade. Esta \u00e9 uma heran\u00e7a de nosso fundador, que desejamos cultivar e fortalecer a fim de consolidar o \u201cJeito Moura\u201d e perenizar o nosso neg\u00f3cio. Somos otimistas. Acreditamos na melhoria cont\u00ednua: como indiv\u00edduos, empresa e sociedade.<\/p>\n<h3>Como se candidatar \u00e0s vagas de emprego na Rede Moura?<\/h3>\n<p>Se voc\u00ea encontrou uma oportunidade de emprego que se encaixa naquilo que voc\u00ea tanto busca no mercado de trabalho, n\u00e3o perca mais tempo e <strong><span style=\"text-decoration: underline\"><a href=\"https:\/\/99empregos.com.br\/vaga\/rede-moura-abre-novas-vagas-de-emprego-confira-as-oportunidades\/\">CLIQUE AQUI NESTE LINK<\/a> <\/span><\/strong>para se candidatar e enviar o seu curr\u00edculo agora mesmo para a empresa. A equipe do 123 Empregos deseja uma boa sorte no processo seletivo!<\/p>\n<\/div>\n<\/div>\n<\/div>\n<\/div>\n<\/div>\n<\/div>\n","protected":false},"excerpt":{"rendered":"<p>A Rede Moura anunciou nas \u00faltimas horas a abertura de novas oportunidades profissionais para candidatos que desejam integrar a sua equipe. A empresa conta com uma cultura empresarial focada na qualidade dos produtos e servi\u00e7os oferecidos e proporciona um ambiente de trabalho colaborativo e acolhedor, onde os colaboradores t\u00eam a chance de crescer e se [&hellip;]<\/p>\n","protected":false},"author":8,"featured_media":42470,"comment_status":"open","ping_status":"closed","sticky":false,"template":"","format":"standard","meta":{"footnotes":""},"categories":[7],"tags":[1544,5,734,3251,37],"class_list":["post-42467","post","type-post","status-publish","format-standard","has-post-thumbnail","hentry","category-noticias","tag-1544","tag-empregos","tag-novas-vagas","tag-salarios","tag-vagas"],"_links":{"self":[{"href":"https:\/\/99empregos.com.br\/blog\/wp-json\/wp\/v2\/posts\/42467","targetHints":{"allow":["GET"]}}],"collection":[{"href":"https:\/\/99empregos.com.br\/blog\/wp-json\/wp\/v2\/posts"}],"about":[{"href":"https:\/\/99empregos.com.br\/blog\/wp-json\/wp\/v2\/types\/post"}],"author":[{"embeddable":true,"href":"https:\/\/99empregos.com.br\/blog\/wp-json\/wp\/v2\/users\/8"}],"replies":[{"embeddable":true,"href":"https:\/\/99empregos.com.br\/blog\/wp-json\/wp\/v2\/comments?post=42467"}],"version-history":[{"count":0,"href":"https:\/\/99empregos.com.br\/blog\/wp-json\/wp\/v2\/posts\/42467\/revisions"}],"wp:featuredmedia":[{"embeddable":true,"href":"https:\/\/99empregos.com.br\/blog\/wp-json\/wp\/v2\/media\/42470"}],"wp:attachment":[{"href":"https:\/\/99empregos.com.br\/blog\/wp-json\/wp\/v2\/media?parent=42467"}],"wp:term":[{"taxonomy":"category","embeddable":true,"href":"https:\/\/99empregos.com.br\/blog\/wp-json\/wp\/v2\/categories?post=42467"},{"taxonomy":"post_tag","embeddable":true,"href":"https:\/\/99empregos.com.br\/blog\/wp-json\/wp\/v2\/tags?post=42467"}],"curies":[{"name":"wp","href":"https:\/\/api.w.org\/{rel}","templated":true}]}}