{"id":42521,"date":"2023-08-04T10:23:35","date_gmt":"2023-08-04T13:23:35","guid":{"rendered":"https:\/\/123empregos.com.br\/?p=42521"},"modified":"2023-08-04T10:23:35","modified_gmt":"2023-08-04T13:23:35","slug":"humanitarian-calcados-abre-novas-vagas-de-emprego-candidate-se-em-menos-de-4-minutos","status":"publish","type":"post","link":"https:\/\/99empregos.com.br\/blog\/humanitarian-calcados-abre-novas-vagas-de-emprego-candidate-se-em-menos-de-4-minutos\/","title":{"rendered":"Humanitarian Cal\u00e7ados abre NOVAS VAGAS DE EMPREGO, candidate-se em menos de 4 minutos!"},"content":{"rendered":"<div class=\"group w-full text-token-text-primary border-b border-black\/10 dark:border-gray-900\/50 bg-gray-50 dark:bg-[#444654]\">\n<div class=\"flex p-4 gap-4 text-base md:gap-6 md:max-w-2xl lg:max-w-[38rem] xl:max-w-3xl md:py-6 lg:px-0 m-auto\">\n<div class=\"relative flex w-[calc(100%-50px)] flex-col gap-1 md:gap-3 lg:w-[calc(100%-115px)]\">\n<div class=\"flex flex-grow flex-col gap-3\">\n<div class=\"min-h-[20px] flex flex-col items-start gap-3 overflow-x-auto whitespace-pre-wrap break-words\">\n<div class=\"markdown prose w-full break-words dark:prose-invert light\">\n<p>A Humanitarian Cal\u00e7ados acabou de anunciar a abertura de novas <span style=\"text-decoration: underline\"><a href=\"https:\/\/99empregos.com.br\/vaga\/grupo-bbf-abre-novas-vagas-de-emprego-confira-aqui\/\">vagas de emprego<\/a><\/span> em sua companhia e essa pode ser a sua chance. Reconhecida por sua dedica\u00e7\u00e3o \u00e0 qualidade e inova\u00e7\u00e3o, a empresa oferece um ambiente de trabalho enriquecedor, onde cada membro pode crescer e contribuir para a miss\u00e3o de criar cal\u00e7ados excepcionais. Se voc\u00ea busca uma carreira que une paix\u00e3o e profissionalismo, n\u00e3o deixe de conferir a lista completa de vagas logo abaixo:<\/p>\n<ul>\n<li style=\"font-weight: 400\"><span style=\"font-weight: 400\">Analista de Marketing &#8211; Bragan\u00e7a Paulista &#8211; SP;<\/span><\/li>\n<li style=\"font-weight: 400\"><span style=\"font-weight: 400\">Analista Fiscal &#8211; Bragan\u00e7a Paulista &#8211; SP;<\/span><\/li>\n<li style=\"font-weight: 400\"><span style=\"font-weight: 400\">Aprendiz &#8211; S\u00e3o Jos\u00e9 do Rio Preto &#8211; SP;<\/span><\/li>\n<li style=\"font-weight: 400\"><span style=\"font-weight: 400\">Assistente de Log\u00edstica Reversa &#8211; Bragan\u00e7a Paulista &#8211; SP;<\/span><\/li>\n<li style=\"font-weight: 400\"><span style=\"font-weight: 400\">Assistente de Opera\u00e7\u00f5es &#8211; Jacare\u00ed &#8211; SP;<\/span><\/li>\n<li style=\"font-weight: 400\"><span style=\"font-weight: 400\">Assistente de Opera\u00e7\u00f5es &#8211; Itu &#8211; SP;<\/span><\/li>\n<li style=\"font-weight: 400\"><span style=\"font-weight: 400\">Assistente de Opera\u00e7\u00f5es &#8211; Campinas &#8211; SP;<\/span><\/li>\n<li style=\"font-weight: 400\"><span style=\"font-weight: 400\">Assistente de Opera\u00e7\u00f5es &#8211; Varginha &#8211; SP;<\/span><\/li>\n<li style=\"font-weight: 400\"><span style=\"font-weight: 400\">Assistente de Opera\u00e7\u00f5es &#8211; Campinas &#8211; SP;<\/span><\/li>\n<li style=\"font-weight: 400\"><span style=\"font-weight: 400\">Assistente de Opera\u00e7\u00f5es &#8211; Ribeir\u00e3o Preto &#8211; SP;<\/span><\/li>\n<li style=\"font-weight: 400\"><span style=\"font-weight: 400\">Assistente de Opera\u00e7\u00f5es &#8211; Sert\u00e3ozinho &#8211; SP;<\/span><\/li>\n<li style=\"font-weight: 400\"><span style=\"font-weight: 400\">Assistente de Opera\u00e7\u00f5es &#8211; Bragan\u00e7a Paulista &#8211; SP;<\/span><\/li>\n<li style=\"font-weight: 400\"><span style=\"font-weight: 400\">Assistente de Opera\u00e7\u00f5es &#8211; Mar\u00edlia &#8211; SP;<\/span><\/li>\n<li style=\"font-weight: 400\"><span style=\"font-weight: 400\">Assistente de Opera\u00e7\u00f5es &#8211; Ribeir\u00e3o Preto &#8211; SP;<\/span><\/li>\n<li style=\"font-weight: 400\"><span style=\"font-weight: 400\">Assistente de Opera\u00e7\u00f5es &#8211; Sert\u00e3ozinho &#8211; SP.<\/span><\/li>\n<\/ul>\n<figure id=\"attachment_42526\" aria-describedby=\"caption-attachment-42526\" style=\"width: 1200px\" class=\"wp-caption aligncenter\"><img decoding=\"async\" class=\"size-full wp-image-42526\" src=\"https:\/\/99empregos.com.br\/blog\/wp-content\/uploads\/2023\/08\/htn-vagas-2023-1.jpg\" alt=\"A Humanitarian Cal\u00e7ados abriu novas vagas de emprego, CANDIDATE-SE AQUI. Foto: Reprodu\u00e7\u00e3o\" width=\"1200\" height=\"675\" srcset=\"https:\/\/99empregos.com.br\/blog\/wp-content\/uploads\/2023\/08\/htn-vagas-2023-1.jpg 1200w, https:\/\/99empregos.com.br\/blog\/wp-content\/uploads\/2023\/08\/htn-vagas-2023-1-300x169.jpg 300w, https:\/\/99empregos.com.br\/blog\/wp-content\/uploads\/2023\/08\/htn-vagas-2023-1-1024x576.jpg 1024w, https:\/\/99empregos.com.br\/blog\/wp-content\/uploads\/2023\/08\/htn-vagas-2023-1-768x432.jpg 768w\" sizes=\"(max-width: 1200px) 100vw, 1200px\" \/><figcaption id=\"caption-attachment-42526\" class=\"wp-caption-text\">A Humanitarian Cal\u00e7ados abriu novas vagas de emprego, CANDIDATE-SE AQUI. Foto: Reprodu\u00e7\u00e3o<\/figcaption><\/figure>\n<h3>Mais informa\u00e7\u00f5es sobre a Humanitarian<\/h3>\n<p>Fundada em 1980, a rede Humanitarian Cal\u00e7ados, tem 50 lojas, atuando em mais de 22 cidades distribu\u00eddas nos estados: SP, RJ, MG e PR, destacando-se entre as cinco maiores do segmento no Brasil. Especialista em cal\u00e7ados, a Humanitarian comercializa as principais marcas do setor e mant\u00e9m um intenso relacionamento com a ind\u00fastria, o que garante as melhores ofertas para os nossos clientes. Mantendo o compromisso de encantar seus consumidores com uma experi\u00eancia de compra diferenciada, a Humanitarian Cal\u00e7ados se renova a cada dia. S\u00e3o milhares de profissionais empenhados para que as lojas possam funcionar em plena harmonia, oferecendo todos os dias o melhor atendimento de moda.<\/p>\n<h3>Como se candidatar?<\/h3>\n<p>Se voc\u00ea encontrou uma vaga de emprego que se encaixa com as suas diretrizes, <strong><span style=\"text-decoration: underline\"><a href=\"https:\/\/99empregos.com.br\/vaga\/humanitarian-calcados-abre-novas-vagas-confira\/\">CLIQUE NESTE LINK AQUI<\/a><\/span><\/strong> e candidate-se agora mesmo por l\u00e1. Antes de confirmar sua inscri\u00e7\u00e3o, veja se os seus dados est\u00e3o atualizados. A equipe do 123 Empregos te deseja uma boa sorte durante o processo de sele\u00e7\u00e3o!<\/p>\n<\/div>\n<\/div>\n<\/div>\n<\/div>\n<\/div>\n<\/div>\n","protected":false},"excerpt":{"rendered":"<p>A Humanitarian Cal\u00e7ados acabou de anunciar a abertura de novas vagas de emprego em sua companhia e essa pode ser a sua chance. Reconhecida por sua dedica\u00e7\u00e3o \u00e0 qualidade e inova\u00e7\u00e3o, a empresa oferece um ambiente de trabalho enriquecedor, onde cada membro pode crescer e contribuir para a miss\u00e3o de criar cal\u00e7ados excepcionais. Se voc\u00ea [&hellip;]<\/p>\n","protected":false},"author":8,"featured_media":42527,"comment_status":"open","ping_status":"closed","sticky":false,"template":"","format":"standard","meta":{"footnotes":""},"categories":[7],"tags":[1544,2500,3251,37],"class_list":["post-42521","post","type-post","status-publish","format-standard","has-post-thumbnail","hentry","category-noticias","tag-1544","tag-empregos-hoje","tag-salarios","tag-vagas"],"_links":{"self":[{"href":"https:\/\/99empregos.com.br\/blog\/wp-json\/wp\/v2\/posts\/42521","targetHints":{"allow":["GET"]}}],"collection":[{"href":"https:\/\/99empregos.com.br\/blog\/wp-json\/wp\/v2\/posts"}],"about":[{"href":"https:\/\/99empregos.com.br\/blog\/wp-json\/wp\/v2\/types\/post"}],"author":[{"embeddable":true,"href":"https:\/\/99empregos.com.br\/blog\/wp-json\/wp\/v2\/users\/8"}],"replies":[{"embeddable":true,"href":"https:\/\/99empregos.com.br\/blog\/wp-json\/wp\/v2\/comments?post=42521"}],"version-history":[{"count":0,"href":"https:\/\/99empregos.com.br\/blog\/wp-json\/wp\/v2\/posts\/42521\/revisions"}],"wp:featuredmedia":[{"embeddable":true,"href":"https:\/\/99empregos.com.br\/blog\/wp-json\/wp\/v2\/media\/42527"}],"wp:attachment":[{"href":"https:\/\/99empregos.com.br\/blog\/wp-json\/wp\/v2\/media?parent=42521"}],"wp:term":[{"taxonomy":"category","embeddable":true,"href":"https:\/\/99empregos.com.br\/blog\/wp-json\/wp\/v2\/categories?post=42521"},{"taxonomy":"post_tag","embeddable":true,"href":"https:\/\/99empregos.com.br\/blog\/wp-json\/wp\/v2\/tags?post=42521"}],"curies":[{"name":"wp","href":"https:\/\/api.w.org\/{rel}","templated":true}]}}