{"id":42549,"date":"2023-08-04T10:45:16","date_gmt":"2023-08-04T13:45:16","guid":{"rendered":"https:\/\/123empregos.com.br\/?p=42549"},"modified":"2025-04-30T16:06:06","modified_gmt":"2025-04-30T19:06:06","slug":"ultimas-vagas-para-2023-eurofarma-adianta-lista-de-empregos-e-oferece-novas-oportunidades-confira","status":"publish","type":"post","link":"https:\/\/99empregos.com.br\/blog\/ultimas-vagas-para-2023-eurofarma-adianta-lista-de-empregos-e-oferece-novas-oportunidades-confira\/","title":{"rendered":"\u00daLTIMAS VAGAS PARA 2023: Eurofarma adianta lista de empregos e oferece novas oportunidades, confira!"},"content":{"rendered":"<div class=\"group w-full text-token-text-primary border-b border-black\/10 dark:border-gray-900\/50 bg-gray-50 dark:bg-[#444654]\">\n<div class=\"flex p-4 gap-4 text-base md:gap-6 md:max-w-2xl lg:max-w-[38rem] xl:max-w-3xl md:py-6 lg:px-0 m-auto\">\n<div class=\"relative flex w-[calc(100%-50px)] flex-col gap-1 md:gap-3 lg:w-[calc(100%-115px)]\">\n<div class=\"flex flex-grow flex-col gap-3\">\n<div class=\"min-h-[20px] flex flex-col items-start gap-3 overflow-x-auto whitespace-pre-wrap break-words\">\n<div class=\"markdown prose w-full break-words dark:prose-invert light\">\n<p>A <a href=\"https:\/\/eurofarma.com.br\/\" target=\"_blank\" rel=\"noopener\">Eurofarma<\/a>, uma das principais empresas farmac\u00eauticas da Am\u00e9rica Latina, divulgou recentemente uma nova lista com <span style=\"text-decoration: underline\"><a href=\"https:\/\/99empregos.com.br\/vaga\/grupo-koch-abre-novas-vagas-de-emprego-confira-aqui\/\">vagas de emprego<\/a><\/span> dispon\u00edveis em diversas unidades, ampliando sua equipe em um momento crucial de avan\u00e7os no setor de sa\u00fade. Com um compromisso s\u00f3lido com a inova\u00e7\u00e3o e a qualidade, a Eurofarma oferece oportunidades emocionantes para profissionais talentosos e dedicados. As vagas podem ser conferidas na lista abaixo:<\/p>\n<ul>\n<li style=\"font-weight: 400\"><span style=\"font-weight: 400\">Analista Administrativo JR &#8211; S\u00e3o Paulo &#8211; SP;<\/span><\/li>\n<li style=\"font-weight: 400\"><span style=\"font-weight: 400\">Analista de Documenta\u00e7\u00e3o T\u00e9cnica S\u00eanior P&amp;D &#8211; Itapevi &#8211; SP;<\/span><\/li>\n<li style=\"font-weight: 400\"><span style=\"font-weight: 400\">Analista de Valida\u00e7\u00e3o II &#8211; Sistemas Computadorizados VSC &#8211; Itapevi &#8211; SP;<\/span><\/li>\n<li style=\"font-weight: 400\"><span style=\"font-weight: 400\">Analista Log\u00edstica Jr &#8211; Transportes &#8211; Itapevi &#8211; SP;<\/span><\/li>\n<li style=\"font-weight: 400\"><span style=\"font-weight: 400\">Analista Materiais PL &#8211; PCP &#8211; Itapevi &#8211; SP;<\/span><\/li>\n<li style=\"font-weight: 400\"><span style=\"font-weight: 400\">Analista Mercado PL &#8211; S\u00e3o Paulo &#8211; SP;<\/span><\/li>\n<li style=\"font-weight: 400\"><span style=\"font-weight: 400\">Analista Neg\u00f3cios &#8211; SAP SD &#8211; S\u00e3o Paulo &#8211; SP;<\/span><\/li>\n<li style=\"font-weight: 400\"><span style=\"font-weight: 400\">Analista Novos Neg\u00f3cios PL &#8211; S\u00e3o Paulo &#8211; SP;<\/span><\/li>\n<li style=\"font-weight: 400\"><span style=\"font-weight: 400\">Analista Opera\u00e7\u00f5es Industriais Jr &#8211; Itapevi &#8211; SP;<\/span><\/li>\n<li style=\"font-weight: 400\"><span style=\"font-weight: 400\">Analista Projetos Sr (Planejamento) &#8211; Montes Claros &#8211; MG;<\/span><\/li>\n<li style=\"font-weight: 400\"><span style=\"font-weight: 400\">Auxiliar de Laborat\u00f3rio (Magabi) &#8211; Exclusiva PCD &#8211; Itapevi &#8211; SP;<\/span><\/li>\n<li style=\"font-weight: 400\"><span style=\"font-weight: 400\">Auxiliar de Laborat\u00f3rio- (Vaga exclusiva para PCD) &#8211; Itapevi &#8211; SP;<\/span><\/li>\n<li style=\"font-weight: 400\"><span style=\"font-weight: 400\">Auxiliar de Opera\u00e7\u00f5es &#8211; Ordem Eletr\u00f4nica (Vaga exclusiva para PCD) &#8211; Itapevi &#8211; SP;<\/span><\/li>\n<li style=\"font-weight: 400\"><span style=\"font-weight: 400\">Auxiliar Escritorio (Processo Inclusivo) &#8211; Garanhuns &#8211; PE;<\/span><\/li>\n<li style=\"font-weight: 400\"><span style=\"font-weight: 400\">Banco de Talentos &#8211; S\u00e3o Paulo &#8211; SP;<\/span><\/li>\n<li style=\"font-weight: 400\"><span style=\"font-weight: 400\">Banco de Talentos &#8211; \u00c1rea de Inova\u00e7\u00e3o (Exclusivo PCD) &#8211; Itapevi &#8211; SP;<\/span><\/li>\n<li style=\"font-weight: 400\"><span style=\"font-weight: 400\">Banco de Talentos &#8211; Auxiliar de Produ\u00e7\u00e3o &#8211; Itapevi;<\/span><\/li>\n<li style=\"font-weight: 400\"><span style=\"font-weight: 400\">Banco de Talentos Inclusivo (Pessoas com Defici\u00eancia) &#8211; Itapevi.<\/span><\/li>\n<\/ul>\n<figure id=\"attachment_42551\" aria-describedby=\"caption-attachment-42551\" style=\"width: 1200px\" class=\"wp-caption aligncenter\"><img decoding=\"async\" class=\"size-full wp-image-42551\" src=\"https:\/\/99empregos.com.br\/blog\/wp-content\/uploads\/2023\/08\/eurofarma-vagas-2023.jpg\" alt=\"NOVAS VAGAS DE EMPREGO na Eurofarma, candidate-se agora mesmo. Foto: Reprodu\u00e7\u00e3o\" width=\"1200\" height=\"675\" srcset=\"https:\/\/99empregos.com.br\/blog\/wp-content\/uploads\/2023\/08\/eurofarma-vagas-2023.jpg 1200w, https:\/\/99empregos.com.br\/blog\/wp-content\/uploads\/2023\/08\/eurofarma-vagas-2023-300x169.jpg 300w, https:\/\/99empregos.com.br\/blog\/wp-content\/uploads\/2023\/08\/eurofarma-vagas-2023-1024x576.jpg 1024w, https:\/\/99empregos.com.br\/blog\/wp-content\/uploads\/2023\/08\/eurofarma-vagas-2023-768x432.jpg 768w\" sizes=\"(max-width: 1200px) 100vw, 1200px\" \/><figcaption id=\"caption-attachment-42551\" class=\"wp-caption-text\">NOVAS VAGAS DE EMPREGO na Eurofarma, candidate-se agora mesmo. Foto: Reprodu\u00e7\u00e3o<\/figcaption><\/figure>\n<h3>Mais informa\u00e7\u00f5es sobre a Eurofarma<\/h3>\n<p class=\"ql-align-justify\">A Eurofarma, multinacional brasileira presente em mais de 20 pa\u00edses, tem 50 anos de hist\u00f3ria e o prop\u00f3sito de tornar a sa\u00fade acess\u00edvel para que as pessoas possam viver mais e melhor. Com mais de 8,1 mil profissionais, atuamos em todos os principais segmentos farmac\u00eauticos e somos l\u00edderes em receitu\u00e1rio m\u00e9dico no Brasil.<\/p>\n<p class=\"ql-align-justify\">Orientados por s\u00f3lidos valores e pela cren\u00e7a de que as empresas t\u00eam um importante papel de transforma\u00e7\u00e3o na sociedade, entendemos que Diversidade e Inclus\u00e3o s\u00e3o pilares fundamentais na trajet\u00f3ria de crescimento e para nos tornarmos cada vez mais globais.<\/p>\n<h3>Como se candidatar \u00e0s vagas de emprego na Eurofarma?<\/h3>\n<p>Se voc\u00ea encontrou uma vaga de emprego que se encaixa com as suas diretrizes, <strong><span style=\"text-decoration: underline\"><a href=\"https:\/\/99empregos.com.br\/vaga\/eurofarma-abre-novas-vagas-de-emprego-confira\/\">CLIQUE NESTE LINK AQUI<\/a><\/span><\/strong> e candidate-se agora mesmo por l\u00e1. Antes de confirmar sua inscri\u00e7\u00e3o, veja se os seus dados est\u00e3o atualizados. A equipe do 123 Empregos te deseja uma boa sorte durante o processo de sele\u00e7\u00e3o!<\/p>\n<\/div>\n<\/div>\n<\/div>\n<\/div>\n<\/div>\n<\/div>\n","protected":false},"excerpt":{"rendered":"<p>A Eurofarma, uma das principais empresas farmac\u00eauticas da Am\u00e9rica Latina, divulgou recentemente uma nova lista com vagas de emprego dispon\u00edveis em diversas unidades, ampliando sua equipe em um momento crucial de avan\u00e7os no setor de sa\u00fade. Com um compromisso s\u00f3lido com a inova\u00e7\u00e3o e a qualidade, a Eurofarma oferece oportunidades emocionantes para profissionais talentosos e [&hellip;]<\/p>\n","protected":false},"author":8,"featured_media":42552,"comment_status":"open","ping_status":"closed","sticky":false,"template":"","format":"standard","meta":{"footnotes":""},"categories":[7],"tags":[3075,5,1499,3293,3251,37],"class_list":["post-42549","post","type-post","status-publish","format-standard","has-post-thumbnail","hentry","category-noticias","tag-123-empregos","tag-empregos","tag-eurofarma","tag-hoje","tag-salarios","tag-vagas"],"_links":{"self":[{"href":"https:\/\/99empregos.com.br\/blog\/wp-json\/wp\/v2\/posts\/42549","targetHints":{"allow":["GET"]}}],"collection":[{"href":"https:\/\/99empregos.com.br\/blog\/wp-json\/wp\/v2\/posts"}],"about":[{"href":"https:\/\/99empregos.com.br\/blog\/wp-json\/wp\/v2\/types\/post"}],"author":[{"embeddable":true,"href":"https:\/\/99empregos.com.br\/blog\/wp-json\/wp\/v2\/users\/8"}],"replies":[{"embeddable":true,"href":"https:\/\/99empregos.com.br\/blog\/wp-json\/wp\/v2\/comments?post=42549"}],"version-history":[{"count":0,"href":"https:\/\/99empregos.com.br\/blog\/wp-json\/wp\/v2\/posts\/42549\/revisions"}],"wp:featuredmedia":[{"embeddable":true,"href":"https:\/\/99empregos.com.br\/blog\/wp-json\/wp\/v2\/media\/42552"}],"wp:attachment":[{"href":"https:\/\/99empregos.com.br\/blog\/wp-json\/wp\/v2\/media?parent=42549"}],"wp:term":[{"taxonomy":"category","embeddable":true,"href":"https:\/\/99empregos.com.br\/blog\/wp-json\/wp\/v2\/categories?post=42549"},{"taxonomy":"post_tag","embeddable":true,"href":"https:\/\/99empregos.com.br\/blog\/wp-json\/wp\/v2\/tags?post=42549"}],"curies":[{"name":"wp","href":"https:\/\/api.w.org\/{rel}","templated":true}]}}