{"id":42691,"date":"2023-08-07T14:27:46","date_gmt":"2023-08-07T17:27:46","guid":{"rendered":"https:\/\/123empregos.com.br\/?p=42691"},"modified":"2023-08-07T14:27:46","modified_gmt":"2023-08-07T17:27:46","slug":"casa-de-saude-santa-marcelina-abre-novas-vagas-salarios-imperdiveis-veja-aqui","status":"publish","type":"post","link":"https:\/\/99empregos.com.br\/blog\/casa-de-saude-santa-marcelina-abre-novas-vagas-salarios-imperdiveis-veja-aqui\/","title":{"rendered":"Casa de Sa\u00fade Santa Marcelina ABRE NOVAS VAGAS, sal\u00e1rios imperd\u00edveis, veja aqui!"},"content":{"rendered":"<div class=\"group w-full text-token-text-primary border-b border-black\/10 dark:border-gray-900\/50 bg-gray-50 dark:bg-[#444654]\">\n<div class=\"flex p-4 gap-4 text-base md:gap-6 md:max-w-2xl lg:max-w-[38rem] xl:max-w-3xl md:py-6 lg:px-0 m-auto\">\n<div class=\"relative flex w-[calc(100%-50px)] flex-col gap-1 md:gap-3 lg:w-[calc(100%-115px)]\">\n<div class=\"flex flex-grow flex-col gap-3\">\n<div class=\"min-h-[20px] flex flex-col items-start gap-3 overflow-x-auto whitespace-pre-wrap break-words\">\n<div class=\"markdown prose w-full break-words dark:prose-invert light\">\n<p>A Casa de Sa\u00fade <a href=\"http:\/\/santamarcelina.org\/\" target=\"_blank\" rel=\"noopener\">Santa Marcelina<\/a> tem o prazer de anunciar a abertura de <span style=\"text-decoration: underline\"><a href=\"https:\/\/99empregos.com.br\/sonha-em-trabalhar-na-azul-novas-vagas-de-emprego-abertas-veja-os-salarios-e-candidate-se\/\">novas vagas de emprego<\/a><\/span> e essa pode ser a sua chance. Com uma hist\u00f3ria dedicada ao cuidado da sa\u00fade e bem-estar, a institui\u00e7\u00e3o \u00e9 conhecida por sua excel\u00eancia e compromisso. Agora, convida profissionais interessados a se juntarem \u00e0 sua equipe em crescimento, onde podem contribuir para uma tradi\u00e7\u00e3o de cuidado de alta qualidade. Confira abaixo a lista completa com vagas dispon\u00edveis por l\u00e1:<\/p>\n<ul>\n<li style=\"font-weight: 400\"><span style=\"font-weight: 400\">Vigia &#8211; Associa\u00e7\u00e3o de Assist\u00eancia Social \u2013 Eny Vieira Machado &#8211; Itaquera &#8211; S\u00e3o Paulo, SP;<\/span><\/li>\n<li style=\"font-weight: 400\"><span style=\"font-weight: 400\">Orientador Socioeducativo SASF &#8211; Associa\u00e7\u00e3o de Assist\u00eancia Social Eny Vieira Machado &#8211; Itaquera &#8211; S\u00e3o Paulo, SP;<\/span><\/li>\n<li style=\"font-weight: 400\"><span style=\"font-weight: 400\">T\u00e9cnico de Gesso &#8211; Edital 168\/2023 &#8211; Vaga Tempor\u00e1ria &#8211; S\u00e3o Paulo, SP;<\/span><\/li>\n<li style=\"font-weight: 400\"><span style=\"font-weight: 400\">Fonoaudi\u00f3logo APS Santa Marcelina (Edital 164\/2023) &#8211; S\u00e3o Paulo, SP;<\/span><\/li>\n<li style=\"font-weight: 400\"><span style=\"font-weight: 400\">Terapeuta Ocupacional &#8211; APS Santa Marcelina (Edital 163\/2023) &#8211; S\u00e3o Paulo, SP;<\/span><\/li>\n<li style=\"font-weight: 400\"><span style=\"font-weight: 400\">Copeiro &#8211; Hospital Santa Marcelina Itaquera &#8211; S\u00e3o Paulo, SP;<\/span><\/li>\n<li style=\"font-weight: 400\"><span style=\"font-weight: 400\">Auxiliar de Lavanderia HSM Itaquera &#8211; Vaga Tempor\u00e1ria &#8211; S\u00e3o Paulo, SP;<\/span><\/li>\n<li style=\"font-weight: 400\"><span style=\"font-weight: 400\">Jardineiro &#8211; Itaquaquecetuba &#8211; S\u00e3o Paulo, SP;<\/span><\/li>\n<li style=\"font-weight: 400\"><span style=\"font-weight: 400\">Auxiliar de Farm\u00e1cia &#8211; Unidade Itaim Paulista &#8211; S\u00e3o Paulo, SP;<\/span><\/li>\n<li style=\"font-weight: 400\"><span style=\"font-weight: 400\">T\u00e9cnico de Gesso &#8211; Itaquaquecetuba &#8211; S\u00e3o Paulo, SP;<\/span><\/li>\n<li style=\"font-weight: 400\"><span style=\"font-weight: 400\">Camareira HSM Itaquera &#8211; Vaga Tempor\u00e1ria &#8211; S\u00e3o Paulo, SP;<\/span><\/li>\n<li style=\"font-weight: 400\"><span style=\"font-weight: 400\">T\u00e9cnico de Farm\u00e1cia &#8211; PCD &#8211; S\u00e3o Paulo, SP;<\/span><\/li>\n<li style=\"font-weight: 400\"><span style=\"font-weight: 400\">Enfermeiro (A) &#8211; PCD &#8211; S\u00e3o Paulo, SP;<\/span><\/li>\n<li style=\"font-weight: 400\"><span style=\"font-weight: 400\">Fisioterapeuta &#8211; Itaquaquecetuba &#8211; Esp. Neonatologia &#8211; S\u00e3o Paulo, SP;<\/span><\/li>\n<li style=\"font-weight: 400\"><span style=\"font-weight: 400\">Enfermeiro &#8211; SCIH &#8211; Itaquaquecetuba &#8211; S\u00e3o Paulo, SP.<\/span><\/li>\n<\/ul>\n<figure id=\"attachment_42693\" aria-describedby=\"caption-attachment-42693\" style=\"width: 1200px\" class=\"wp-caption aligncenter\"><img decoding=\"async\" class=\"size-full wp-image-42693\" src=\"https:\/\/99empregos.com.br\/blog\/wp-content\/uploads\/2023\/08\/sta-marcelina-vagas-2023.jpg\" alt=\"A Casa de Sa\u00fade Santa Marcelina EST\u00c1 CONTRATANDO, veja as vagas. Foto: Reprodu\u00e7\u00e3o\" width=\"1200\" height=\"650\" srcset=\"https:\/\/99empregos.com.br\/blog\/wp-content\/uploads\/2023\/08\/sta-marcelina-vagas-2023.jpg 1200w, https:\/\/99empregos.com.br\/blog\/wp-content\/uploads\/2023\/08\/sta-marcelina-vagas-2023-300x163.jpg 300w, https:\/\/99empregos.com.br\/blog\/wp-content\/uploads\/2023\/08\/sta-marcelina-vagas-2023-1024x555.jpg 1024w, https:\/\/99empregos.com.br\/blog\/wp-content\/uploads\/2023\/08\/sta-marcelina-vagas-2023-768x416.jpg 768w\" sizes=\"(max-width: 1200px) 100vw, 1200px\" \/><figcaption id=\"caption-attachment-42693\" class=\"wp-caption-text\">A Casa de Sa\u00fade Santa Marcelina EST\u00c1 CONTRATANDO, veja as vagas. Foto: Reprodu\u00e7\u00e3o<\/figcaption><\/figure>\n<h3>Mais informa\u00e7\u00f5es sobre a Casa de Sa\u00fade Santa Marcelina<\/h3>\n<p>O Hospital Santa Marcelina \u00e9 uma institui\u00e7\u00e3o filantr\u00f3pica e privada, destina 87 por cento do seu atendimento ao Sistema \u00danico de Sa\u00fade, \u00e9 considerada refer\u00eancia de qualidade na presta\u00e7\u00e3o de servi\u00e7os de sa\u00fade na Zona Leste da cidade de S\u00e3o Paulo e uma das mais importantes unidades de sa\u00fade do Estado.<\/p>\n<p>Ao longo desses anos, o hospital buscou aperfei\u00e7oar-se a cada dia, ampliando suas estruturas, investindo em moderniza\u00e7\u00e3o, capacita\u00e7\u00e3o de seus colaboradores e aquisi\u00e7\u00e3o de novos equipamentos. Al\u00e9m, da busca em parcerias governamentais e n\u00e3o governamentais para atender a popula\u00e7\u00e3o com um alto n\u00edvel de presta\u00e7\u00e3o de servi\u00e7o e qualidade.<\/p>\n<h3>Como enviar meu curr\u00edculo?<\/h3>\n<p>Se voc\u00ea encontrou uma vaga que se encaixa no seu perfil profissional, <strong><span style=\"text-decoration: underline\"><a href=\"https:\/\/99empregos.com.br\/vaga\/casa-de-saude-santa-marcelina-abre-novas-vagas-veja\/\">CLIQUE NESTE LINK AQUI<\/a> <\/span><\/strong>e envie o seu curr\u00edculo para l\u00e1 agora mesmo, em menos de 5 minutos. N\u00e3o se esque\u00e7a de conferir todos os dados pessoais antes de confirmar o seu cadastro \u00e0 vaga escolhida. A equipe do 123 Empregos te deseja boa sorte!<\/p>\n<\/div>\n<\/div>\n<\/div>\n<\/div>\n<\/div>\n<\/div>\n","protected":false},"excerpt":{"rendered":"<p>A Casa de Sa\u00fade Santa Marcelina tem o prazer de anunciar a abertura de novas vagas de emprego e essa pode ser a sua chance. Com uma hist\u00f3ria dedicada ao cuidado da sa\u00fade e bem-estar, a institui\u00e7\u00e3o \u00e9 conhecida por sua excel\u00eancia e compromisso. Agora, convida profissionais interessados a se juntarem \u00e0 sua equipe em [&hellip;]<\/p>\n","protected":false},"author":8,"featured_media":42694,"comment_status":"open","ping_status":"closed","sticky":false,"template":"","format":"standard","meta":{"footnotes":""},"categories":[7],"tags":[1544,5,1458,37],"class_list":["post-42691","post","type-post","status-publish","format-standard","has-post-thumbnail","hentry","category-noticias","tag-1544","tag-empregos","tag-saude","tag-vagas"],"_links":{"self":[{"href":"https:\/\/99empregos.com.br\/blog\/wp-json\/wp\/v2\/posts\/42691","targetHints":{"allow":["GET"]}}],"collection":[{"href":"https:\/\/99empregos.com.br\/blog\/wp-json\/wp\/v2\/posts"}],"about":[{"href":"https:\/\/99empregos.com.br\/blog\/wp-json\/wp\/v2\/types\/post"}],"author":[{"embeddable":true,"href":"https:\/\/99empregos.com.br\/blog\/wp-json\/wp\/v2\/users\/8"}],"replies":[{"embeddable":true,"href":"https:\/\/99empregos.com.br\/blog\/wp-json\/wp\/v2\/comments?post=42691"}],"version-history":[{"count":0,"href":"https:\/\/99empregos.com.br\/blog\/wp-json\/wp\/v2\/posts\/42691\/revisions"}],"wp:featuredmedia":[{"embeddable":true,"href":"https:\/\/99empregos.com.br\/blog\/wp-json\/wp\/v2\/media\/42694"}],"wp:attachment":[{"href":"https:\/\/99empregos.com.br\/blog\/wp-json\/wp\/v2\/media?parent=42691"}],"wp:term":[{"taxonomy":"category","embeddable":true,"href":"https:\/\/99empregos.com.br\/blog\/wp-json\/wp\/v2\/categories?post=42691"},{"taxonomy":"post_tag","embeddable":true,"href":"https:\/\/99empregos.com.br\/blog\/wp-json\/wp\/v2\/tags?post=42691"}],"curies":[{"name":"wp","href":"https:\/\/api.w.org\/{rel}","templated":true}]}}