{"id":42723,"date":"2023-08-07T14:54:04","date_gmt":"2023-08-07T17:54:04","guid":{"rendered":"https:\/\/123empregos.com.br\/?p=42723"},"modified":"2025-04-30T16:10:11","modified_gmt":"2025-04-30T19:10:11","slug":"sua-ultima-chance-para-trabalhar-no-tenda-atacado-novas-vagas-abertas-veja-agora","status":"publish","type":"post","link":"https:\/\/99empregos.com.br\/blog\/sua-ultima-chance-para-trabalhar-no-tenda-atacado-novas-vagas-abertas-veja-agora\/","title":{"rendered":"Sua \u00daLTIMA CHANCE para trabalhar no Tenda Atacado: novas vagas abertas, veja agora!"},"content":{"rendered":"<div class=\"group w-full text-token-text-primary border-b border-black\/10 dark:border-gray-900\/50 bg-gray-50 dark:bg-[#444654]\">\n<div class=\"flex p-4 gap-4 text-base md:gap-6 md:max-w-2xl lg:max-w-[38rem] xl:max-w-3xl md:py-6 lg:px-0 m-auto\">\n<div class=\"relative flex w-[calc(100%-50px)] flex-col gap-1 md:gap-3 lg:w-[calc(100%-115px)]\">\n<div class=\"flex flex-grow flex-col gap-3\">\n<div class=\"min-h-[20px] flex flex-col items-start gap-3 overflow-x-auto whitespace-pre-wrap break-words\">\n<div class=\"markdown prose w-full break-words dark:prose-invert light\">\n<p>O <a href=\"https:\/\/www.tendaatacado.com.br\/\" target=\"_blank\" rel=\"noopener\">Tenda<\/a> Atacado acabou de anunciar a <span style=\"text-decoration: underline\"><a href=\"https:\/\/99empregos.com.br\/vaga\/pop-trade-abre-novas-vagas-de-emprego-confira-as-chances-aqui\/\">abertura de novas vagas de emprego,<\/a><\/span> proporcionando oportunidades emocionantes em seu contexto de varejo. Com uma hist\u00f3ria s\u00f3lida e respeit\u00e1vel no setor, o Tenda Atacado \u00e9 conhecido por seu compromisso com pre\u00e7os acess\u00edveis e qualidade para os clientes. Agora, a empresa convida profissionais a se juntarem \u00e0 sua equipe comprometida. Est\u00e1 de olho em uma nova vaga no mercado? Confira as chances abertas por l\u00e1:<\/p>\n<ul>\n<li style=\"font-weight: 400\"><span style=\"font-weight: 400\">Auxiliar de Preven\u00e7\u00e3o de Perdas &#8211; Mogi Gua\u00e7u &#8211; SP;<\/span><\/li>\n<li style=\"font-weight: 400\"><span style=\"font-weight: 400\">Assistente de Mercearia &#8211; Ribeir\u00e3o Preto &#8211; SP;<\/span><\/li>\n<li style=\"font-weight: 400\"><span style=\"font-weight: 400\">Encarregado de Mercearia &#8211; Ribeir\u00e3o Preto &#8211; SP;<\/span><\/li>\n<li style=\"font-weight: 400\"><span style=\"font-weight: 400\">Vendedor Televendas &#8211; S\u00e3o Jos\u00e9 dos Campos &#8211; SP;<\/span><\/li>\n<li style=\"font-weight: 400\"><span style=\"font-weight: 400\">Repositor &#8211; S\u00e3o Jos\u00e9 dos Campos &#8211; SP;<\/span><\/li>\n<li style=\"font-weight: 400\"><span style=\"font-weight: 400\">Operador de Caixa &#8211; Carapicu\u00edba &#8211; SP;<\/span><\/li>\n<li style=\"font-weight: 400\"><span style=\"font-weight: 400\">Operador de Caixa &#8211; S\u00e3o Paulo &#8211; SP;<\/span><\/li>\n<li style=\"font-weight: 400\"><span style=\"font-weight: 400\">Operador de Empilhadeira &#8211; Salto &#8211; SP;<\/span><\/li>\n<li style=\"font-weight: 400\"><span style=\"font-weight: 400\">Estagi\u00e1rio de Preven\u00e7\u00e3o de Perdas &#8211; Mat\u00e3o &#8211; SP;<\/span><\/li>\n<li style=\"font-weight: 400\"><span style=\"font-weight: 400\">Operador de Loja &#8211; Guaratinguet\u00e1 &#8211; SP;<\/span><\/li>\n<li style=\"font-weight: 400\"><span style=\"font-weight: 400\">Atendente de Lanchonete &#8211; Ubatuba &#8211; SP;<\/span><\/li>\n<li style=\"font-weight: 400\"><span style=\"font-weight: 400\">Estagi\u00e1rio Administrativo &#8211; Jur\u00eddico &#8211; Guarulhos &#8211; SP;<\/span><\/li>\n<li style=\"font-weight: 400\"><span style=\"font-weight: 400\">Assistente Administrativo (Transportes) &#8211; Guarulhos &#8211; SP;<\/span><\/li>\n<li style=\"font-weight: 400\"><span style=\"font-weight: 400\">Repositor de Perec\u00edveis &#8211; Ubatuba &#8211; SP;<\/span><\/li>\n<li style=\"font-weight: 400\"><span style=\"font-weight: 400\">Auxiliar de Log\u00edstica &#8211; Guarulhos &#8211; SP.<\/span><\/li>\n<\/ul>\n<figure id=\"attachment_42725\" aria-describedby=\"caption-attachment-42725\" style=\"width: 1200px\" class=\"wp-caption aligncenter\"><img decoding=\"async\" class=\"size-full wp-image-42725\" src=\"https:\/\/99empregos.com.br\/blog\/wp-content\/uploads\/2023\/08\/tenda-vagas-2023.jpg\" alt=\"O Tenda Atacado est\u00e1 com novas vagas de emprego, confira aqui as oportunidades. Foto: Reprodu\u00e7\u00e3o\" width=\"1200\" height=\"650\" srcset=\"https:\/\/99empregos.com.br\/blog\/wp-content\/uploads\/2023\/08\/tenda-vagas-2023.jpg 1200w, https:\/\/99empregos.com.br\/blog\/wp-content\/uploads\/2023\/08\/tenda-vagas-2023-300x163.jpg 300w, https:\/\/99empregos.com.br\/blog\/wp-content\/uploads\/2023\/08\/tenda-vagas-2023-1024x555.jpg 1024w, https:\/\/99empregos.com.br\/blog\/wp-content\/uploads\/2023\/08\/tenda-vagas-2023-768x416.jpg 768w\" sizes=\"(max-width: 1200px) 100vw, 1200px\" \/><figcaption id=\"caption-attachment-42725\" class=\"wp-caption-text\">O Tenda Atacado est\u00e1 com novas vagas de emprego, confira aqui as oportunidades. Foto: Reprodu\u00e7\u00e3o<\/figcaption><\/figure>\n<h3>Mais informa\u00e7\u00f5es sobre o Tenda Atacado<\/h3>\n<p>Somos uma empresa 100% brasileira, refer\u00eancia no atacado e no varejo. Contamos atualmente com um time de mais de 8 mil colaboradores, que vestem a camisa e fazem com que nossas mais de 40 lojas f\u00edsicas, nossa loja online e nossos servi\u00e7os proporcionem sempre bons neg\u00f3cios para consumidores finais, transformadores e comerciantes.<\/p>\n<p>Buscamos pessoas que, assim como n\u00f3s, tenham vontade de fazer a diferen\u00e7a, gostem de desafios e partilhem dos nossos valores. Voc\u00ea se identificou com a gente e quer fazer parte desse time? Inscreva-se j\u00e1 nas nossas oportunidades dispon\u00edveis!<\/p>\n<h3>Como se candidatar \u00e0s vagas de emprego por l\u00e1?<\/h3>\n<p>Se voc\u00ea encontrou uma vaga que se encaixa no seu perfil profissional, <strong><span style=\"text-decoration: underline\"><a href=\"https:\/\/99empregos.com.br\/vaga\/tenda-atacado-abre-novas-vagas-confira-e-candidate-se-aqui\/\">CLIQUE NESTE LINK AQUI<\/a> <\/span><\/strong>e envie o seu curr\u00edculo para l\u00e1 agora mesmo, em menos de 5 minutos. N\u00e3o se esque\u00e7a de conferir todos os dados pessoais antes de confirmar o seu cadastro \u00e0 vaga escolhida. A equipe do 123 Empregos te deseja boa sorte!<\/p>\n<\/div>\n<\/div>\n<\/div>\n<\/div>\n<\/div>\n<\/div>\n","protected":false},"excerpt":{"rendered":"<p>O Tenda Atacado acabou de anunciar a abertura de novas vagas de emprego, proporcionando oportunidades emocionantes em seu contexto de varejo. Com uma hist\u00f3ria s\u00f3lida e respeit\u00e1vel no setor, o Tenda Atacado \u00e9 conhecido por seu compromisso com pre\u00e7os acess\u00edveis e qualidade para os clientes. Agora, a empresa convida profissionais a se juntarem \u00e0 sua [&hellip;]<\/p>\n","protected":false},"author":8,"featured_media":42726,"comment_status":"open","ping_status":"closed","sticky":false,"template":"","format":"standard","meta":{"footnotes":""},"categories":[7],"tags":[5,734,3251],"class_list":["post-42723","post","type-post","status-publish","format-standard","has-post-thumbnail","hentry","category-noticias","tag-empregos","tag-novas-vagas","tag-salarios"],"_links":{"self":[{"href":"https:\/\/99empregos.com.br\/blog\/wp-json\/wp\/v2\/posts\/42723","targetHints":{"allow":["GET"]}}],"collection":[{"href":"https:\/\/99empregos.com.br\/blog\/wp-json\/wp\/v2\/posts"}],"about":[{"href":"https:\/\/99empregos.com.br\/blog\/wp-json\/wp\/v2\/types\/post"}],"author":[{"embeddable":true,"href":"https:\/\/99empregos.com.br\/blog\/wp-json\/wp\/v2\/users\/8"}],"replies":[{"embeddable":true,"href":"https:\/\/99empregos.com.br\/blog\/wp-json\/wp\/v2\/comments?post=42723"}],"version-history":[{"count":0,"href":"https:\/\/99empregos.com.br\/blog\/wp-json\/wp\/v2\/posts\/42723\/revisions"}],"wp:featuredmedia":[{"embeddable":true,"href":"https:\/\/99empregos.com.br\/blog\/wp-json\/wp\/v2\/media\/42726"}],"wp:attachment":[{"href":"https:\/\/99empregos.com.br\/blog\/wp-json\/wp\/v2\/media?parent=42723"}],"wp:term":[{"taxonomy":"category","embeddable":true,"href":"https:\/\/99empregos.com.br\/blog\/wp-json\/wp\/v2\/categories?post=42723"},{"taxonomy":"post_tag","embeddable":true,"href":"https:\/\/99empregos.com.br\/blog\/wp-json\/wp\/v2\/tags?post=42723"}],"curies":[{"name":"wp","href":"https:\/\/api.w.org\/{rel}","templated":true}]}}