{"id":42728,"date":"2023-08-07T15:00:29","date_gmt":"2023-08-07T18:00:29","guid":{"rendered":"https:\/\/123empregos.com.br\/?p=42728"},"modified":"2023-08-07T15:00:29","modified_gmt":"2023-08-07T18:00:29","slug":"vagas-abertas-tel-telematica-contrata-para-agosto-veja-a-lista-completa-de-oportunidades","status":"publish","type":"post","link":"https:\/\/99empregos.com.br\/blog\/vagas-abertas-tel-telematica-contrata-para-agosto-veja-a-lista-completa-de-oportunidades\/","title":{"rendered":"VAGAS ABERTAS: Tel Telematica contrata para agosto, veja a lista completa de oportunidades"},"content":{"rendered":"<p>A Tel Telematica acabou de anunciar a abertura de <span style=\"text-decoration: underline\"><a href=\"https:\/\/99empregos.com.br\/vaga\/zaraplast-abre-novas-vagas-de-emprego-veja-a-lista-completa\/\">novas vagas de emprego,<\/a><\/span> proporcionando oportunidades emocionantes em seu contexto de varejo. Com uma hist\u00f3ria s\u00f3lida e respeit\u00e1vel no setor, a Tel \u00e9 conhecida por seu compromisso com pre\u00e7os acess\u00edveis e qualidade para os clientes. Agora, a empresa convida profissionais a se juntarem \u00e0 sua equipe comprometida. Est\u00e1 de olho em uma nova vaga no mercado? Confira as chances abertas por l\u00e1:<\/p>\n<ul>\n<li style=\"font-weight: 400\"><span style=\"font-weight: 400\">Supervisor de Opera\u00e7\u00f5es (Canais Digitais, Voz e Vendas) &#8211; Barueri &#8211; SP;<\/span><\/li>\n<li style=\"font-weight: 400\"><span style=\"font-weight: 400\">Analista de Planejamento Estrat\u00e9gico SR &#8211; Barueri &#8211; SP;<\/span><\/li>\n<li style=\"font-weight: 400\"><span style=\"font-weight: 400\">Operador de Atendimento Receptivo &#8211; Barueri &#8211; SP;<\/span><\/li>\n<li style=\"font-weight: 400\"><span style=\"font-weight: 400\">T\u00e9cnico de Suporte de TI &#8211; Feira de Santana &#8211; BA;<\/span><\/li>\n<li style=\"font-weight: 400\"><span style=\"font-weight: 400\">Consultor de Vendas &#8211; Barueri &#8211; SP;<\/span><\/li>\n<li style=\"font-weight: 400\"><span style=\"font-weight: 400\">Operador de Telemarketing Ativo e Receptivo &#8211; Vaga Exclusiva para PCD &#8211; Salvador &#8211; BA;<\/span><\/li>\n<li style=\"font-weight: 400\"><span style=\"font-weight: 400\">Operador de Call Center &#8211; Receptivo &#8211; Barueri &#8211; SP;<\/span><\/li>\n<li style=\"font-weight: 400\"><span style=\"font-weight: 400\">Operador de Telemarketing Ativo e Receptivo &#8211; Salvador &#8211; BA;<\/span><\/li>\n<li style=\"font-weight: 400\"><span style=\"font-weight: 400\">Operador de Atendimento Receptivo &#8211; Barueri &#8211; SP;<\/span><\/li>\n<li style=\"font-weight: 400\"><span style=\"font-weight: 400\">Banco de Talentos &#8211; Operador Receptivo &#8211; Barueri &#8211; SP;<\/span><\/li>\n<li style=\"font-weight: 400\"><span style=\"font-weight: 400\">Banco de Talentos &#8211; Operador Ativo de Vendas &#8211; Barueri &#8211; SP;<\/span><\/li>\n<li style=\"font-weight: 400\"><span style=\"font-weight: 400\">Supervisor(a) de Polo &#8211; Barueri &#8211; SP;<\/span><\/li>\n<li style=\"font-weight: 400\"><span style=\"font-weight: 400\">Agente de Atendimento Receptivo &#8211; Barueri &#8211; SP;<\/span><\/li>\n<li style=\"font-weight: 400\"><span style=\"font-weight: 400\">Instrutor de Treinamento &#8211; Barueri &#8211; SP;<\/span><\/li>\n<li style=\"font-weight: 400\"><span style=\"font-weight: 400\">Consultor de Vendas &#8211; Barueri &#8211; SP.<\/span><\/li>\n<\/ul>\n<figure id=\"attachment_42731\" aria-describedby=\"caption-attachment-42731\" style=\"width: 1200px\" class=\"wp-caption aligncenter\"><img decoding=\"async\" class=\"size-full wp-image-42731\" src=\"https:\/\/99empregos.com.br\/blog\/wp-content\/uploads\/2023\/08\/tel-vagas-2023.jpg\" alt=\"A Tel Telem\u00e1tica est\u00e1 com novas vagas de emprego, confira as oportunidades. Foto: Reprodu\u00e7\u00e3o\" width=\"1200\" height=\"650\" srcset=\"https:\/\/99empregos.com.br\/blog\/wp-content\/uploads\/2023\/08\/tel-vagas-2023.jpg 1200w, https:\/\/99empregos.com.br\/blog\/wp-content\/uploads\/2023\/08\/tel-vagas-2023-300x163.jpg 300w, https:\/\/99empregos.com.br\/blog\/wp-content\/uploads\/2023\/08\/tel-vagas-2023-1024x555.jpg 1024w, https:\/\/99empregos.com.br\/blog\/wp-content\/uploads\/2023\/08\/tel-vagas-2023-768x416.jpg 768w\" sizes=\"(max-width: 1200px) 100vw, 1200px\" \/><figcaption id=\"caption-attachment-42731\" class=\"wp-caption-text\">A Tel Telem\u00e1tica est\u00e1 com novas vagas de emprego, confira as oportunidades. Foto: Reprodu\u00e7\u00e3o<\/figcaption><\/figure>\n<h3>Mais informa\u00e7\u00f5es sobre a Tel Telematica<\/h3>\n<p>Entre as 7 principais empresas de Gest\u00e3o do Relacionamento com Cliente (CRM) do Brasil, h\u00e1 mais de 30 anos a Tel inova no desenvolvimento de solu\u00e7\u00f5es customizadas, de alto valor, com um time especializado em entender o seu neg\u00f3cio, apoiada em uma arquitetura tecnol\u00f3gica ampla e transformadora.<\/p>\n<h3>Como se candidatar \u00e0s vagas de emprego?<\/h3>\n<p>Se voc\u00ea encontrou uma vaga que se encaixa no seu perfil profissional, <strong><span style=\"text-decoration: underline\"><a href=\"https:\/\/99empregos.com.br\/vaga\/tel-telematica-abre-novas-vagas-de-emprego-confira-aqui-as-oportunidades\/\">CLIQUE NESTE LINK AQUI<\/a> <\/span><\/strong>e envie o seu curr\u00edculo para l\u00e1 agora mesmo, em menos de 5 minutos. N\u00e3o se esque\u00e7a de conferir todos os dados pessoais antes de confirmar o seu cadastro \u00e0 vaga escolhida. A equipe do 123 Empregos te deseja boa sorte!<\/p>\n","protected":false},"excerpt":{"rendered":"<p>A Tel Telematica acabou de anunciar a abertura de novas vagas de emprego, proporcionando oportunidades emocionantes em seu contexto de varejo. Com uma hist\u00f3ria s\u00f3lida e respeit\u00e1vel no setor, a Tel \u00e9 conhecida por seu compromisso com pre\u00e7os acess\u00edveis e qualidade para os clientes. Agora, a empresa convida profissionais a se juntarem \u00e0 sua equipe [&hellip;]<\/p>\n","protected":false},"author":8,"featured_media":42732,"comment_status":"open","ping_status":"closed","sticky":false,"template":"","format":"standard","meta":{"footnotes":""},"categories":[7],"tags":[1544,5,734,37],"class_list":["post-42728","post","type-post","status-publish","format-standard","has-post-thumbnail","hentry","category-noticias","tag-1544","tag-empregos","tag-novas-vagas","tag-vagas"],"_links":{"self":[{"href":"https:\/\/99empregos.com.br\/blog\/wp-json\/wp\/v2\/posts\/42728","targetHints":{"allow":["GET"]}}],"collection":[{"href":"https:\/\/99empregos.com.br\/blog\/wp-json\/wp\/v2\/posts"}],"about":[{"href":"https:\/\/99empregos.com.br\/blog\/wp-json\/wp\/v2\/types\/post"}],"author":[{"embeddable":true,"href":"https:\/\/99empregos.com.br\/blog\/wp-json\/wp\/v2\/users\/8"}],"replies":[{"embeddable":true,"href":"https:\/\/99empregos.com.br\/blog\/wp-json\/wp\/v2\/comments?post=42728"}],"version-history":[{"count":0,"href":"https:\/\/99empregos.com.br\/blog\/wp-json\/wp\/v2\/posts\/42728\/revisions"}],"wp:featuredmedia":[{"embeddable":true,"href":"https:\/\/99empregos.com.br\/blog\/wp-json\/wp\/v2\/media\/42732"}],"wp:attachment":[{"href":"https:\/\/99empregos.com.br\/blog\/wp-json\/wp\/v2\/media?parent=42728"}],"wp:term":[{"taxonomy":"category","embeddable":true,"href":"https:\/\/99empregos.com.br\/blog\/wp-json\/wp\/v2\/categories?post=42728"},{"taxonomy":"post_tag","embeddable":true,"href":"https:\/\/99empregos.com.br\/blog\/wp-json\/wp\/v2\/tags?post=42728"}],"curies":[{"name":"wp","href":"https:\/\/api.w.org\/{rel}","templated":true}]}}