{"id":42736,"date":"2023-08-07T15:05:25","date_gmt":"2023-08-07T18:05:25","guid":{"rendered":"https:\/\/123empregos.com.br\/?p=42736"},"modified":"2025-04-30T16:08:48","modified_gmt":"2025-04-30T19:08:48","slug":"vagas-para-agosto-extrafarma-anuncia-lista-oficial-e-contrata-hoje-mesmo-veja-aqui","status":"publish","type":"post","link":"https:\/\/99empregos.com.br\/blog\/vagas-para-agosto-extrafarma-anuncia-lista-oficial-e-contrata-hoje-mesmo-veja-aqui\/","title":{"rendered":"VAGAS PARA AGOSTO: Extrafarma anuncia LISTA OFICIAL e contrata hoje mesmo, veja aqui!"},"content":{"rendered":"<div class=\"group w-full text-token-text-primary border-b border-black\/10 dark:border-gray-900\/50 bg-gray-50 dark:bg-[#444654]\">\n<div class=\"flex p-4 gap-4 text-base md:gap-6 md:max-w-2xl lg:max-w-[38rem] xl:max-w-3xl md:py-6 lg:px-0 m-auto\">\n<div class=\"relative flex w-[calc(100%-50px)] flex-col gap-1 md:gap-3 lg:w-[calc(100%-115px)]\">\n<div class=\"flex flex-grow flex-col gap-3\">\n<div class=\"min-h-[20px] flex flex-col items-start gap-3 overflow-x-auto whitespace-pre-wrap break-words\">\n<div class=\"markdown prose w-full break-words dark:prose-invert light\">\n<div class=\"group w-full text-token-text-primary border-b border-black\/10 dark:border-gray-900\/50 bg-gray-50 dark:bg-[#444654]\">\n<div class=\"flex p-4 gap-4 text-base md:gap-6 md:max-w-2xl lg:max-w-[38rem] xl:max-w-3xl md:py-6 lg:px-0 m-auto\">\n<div class=\"relative flex w-[calc(100%-50px)] flex-col gap-1 md:gap-3 lg:w-[calc(100%-115px)]\">\n<div class=\"flex flex-grow flex-col gap-3\">\n<div class=\"min-h-[20px] flex flex-col items-start gap-3 overflow-x-auto whitespace-pre-wrap break-words\">\n<div class=\"markdown prose w-full break-words dark:prose-invert light\">\n<p>A <a href=\"https:\/\/www.extrafarma.com.br\/\" target=\"_blank\" rel=\"noopener\">Extrafarma<\/a> anunciou h\u00e1 poucas horas a abertura de <span style=\"text-decoration: underline\"><a href=\"https:\/\/99empregos.com.br\/trabalhe-na-logistica-pop-trade-anuncia-a-abertura-de-novas-vagas-de-emprego-veja-aqui\/\">novas vagas de emprego<\/a> <\/span>em sua companhia, oferecendo oportunidades especiais para quem quer trabalhar no setor farmac\u00eautico. Desde sua funda\u00e7\u00e3o, a empresa tem sido uma figura proeminente no mercado, oferecendo uma variedade de produtos farmac\u00eauticos e cuidados com a sa\u00fade. Agora, convida indiv\u00edduos a se unirem \u00e0 sua equipe comprometida, proporcionando um ambiente prop\u00edcio para crescimento profissional e contribui\u00e7\u00e3o para a miss\u00e3o de promover o bem-estar dos clientes. Confira abaixo a lista completa de vagas:<\/p>\n<ul>\n<li style=\"font-weight: 400\"><span style=\"font-weight: 400\">Aprendiz &#8211; S\u00e3o Lu\u00eds &#8211; MA;<\/span><\/li>\n<li style=\"font-weight: 400\"><span style=\"font-weight: 400\">Auxiliar de Invent\u00e1rio &#8211; Todo Brasil;<\/span><\/li>\n<li style=\"font-weight: 400\"><span style=\"font-weight: 400\">Auxiliar de Dep\u00f3sito &#8211; Hidrol\u00e2ndia &#8211; GO;<\/span><\/li>\n<li style=\"font-weight: 400\"><span style=\"font-weight: 400\">Consultor de Atendimento I &#8211; Petrolina &#8211; PE;<\/span><\/li>\n<li style=\"font-weight: 400\"><span style=\"font-weight: 400\">Auxiliar de Invent\u00e1rios &#8211; Bel\u00e9m &#8211; PA;<\/span><\/li>\n<li style=\"font-weight: 400\"><span style=\"font-weight: 400\">Auxiliar de Invent\u00e1rios &#8211; S\u00e3o Paulo &#8211; SP;<\/span><\/li>\n<li style=\"font-weight: 400\"><span style=\"font-weight: 400\">Auxiliar de Invent\u00e1rios &#8211; Manaus &#8211; AM;<\/span><\/li>\n<li style=\"font-weight: 400\"><span style=\"font-weight: 400\">Operador de Empilhadeira &#8211; Guarulhos &#8211; SP;<\/span><\/li>\n<li style=\"font-weight: 400\"><span style=\"font-weight: 400\">Auxiliar Log\u00edstica &#8211; Guarulhos &#8211; SP;<\/span><\/li>\n<li style=\"font-weight: 400\"><span style=\"font-weight: 400\">Pessoa Farmac\u00eautica Ferista &#8211; Marab\u00e1 &#8211; PA;<\/span><\/li>\n<li style=\"font-weight: 400\"><span style=\"font-weight: 400\">Pessoa Farmac\u00eautica &#8211; Santar\u00e9m &#8211; PA;<\/span><\/li>\n<li style=\"font-weight: 400\"><span style=\"font-weight: 400\">Pessoa Farmac\u00eautica &#8211; Vigia &#8211; PA;<\/span><\/li>\n<li style=\"font-weight: 400\"><span style=\"font-weight: 400\">Pessoa Farmac\u00eautica Folguista &#8211; Paragominas &#8211; PA;<\/span><\/li>\n<li style=\"font-weight: 400\"><span style=\"font-weight: 400\">Operador de Caixa &#8211; Marab\u00e1\/PA &#8211; Bel\u00e9m &#8211; PA;<\/span><\/li>\n<li style=\"font-weight: 400\"><span style=\"font-weight: 400\">Operador de Caixa &#8211; &#8211; Bel\u00e9m &#8211; PA.<\/span><\/li>\n<\/ul>\n<figure id=\"attachment_42745\" aria-describedby=\"caption-attachment-42745\" style=\"width: 1200px\" class=\"wp-caption aligncenter\"><img decoding=\"async\" class=\"size-full wp-image-42745\" src=\"https:\/\/99empregos.com.br\/blog\/wp-content\/uploads\/2023\/08\/extrafarma-vagas-2023.jpg\" alt=\"A Extrafarma est\u00e1 com novas vagas de emprego, confira aqui as chances dispon\u00edveis. Foto: Reprodu\u00e7\u00e3o\" width=\"1200\" height=\"650\" srcset=\"https:\/\/99empregos.com.br\/blog\/wp-content\/uploads\/2023\/08\/extrafarma-vagas-2023.jpg 1200w, https:\/\/99empregos.com.br\/blog\/wp-content\/uploads\/2023\/08\/extrafarma-vagas-2023-300x163.jpg 300w, https:\/\/99empregos.com.br\/blog\/wp-content\/uploads\/2023\/08\/extrafarma-vagas-2023-1024x555.jpg 1024w, https:\/\/99empregos.com.br\/blog\/wp-content\/uploads\/2023\/08\/extrafarma-vagas-2023-768x416.jpg 768w\" sizes=\"(max-width: 1200px) 100vw, 1200px\" \/><figcaption id=\"caption-attachment-42745\" class=\"wp-caption-text\">A Extrafarma est\u00e1 com novas vagas de emprego, confira aqui as chances dispon\u00edveis. Foto: Reprodu\u00e7\u00e3o<\/figcaption><\/figure>\n<h3>Mais informa\u00e7\u00f5es sobre a Extrafarma<\/h3>\n<div class=\"advisor-content-block\">\n<div class=\"advisor-description-wrap jsDescWrapper\">\n<div class=\"advisor-description clearfix jsAdvisorDescription\">\n<div class=\"advisor-p\">A Extrafarma, \u00e9 uma empresa nacional de grande porte, atuamos no segmento varejista, possu\u00edmos mais de 340 lojas e temos forte atua\u00e7\u00e3o nas regi\u00f5es Norte e Nordeste do pais, a rede faz parte do Ultra, um dos maiores grupos empresariais do Brasil.<\/div>\n<h3>Como se candidatar?<\/h3>\n<p>Se voc\u00ea encontrou uma vaga que se encaixa no seu perfil profissional, <strong><span style=\"text-decoration: underline\"><a href=\"https:\/\/99empregos.com.br\/vaga\/extrafarma-abre-novas-vagas-confira-as-oportunidades-e-candidate-se\/\">CLIQUE NESTE LINK AQUI<\/a><\/span><\/strong> e envie o seu curr\u00edculo para l\u00e1 agora mesmo, em menos de 5 minutos. N\u00e3o se esque\u00e7a de conferir todos os dados pessoais antes de confirmar o seu cadastro \u00e0 vaga escolhida. A equipe do 123 Empregos te deseja boa sorte!<\/p>\n<\/div>\n<\/div>\n<\/div>\n<\/div>\n<\/div>\n<\/div>\n<\/div>\n<\/div>\n<\/div>\n<\/div>\n<\/div>\n<\/div>\n<\/div>\n<\/div>\n<\/div>\n","protected":false},"excerpt":{"rendered":"<p>A Extrafarma anunciou h\u00e1 poucas horas a abertura de novas vagas de emprego em sua companhia, oferecendo oportunidades especiais para quem quer trabalhar no setor farmac\u00eautico. Desde sua funda\u00e7\u00e3o, a empresa tem sido uma figura proeminente no mercado, oferecendo uma variedade de produtos farmac\u00eauticos e cuidados com a sa\u00fade. Agora, convida indiv\u00edduos a se unirem [&hellip;]<\/p>\n","protected":false},"author":8,"featured_media":42746,"comment_status":"open","ping_status":"closed","sticky":false,"template":"","format":"standard","meta":{"footnotes":""},"categories":[7],"tags":[1544,5,3176,734,3255,37],"class_list":["post-42736","post","type-post","status-publish","format-standard","has-post-thumbnail","hentry","category-noticias","tag-1544","tag-empregos","tag-extrafarma","tag-novas-vagas","tag-salarios-hoje","tag-vagas"],"_links":{"self":[{"href":"https:\/\/99empregos.com.br\/blog\/wp-json\/wp\/v2\/posts\/42736","targetHints":{"allow":["GET"]}}],"collection":[{"href":"https:\/\/99empregos.com.br\/blog\/wp-json\/wp\/v2\/posts"}],"about":[{"href":"https:\/\/99empregos.com.br\/blog\/wp-json\/wp\/v2\/types\/post"}],"author":[{"embeddable":true,"href":"https:\/\/99empregos.com.br\/blog\/wp-json\/wp\/v2\/users\/8"}],"replies":[{"embeddable":true,"href":"https:\/\/99empregos.com.br\/blog\/wp-json\/wp\/v2\/comments?post=42736"}],"version-history":[{"count":0,"href":"https:\/\/99empregos.com.br\/blog\/wp-json\/wp\/v2\/posts\/42736\/revisions"}],"wp:featuredmedia":[{"embeddable":true,"href":"https:\/\/99empregos.com.br\/blog\/wp-json\/wp\/v2\/media\/42746"}],"wp:attachment":[{"href":"https:\/\/99empregos.com.br\/blog\/wp-json\/wp\/v2\/media?parent=42736"}],"wp:term":[{"taxonomy":"category","embeddable":true,"href":"https:\/\/99empregos.com.br\/blog\/wp-json\/wp\/v2\/categories?post=42736"},{"taxonomy":"post_tag","embeddable":true,"href":"https:\/\/99empregos.com.br\/blog\/wp-json\/wp\/v2\/tags?post=42736"}],"curies":[{"name":"wp","href":"https:\/\/api.w.org\/{rel}","templated":true}]}}